{"id":110687,"date":"2025-12-08T06:59:10","date_gmt":"2025-12-08T06:59:10","guid":{"rendered":"https:\/\/www.europesays.com\/fi\/110687\/"},"modified":"2025-12-08T06:59:10","modified_gmt":"2025-12-08T06:59:10","slug":"dokumentaristi-manu-kerola-rosso-elokuvan-jaljilla-olisi-mukava-kuulla-jos-joku-tunnistaa-itsensa-tai-autonsa-kuvista","status":"publish","type":"post","link":"https:\/\/www.europesays.com\/fi\/110687\/","title":{"rendered":"Dokumentaristi Manu Kerola Rosso-elokuvan j\u00e4ljill\u00e4: \u201dOlisi mukava kuulla jos joku tunnistaa itsens\u00e4 tai autonsa kuvista\u201d"},"content":{"rendered":"<p>                                  Kokkola-lehti<\/p>\n<p class=\"ew-preamble\" itemprop=\"description\">Kokkolan kaupunginkirjastoon rakentui mielenkiintoinen valokuvan\u00e4yttely. Kyseess\u00e4 on Rosson Pohjanmaa &#8211; silloin ja nyt -niminen n\u00e4yttely.<\/p>\n<p>                <img loading=\"lazy\" decoding=\"async\" itemprop=\"contentUrl\" class=\"figure-img img-fluid\"  src=\"https:\/\/www.europesays.com\/fi\/wp-content\/uploads\/2025\/12\/1765177150_248_imengine.public.prod.hil.infomaker.io\" width=\"1920\" height=\"1080\"  alt=\"\"\/><\/p>\n<p>                                    Manu Kerola on laittanut kartalle elokuvan road tripin.<br \/>\n                                                    Kuva:<br \/>\n                    Minna Mustonen<\/p>\n<p>      MAINOS &#8211; juttu jatkuu mainoksen j\u00e4lkeen<\/p>\n<p>      MAINOS &#8211; mainos p\u00e4\u00e4ttyy<\/p>\n<p class=\"ew-body\">Mika Kaurism\u00e4en ohjausty\u00f6 Rosso, vuonna 1985 ensi-iltaan tullut elokuva, t\u00e4ytti t\u00e4n\u00e4 vuonna 40 vuotta. Suurin osa elokuvan kuvauksista tehtiin Pohjanmaalla ja monet sen kohtauksista sijoitettiin tavalla tai toisella uhanalaisiin paikkoihin.<\/p>\n<p class=\"ew-body\">Leffaan ihastunut kokkolalaisdokumentaristi Manu Kerola kier<\/p>\n<p>  <a class=\"btn btn-secondary btn-icon-left\" href=\"#coral_thread\"><br \/>\n    <img decoding=\"async\" src=\"https:\/\/www.keskipohjanmaa.fi\/wp-content\/themes\/hilla-theme\/assets\/img\/icon_comments.svg\" alt=\"\"\/><br \/>\n    Kommentoi<br \/>\n    \u00a0(0)<br \/>\n  <\/a><\/p>\n<p>  <a class=\"btn btn-secondary btn-icon-left mailto_web\" href=\"mailto:toimitus@keskipohjanmaa.fi?subject=Ilmoita%20asiavirheest%C3%A4&amp;body=Otsikko%3A%20Dokumentaristi%20Manu%20Kerola%20Rosso-elokuvan%20j%C3%A4ljill%C3%A4%3A%20%E2%80%9DOlisi%20mukava%20kuulla%20jos%20joku%20tunnistaa%20itsens%C3%A4%20tai%20autonsa%20kuvista%E2%80%9D%0AUuid%3A%207b0578c6-2f22-45fb-9a19-6ce9cb29e997%0AUrl%3A%20https%3A%2F%2Fwww.keskipohjanmaa.fi%2Fartikkeli%2Fdokumentaristi-manu-kerola-rosso-elokuvan-jaljilla-olisi-mukava-kuulla-jos-joku-tunnistaa-itsensa\"><br \/>\n    <img decoding=\"async\" src=\"https:\/\/www.keskipohjanmaa.fi\/wp-content\/themes\/hilla-theme\/assets\/img\/icon_feedback.svg\" alt=\"\"\/><br \/>\n    Ilmoita asiavirheest\u00e4<br \/>\n  <\/a><\/p>\n","protected":false},"excerpt":{"rendered":"Kokkola-lehti Kokkolan kaupunginkirjastoon rakentui mielenkiintoinen valokuvan\u00e4yttely. Kyseess\u00e4 on Rosson Pohjanmaa &#8211; silloin ja nyt -niminen n\u00e4yttely. Manu Kerola&hellip;\n","protected":false},"author":2,"featured_media":110688,"comment_status":"","ping_status":"","sticky":false,"template":"","format":"standard","meta":{"footnotes":""},"categories":[131],"tags":[155,137,33,173,31,30,172,32,109],"class_list":{"0":"post-110687","1":"post","2":"type-post","3":"status-publish","4":"format-standard","5":"has-post-thumbnail","7":"category-elokuvat","8":"tag-elokuvat","9":"tag-entertainment","10":"tag-fi","11":"tag-film","12":"tag-finland","13":"tag-finnish","14":"tag-movies","15":"tag-suomi","16":"tag-viihde"},"share_on_mastodon":{"url":"https:\/\/pubeurope.com\/@fi\/115682657530067243","error":""},"_links":{"self":[{"href":"https:\/\/www.europesays.com\/fi\/wp-json\/wp\/v2\/posts\/110687","targetHints":{"allow":["GET"]}}],"collection":[{"href":"https:\/\/www.europesays.com\/fi\/wp-json\/wp\/v2\/posts"}],"about":[{"href":"https:\/\/www.europesays.com\/fi\/wp-json\/wp\/v2\/types\/post"}],"author":[{"embeddable":true,"href":"https:\/\/www.europesays.com\/fi\/wp-json\/wp\/v2\/users\/2"}],"replies":[{"embeddable":true,"href":"https:\/\/www.europesays.com\/fi\/wp-json\/wp\/v2\/comments?post=110687"}],"version-history":[{"count":0,"href":"https:\/\/www.europesays.com\/fi\/wp-json\/wp\/v2\/posts\/110687\/revisions"}],"wp:featuredmedia":[{"embeddable":true,"href":"https:\/\/www.europesays.com\/fi\/wp-json\/wp\/v2\/media\/110688"}],"wp:attachment":[{"href":"https:\/\/www.europesays.com\/fi\/wp-json\/wp\/v2\/media?parent=110687"}],"wp:term":[{"taxonomy":"category","embeddable":true,"href":"https:\/\/www.europesays.com\/fi\/wp-json\/wp\/v2\/categories?post=110687"},{"taxonomy":"post_tag","embeddable":true,"href":"https:\/\/www.europesays.com\/fi\/wp-json\/wp\/v2\/tags?post=110687"}],"curies":[{"name":"wp","href":"https:\/\/api.w.org\/{rel}","templated":true}]}}