{"id":110740,"date":"2025-12-08T08:19:08","date_gmt":"2025-12-08T08:19:08","guid":{"rendered":"https:\/\/www.europesays.com\/fi\/110740\/"},"modified":"2025-12-08T08:19:08","modified_gmt":"2025-12-08T08:19:08","slug":"poliisi-epailee-rikosta-tehtaan-kentan-tulipalossa-valkeakoskella-uutissuomalainen","status":"publish","type":"post","link":"https:\/\/www.europesays.com\/fi\/110740\/","title":{"rendered":"Poliisi ep\u00e4ilee rikosta Tehtaan kent\u00e4n tulipalossa Valkeakoskella | Uutissuomalainen"},"content":{"rendered":"<p>Poliisi ep\u00e4ilee rikosta sunnuntaisessa Valkeakosken Tehtaan kent\u00e4n tulipalossa. Sis\u00e4-Suomen poliisi <a href=\"https:\/\/poliisi.fi\/-\/poliisi-epailee-rikosta-eilen-valkeakosken-tehtaankentalla-sattuneessa-tulipalossa\" rel=\"nofollow noopener\" target=\"_blank\">kertoo<\/a> tutkivansa tapahtunutta tuhoty\u00f6n\u00e4.<\/p>\n<p>Rikoskomisario Maijastiina Tammisto kertoo maanantaiaamuna STT:lle, ett\u00e4 tutkinta palopaikalla on k\u00e4ynnistynyt. Poliisi ei Tammiston mukaan tiedota t\u00e4ss\u00e4 vaiheessa asiasta enemp\u00e4\u00e4, mutta lis\u00e4tietoja voi olla odotettavissa my\u00f6hemmin viikolla.<\/p>\n<p>Tapahtuneesta ei poliisin mukaan aiheutunut henkil\u00f6vahinkoja.<\/p>\n<p>Tehtaan kent\u00e4n p\u00e4\u00e4tykatsomon l\u00e4hes kokonaan tuhonneen tulipalon j\u00e4lkivartiointi on sujunut y\u00f6n aikana ilman isompaa dramatiikkaa. Tilannetta kommentoi STT:lle maanantaina ennen aamukuutta p\u00e4ivyst\u00e4v\u00e4 palomestari Joni Evikoski Pirkanmaan pelastuslaitoksen tilanne- ja johtokeskuksesta.<\/p>\n<p>Pelastuslaitoksen viimeinen yksikk\u00f6 l\u00e4hti palopaikalta alkuy\u00f6st\u00e4 puoli yhden aikaan. Pelastustoiminta kohteessa on virallisesti p\u00e4\u00e4ttynyt, ja j\u00e4lkivartiointi on ollut y\u00f6n aikana kohteen omistajan vastuulla.<\/p>\n<p>Pelastuslaitokselta k\u00e4vi viel\u00e4 yksi yksikk\u00f6 kolmen aikaan tekem\u00e4ss\u00e4 j\u00e4lkisammutusta, kun j\u00e4lkivartioinnin yhteydess\u00e4 oli l\u00f6ytynyt y\u00f6ll\u00e4 pieni kyt\u00f6palo.<\/p>\n<p>\u2013\u2009Hiilloksia, jotka siell\u00e4 olivat l\u00e4hteneet uudelleen l\u00e4mpenem\u00e4\u00e4n. Liekkej\u00e4 ei varsinaisesti ollut, palomestari Evij\u00e4rvi tarkensi STT:lle.<\/p>\n<p>Evij\u00e4rven mukaan tapauksesta on laitettu palontutkijoille viesti\u00e4. Pelastuslaitoksen mahdollinen jatkotoiminta katsomopalon osalta selvinnee maanantaina p\u00e4iv\u00e4n mittaan.<\/p>\n<p>Enimmill\u00e4\u00e4n paikan p\u00e4\u00e4ll\u00e4 oli Evij\u00e4rven mukaan kymmenen yksikk\u00f6\u00e4. Pahimmillaan palotilanne oli h\u00e4nen mukaansa silloin, kun ensimm\u00e4inen yksikk\u00f6 p\u00e4\u00e4si kohteeseen. Katsomo oli tuolloin jo ilmiliekeiss\u00e4.<\/p>\n<p>\t\t\t\tHaka pelannut kent\u00e4ll\u00e4 vuosikymmeni\u00e4<\/p>\n<p>Pelastuslaitos sai teht\u00e4v\u00e4n tulipalosta Tehtaankadulla sijaitsevalle stadionille sunnuntaina hieman iltakahdeksan j\u00e4lkeen.<\/p>\n<p>Tehtaan kentt\u00e4 on jalkapalloseura FC Hakan kotikentt\u00e4, jonka omistaa Valkeakosken Tehtis. STT:n sunnuntaina puhelimitse tavoittama Tehtiksen toimitusjohtaja Erkki Kuivaj\u00e4rvi kuvaili uutista palosta surulliseksi.<\/p>\n<p>Kuivaj\u00e4rven mukaan kentt\u00e4 on rakas ja merkityksellinen my\u00f6s valkeakoskelaisille. Kentt\u00e4 sijaitsee Valkeakosken keskustan tuntumassa.<\/p>\n<p>Kentt\u00e4 on hyvin perinteik\u00e4s, sill\u00e4 Haka on pelannut sill\u00e4 <a href=\"http:\/\/liikuntaymparistot.nba.fi\/read\/asp\/r_kohde_det.aspx?KOHDE_ID=202823\" rel=\"nofollow noopener\" target=\"_blank\">Museoviraston<\/a> mukaan jo 1930-luvulta alkaen.<\/p>\n<p>Haka putosi kuluneen kauden p\u00e4\u00e4tteeksi miesten jalkapallon p\u00e4\u00e4sarjasta Veikkausliigasta yhden sarjatason alemmas Ykk\u00f6sliigaan. Seura <a href=\"https:\/\/fchaka.fi\/uutiset\/fc-haka-tahtaa-takaisin-veikkausliigaan-uuden-urheilustrategian-perusta-on-pelaajakehitys\/?fbclid=IwY2xjawOiBsZleHRuA2FlbQIxMQBzcnRjBmFwcF9pZA80MDk5NjI2MjMwODU2MDkAAR5gX7b88-7KhAKS5RJtEBkAw3h4jsTCDuMYfYOgoxT0wuoWnNeA4NF9PnGb0Q_aem_1mX4ZycDL4K1VYJgRbd8zA\" rel=\"nofollow noopener\" target=\"_blank\">on kertonut<\/a> t\u00e4ht\u00e4\u00e4v\u00e4ns\u00e4 takaisin p\u00e4\u00e4sarjatasolle.<\/p>\n","protected":false},"excerpt":{"rendered":"Poliisi ep\u00e4ilee rikosta sunnuntaisessa Valkeakosken Tehtaan kent\u00e4n tulipalossa. Sis\u00e4-Suomen poliisi kertoo tutkivansa tapahtunutta tuhoty\u00f6n\u00e4. Rikoskomisario Maijastiina Tammisto kertoo&hellip;\n","protected":false},"author":2,"featured_media":110741,"comment_status":"","ping_status":"","sticky":false,"template":"","format":"standard","meta":{"footnotes":""},"categories":[158],"tags":[33,31,30,55,41,122,54,52,103,159,32,546,160],"class_list":{"0":"post-110740","1":"post","2":"type-post","3":"status-publish","4":"format-standard","5":"has-post-thumbnail","7":"category-urheilu","8":"tag-fi","9":"tag-finland","10":"tag-finnish","11":"tag-lainvalvonta","12":"tag-liikunta-ja-urheilu","13":"tag-pelastaminen","14":"tag-pelastuspalvelut","15":"tag-poliisi","16":"tag-sosiaalikysymykset","17":"tag-sports","18":"tag-suomi","19":"tag-turvallisuus","20":"tag-urheilu"},"share_on_mastodon":{"url":"https:\/\/pubeurope.com\/@fi\/115682971762051895","error":""},"_links":{"self":[{"href":"https:\/\/www.europesays.com\/fi\/wp-json\/wp\/v2\/posts\/110740","targetHints":{"allow":["GET"]}}],"collection":[{"href":"https:\/\/www.europesays.com\/fi\/wp-json\/wp\/v2\/posts"}],"about":[{"href":"https:\/\/www.europesays.com\/fi\/wp-json\/wp\/v2\/types\/post"}],"author":[{"embeddable":true,"href":"https:\/\/www.europesays.com\/fi\/wp-json\/wp\/v2\/users\/2"}],"replies":[{"embeddable":true,"href":"https:\/\/www.europesays.com\/fi\/wp-json\/wp\/v2\/comments?post=110740"}],"version-history":[{"count":0,"href":"https:\/\/www.europesays.com\/fi\/wp-json\/wp\/v2\/posts\/110740\/revisions"}],"wp:featuredmedia":[{"embeddable":true,"href":"https:\/\/www.europesays.com\/fi\/wp-json\/wp\/v2\/media\/110741"}],"wp:attachment":[{"href":"https:\/\/www.europesays.com\/fi\/wp-json\/wp\/v2\/media?parent=110740"}],"wp:term":[{"taxonomy":"category","embeddable":true,"href":"https:\/\/www.europesays.com\/fi\/wp-json\/wp\/v2\/categories?post=110740"},{"taxonomy":"post_tag","embeddable":true,"href":"https:\/\/www.europesays.com\/fi\/wp-json\/wp\/v2\/tags?post=110740"}],"curies":[{"name":"wp","href":"https:\/\/api.w.org\/{rel}","templated":true}]}}