{"id":110811,"date":"2025-12-08T10:22:09","date_gmt":"2025-12-08T10:22:09","guid":{"rendered":"https:\/\/www.europesays.com\/fi\/110811\/"},"modified":"2025-12-08T10:22:09","modified_gmt":"2025-12-08T10:22:09","slug":"miss-suomi-sarah-dzafce-pyytaa-anteeksi","status":"publish","type":"post","link":"https:\/\/www.europesays.com\/fi\/110811\/","title":{"rendered":"Miss Suomi Sarah Dzafce pyyt\u00e4\u00e4 anteeksi"},"content":{"rendered":"<p>Missi sanoo olevansa syv\u00e4sti pahoillaan.<\/p>\n<p class=\"article-body mb-nof-24 px-nof-16\">Miss Suomi <a class=\"article-personlink\" href=\"https:\/\/www.is.fi\/haku\/?query=Sarah%20Dzafce\" rel=\"nofollow noopener\" target=\"_blank\">Sarah Dzafce<\/a> pyyt\u00e4\u00e4 k\u00e4yt\u00f6st\u00e4\u00e4n anteeksi somessa.<\/p>\n<p class=\"article-body mb-nof-24 px-nof-16\">\u2013 Ymm\u00e4rr\u00e4n t\u00e4ysin, ett\u00e4 mun toiminta on her\u00e4tt\u00e4nyt monissa pahaa mielt\u00e4 ja olen siit\u00e4 syv\u00e4sti pahoillani. Haluan pyyt\u00e4\u00e4 anteeksi erityisesti niilt\u00e4, joita t\u00e4m\u00e4 tilanne on koskettanut henkil\u00f6kohtaisesti. Se ei ollut mun tarkoitus mill\u00e4\u00e4n tavalla, Dzafce kirjoittaa.<\/p>\n<p class=\"article-body mb-nof-24 px-nof-16\">H\u00e4n kirjoittaa, ett\u00e4 Miss Suomen titteli tuo mukanaan vastuu siit\u00e4, miten puhua ja toimia.<\/p>\n<p class=\"article-body mb-nof-24 px-nof-16\">\u2013 Tied\u00e4n, ett\u00e4 mulla on viel\u00e4 paljon kasvettavaa.<\/p>\n<p class=\"article-body mb-nof-24 px-nof-16\">\u2013 Mulle yksi t\u00e4rkeimmist\u00e4 asioista on kunnioitus ihmisi\u00e4, taustoja ja erilaisuutta kohtaan. Mulle merkitsee se, ett\u00e4 jokainen voi olla oma itsens\u00e4 ja tulla kohdatuksi arvokkaana. Kannan vastuun teoistani ja opin t\u00e4st\u00e4 eteenp\u00e4in.<\/p>\n<p class=\"article-body mb-nof-24 px-nof-16\">\u2013 M\u00e4 otan t\u00e4st\u00e4 opikseni ja lupaan kasvaa, Miss Suomi p\u00e4\u00e4tt\u00e4\u00e4 kirjoituksensa.<\/p>\n<p class=\"article-body mb-nof-24 px-nof-16\">Dzafce ei viittaa kirjoituksella suoranaisesti mihink\u00e4\u00e4n, mutta hiljattain h\u00e4n joutui rasismikohun keskelle. Dzafcesta levisi somessa kuva, jossa h\u00e4n istuu ravintolap\u00f6yd\u00e4ss\u00e4 ja venytt\u00e4\u00e4 silm\u00e4\u00e4n samanlaisella rasistisena pidetyll\u00e4 tavalla.<\/p>\n<p class=\"article-body mb-nof-24 px-nof-16\">\u2013 Kiinalaisen kaa sy\u00f6m\u00e4s, kuvassa lukee.<\/p>\n<p class=\"article-body mb-nof-24 px-nof-16\">Jodel-ketjun mukaan kuva on l\u00e4hetetty sunnuntai-iltana 30. marraskuuta.<\/p>\n<p class=\"article-body mb-nof-24 px-nof-16\">Lue lis\u00e4\u00e4: <a class=\"article-genericlink\" href=\"https:\/\/www.is.fi\/viihde\/art-2000011662100.html\" rel=\"nofollow noopener\" target=\"_blank\">Miss Suomesta levi\u00e4\u00e4 kuva, joka sai somekansan raivon partaalle \u2013 n\u00e4in h\u00e4n kommentoi: \u201dT\u00e4m\u00e4 on v\u00e4\u00e4rink\u00e4sitys\u201d<\/a><\/p>\n<p class=\"article-body mb-nof-24 px-nof-16\">Raivo repesi. Kansa ihmettelee.<\/p>\n<p class=\"article-body mb-nof-24 px-nof-16\">\u2013 Miten voi olla noin ajattelematon ja lapsellinen, huhhuh.<\/p>\n<p class=\"article-body mb-nof-24 px-nof-16\">\u2013 Hei apua! En ole missi \/ somessa, muttei tulis mieleenk\u00e4\u00e4n kavereiden kaa harrastaa t\u00e4llasta, vaikkei siit\u00e4 saisi kukaan ikin\u00e4 tiet\u00e4\u00e4.<\/p>\n<p class=\"article-body mb-nof-24 px-nof-16\">\u2013 Hei apua!!! Nyt on kyll\u00e4 todella noloa.<\/p>\n<p class=\"article-body mb-nof-24 px-nof-16\">\u2013 Ei miss\u00e4\u00e4n nimess\u00e4 n\u00e4in!! Oon niin pettynyt Sarahiin.<\/p>\n<p class=\"article-body mb-nof-24 px-nof-16\">\u2013 T\u00e4\u00e4 ei oo en\u00e4\u00e4 vaan noloa vaan t\u00e4\u00e4 on rasismia!<\/p>\n","protected":false},"excerpt":{"rendered":"Missi sanoo olevansa syv\u00e4sti pahoillaan. Miss Suomi Sarah Dzafce pyyt\u00e4\u00e4 k\u00e4yt\u00f6st\u00e4\u00e4n anteeksi somessa. \u2013 Ymm\u00e4rr\u00e4n t\u00e4ysin, ett\u00e4 mun&hellip;\n","protected":false},"author":2,"featured_media":110812,"comment_status":"","ping_status":"","sticky":false,"template":"","format":"standard","meta":{"footnotes":""},"categories":[136],"tags":[407,137,33,31,30,34,408,32,109],"class_list":{"0":"post-110811","1":"post","2":"type-post","3":"status-publish","4":"format-standard","5":"has-post-thumbnail","7":"category-julkkikset","8":"tag-celebrities","9":"tag-entertainment","10":"tag-fi","11":"tag-finland","12":"tag-finnish","13":"tag-ilta-sanomat","14":"tag-julkkikset","15":"tag-suomi","16":"tag-viihde"},"share_on_mastodon":{"url":"https:\/\/pubeurope.com\/@fi\/115683455491280198","error":""},"_links":{"self":[{"href":"https:\/\/www.europesays.com\/fi\/wp-json\/wp\/v2\/posts\/110811","targetHints":{"allow":["GET"]}}],"collection":[{"href":"https:\/\/www.europesays.com\/fi\/wp-json\/wp\/v2\/posts"}],"about":[{"href":"https:\/\/www.europesays.com\/fi\/wp-json\/wp\/v2\/types\/post"}],"author":[{"embeddable":true,"href":"https:\/\/www.europesays.com\/fi\/wp-json\/wp\/v2\/users\/2"}],"replies":[{"embeddable":true,"href":"https:\/\/www.europesays.com\/fi\/wp-json\/wp\/v2\/comments?post=110811"}],"version-history":[{"count":0,"href":"https:\/\/www.europesays.com\/fi\/wp-json\/wp\/v2\/posts\/110811\/revisions"}],"wp:featuredmedia":[{"embeddable":true,"href":"https:\/\/www.europesays.com\/fi\/wp-json\/wp\/v2\/media\/110812"}],"wp:attachment":[{"href":"https:\/\/www.europesays.com\/fi\/wp-json\/wp\/v2\/media?parent=110811"}],"wp:term":[{"taxonomy":"category","embeddable":true,"href":"https:\/\/www.europesays.com\/fi\/wp-json\/wp\/v2\/categories?post=110811"},{"taxonomy":"post_tag","embeddable":true,"href":"https:\/\/www.europesays.com\/fi\/wp-json\/wp\/v2\/tags?post=110811"}],"curies":[{"name":"wp","href":"https:\/\/api.w.org\/{rel}","templated":true}]}}