{"id":110821,"date":"2025-12-08T10:34:09","date_gmt":"2025-12-08T10:34:09","guid":{"rendered":"https:\/\/www.europesays.com\/fi\/110821\/"},"modified":"2025-12-08T10:34:09","modified_gmt":"2025-12-08T10:34:09","slug":"oslossa-ammuttu-kauppakeskuksessa-uutisia-lyhyesti","status":"publish","type":"post","link":"https:\/\/www.europesays.com\/fi\/110821\/","title":{"rendered":"Oslossa ammuttu kauppakeskuksessa | Uutisia lyhyesti"},"content":{"rendered":"<p class=\"aw-1gybjub aw-5vja16 kEtdKx kmuxyA yle__article__paragraph\">Poliisi on ottanut ep\u00e4illyn kiinni. Loukkaantuneita ei ole l\u00f6ytynyt. <\/p>\n<p><img decoding=\"async\" alt=\"Oslon kartta, johon merkitty Storo Storsenter-ostoskeskus.\" src=\"https:\/\/www.europesays.com\/fi\/wp-content\/uploads\/2025\/12\/39-15660756936a5f1932fd.jpeg\" class=\"aw-1l9m598 hKVVvP\"\/><\/p>\n<p>Avaa kuvien katselu<\/p>\n<p>Ostoskeskus sijaitsee Pohjois-Oslossa. Kuva: Laura Merikalla \/ Yle, Mapcreator, OpenStreetMap<\/p>\n<p>12:05\u2022P\u00e4ivitetty 12:28<\/p>\n<p class=\"aw-1gybjub aw-1p7kakr kEtdKx cEmitX yle__article__paragraph\">Norjassa Oslossa on ammuttu ostoskeskuksessa, poliisi kertoo. Ampuja on saatu kiinni.<\/p>\n<p class=\"aw-1gybjub aw-1p7kakr kEtdKx cEmitX yle__article__paragraph\">Kyseess\u00e4 on Pohjois-Oslon Storossa sijaitseva Storo Storsenter.<\/p>\n<p class=\"aw-1gybjub aw-1p7kakr kEtdKx cEmitX yle__article__paragraph\">Poliisi ei ole l\u00f6yt\u00e4nyt loukkaantuneita.<\/p>\n<p class=\"aw-1gybjub aw-1p7kakr kEtdKx cEmitX yle__article__paragraph\">Poliisi ei ep\u00e4ile, ett\u00e4 tekij\u00f6it\u00e4 olisi useampia, Norjan yleisradioyhti\u00f6 <a class=\"aw-iao6s4 iHOxEa yle__article__link\" href=\"https:\/\/www.nrk.no\/stor-oslo\/mann-med-pistol-pa-storo-1.17683488\" role=\"link\" rel=\"nofollow noopener\" target=\"_blank\">NRK<\/a> kirjoittaa. Sen mukaan laukauksia olisi ammuttu yksi.<\/p>\n<p class=\"aw-1gybjub aw-1p7kakr kEtdKx cEmitX yle__article__paragraph\">NRK:n mukaan Storsenter on Oslon suurin ostoskeskus. Siell\u00e4 on 140 liikett\u00e4 ja kahvilaa.<\/p>\n<p class=\"aw-1gybjub aw-1p7kakr kEtdKx cEmitX yle__article__paragraph\">Reuters<\/p>\n","protected":false},"excerpt":{"rendered":"Poliisi on ottanut ep\u00e4illyn kiinni. Loukkaantuneita ei ole l\u00f6ytynyt. Avaa kuvien katselu Ostoskeskus sijaitsee Pohjois-Oslossa. Kuva: Laura Merikalla&hellip;\n","protected":false},"author":2,"featured_media":110822,"comment_status":"","ping_status":"","sticky":false,"template":"","format":"standard","meta":{"footnotes":""},"categories":[14],"tags":[3981,22,23,26,27,33,31,30,17,24,25,28,29,15,385,5836,18,21,32,19,20,56,16,59,60,61],"class_list":{"0":"post-110821","1":"post","2":"type-post","3":"status-publish","4":"format-standard","5":"has-post-thumbnail","7":"category-ulkomaat","8":"tag-ampuminen","9":"tag-breaking-news","10":"tag-breakingnews","11":"tag-featured-news","12":"tag-featurednews","13":"tag-fi","14":"tag-finland","15":"tag-finnish","16":"tag-headlines","17":"tag-latest-news","18":"tag-latestnews","19":"tag-main-news","20":"tag-mainnews","21":"tag-news","22":"tag-norja","23":"tag-oslo","24":"tag-otsikot","25":"tag-paauutiset","26":"tag-suomi","27":"tag-top-stories","28":"tag-topstories","29":"tag-ulkomaat","30":"tag-uutiset","31":"tag-world","32":"tag-world-news","33":"tag-worldnews"},"share_on_mastodon":{"url":"https:\/\/pubeurope.com\/@fi\/115683502878180988","error":""},"_links":{"self":[{"href":"https:\/\/www.europesays.com\/fi\/wp-json\/wp\/v2\/posts\/110821","targetHints":{"allow":["GET"]}}],"collection":[{"href":"https:\/\/www.europesays.com\/fi\/wp-json\/wp\/v2\/posts"}],"about":[{"href":"https:\/\/www.europesays.com\/fi\/wp-json\/wp\/v2\/types\/post"}],"author":[{"embeddable":true,"href":"https:\/\/www.europesays.com\/fi\/wp-json\/wp\/v2\/users\/2"}],"replies":[{"embeddable":true,"href":"https:\/\/www.europesays.com\/fi\/wp-json\/wp\/v2\/comments?post=110821"}],"version-history":[{"count":0,"href":"https:\/\/www.europesays.com\/fi\/wp-json\/wp\/v2\/posts\/110821\/revisions"}],"wp:featuredmedia":[{"embeddable":true,"href":"https:\/\/www.europesays.com\/fi\/wp-json\/wp\/v2\/media\/110822"}],"wp:attachment":[{"href":"https:\/\/www.europesays.com\/fi\/wp-json\/wp\/v2\/media?parent=110821"}],"wp:term":[{"taxonomy":"category","embeddable":true,"href":"https:\/\/www.europesays.com\/fi\/wp-json\/wp\/v2\/categories?post=110821"},{"taxonomy":"post_tag","embeddable":true,"href":"https:\/\/www.europesays.com\/fi\/wp-json\/wp\/v2\/tags?post=110821"}],"curies":[{"name":"wp","href":"https:\/\/api.w.org\/{rel}","templated":true}]}}