{"id":110837,"date":"2025-12-08T11:01:09","date_gmt":"2025-12-08T11:01:09","guid":{"rendered":"https:\/\/www.europesays.com\/fi\/110837\/"},"modified":"2025-12-08T11:01:09","modified_gmt":"2025-12-08T11:01:09","slug":"presidentti-stubb-f-35-havittajan-julkistustilaisuuteen-yhdysvaltoihin","status":"publish","type":"post","link":"https:\/\/www.europesays.com\/fi\/110837\/","title":{"rendered":"Presidentti Stubb F-35-h\u00e4vitt\u00e4j\u00e4n julkistustilaisuuteen Yhdysvaltoihin"},"content":{"rendered":"<p>Presidentti|Presidentti Alexandr Stubb osallistuu F-35-h\u00e4vitt\u00e4j\u00e4n julkistustilaisuuteen Yhdysvalloissa.<\/p>\n<p class=\"article-body mb-nof-24 px-nof-16\">Tasavallan presidentti <a class=\"article-personlink\" href=\"https:\/\/www.hs.fi\/haku\/?query=Alexander%20Stubb\" rel=\"nofollow noopener\" target=\"_blank\">Alexander Stubb <\/a>vierailee Yhdysvalloissa Texasissa 15.\u201316. joulukuuta.<\/p>\n<p class=\"article-body mb-nof-24 px-nof-16\">H\u00e4n osallistuu Suomen ensimm\u00e4isen Yhdysvalloista tilatun F-35A-monitoimih\u00e4vitt\u00e4j\u00e4n julkistustilaisuuteen Fort Worthissa.<\/p>\n<p class=\"article-body mb-nof-24 px-nof-16\">Lis\u00e4ksi Stubb tutustuu F-35-h\u00e4vitt\u00e4jien kokoonpanolinjaan Lockheed Martinin tehtaalla, prsidentin kanslia kertoo.<\/p>\n<p class=\"article-body mb-nof-24 px-nof-16\">Fort Worthissa seremoniaan osallistuvat my\u00f6s puolustusministeri <a class=\"article-personlink\" href=\"https:\/\/www.hs.fi\/haku\/?query=Antti%20H%C3%A4kk%C3%A4nen\" rel=\"nofollow noopener\" target=\"_blank\">Antti H\u00e4kk\u00e4nen<\/a> (kok) sek\u00e4 Ilmavoimien komentaja kenraalimajuri <a class=\"article-personlink\" href=\"https:\/\/www.hs.fi\/haku\/?query=Timo%20Herranen\" rel=\"nofollow noopener\" target=\"_blank\">Timo Herranen<\/a>.<\/p>\n<p class=\"article-body mb-nof-24 px-nof-16\">Ensimm\u00e4iset suomalaiset F-35-h\u00e4vitt\u00e4j\u00e4t otetaan Ilmavoimien k\u00e4ytt\u00f6\u00f6n kev\u00e4\u00e4ll\u00e4 2026. Suomalaista henkil\u00f6st\u00f6\u00e4 koulutetaan Yhdysvalloissa.<\/p>\n<p class=\"article-body mb-nof-24 px-nof-16\">Suomeen ensimm\u00e4iset F-35-koneet toimitetaan vuoden 2026 loppupuolella. Ne tulevat Lapin lennoston k\u00e4ytt\u00f6\u00f6n.<\/p>\n<p class=\"article-body mb-nof-24 px-nof-16\">Suomi p\u00e4\u00e4tti joulukuussa 2021 tilata 64 kappaletta yhdysvaltalaisen Lockheed Martinin F-35 h\u00e4vitt\u00e4ji\u00e4.<\/p>\n<p class=\"article-body mb-nof-24 px-nof-16\">Kyse on Suomen historian suurimmasta asehankinnasta.<\/p>\n<p class=\"article-body mb-nof-24 px-nof-16\">Matkallaan presidentti Stubb osallistuu my\u00f6s esimerkiksi Suomen p\u00e4\u00e4konsulaatin avajaisiin Houstonissa.<\/p>\n<p class=\"article-body mb-nof-24 px-nof-16\">Tasavallan presidentin vierailuseurueeseen kuuluu Houstonissa yritysdelegaatio, jossa mukana ovat Patria Group, IQM Quantum Computers, KuvaSpace, UNIKIE, VTT Group, ICEYE, Sensofusion, Insta Group, Fastems Group, Vaisala, HIAB, SolarFoods, Puolustus- ja Ilmailuteollisuus PIA sek\u00e4 Nokia.<\/p>\n","protected":false},"excerpt":{"rendered":"Presidentti|Presidentti Alexandr Stubb osallistuu F-35-h\u00e4vitt\u00e4j\u00e4n julkistustilaisuuteen Yhdysvalloissa. Tasavallan presidentti Alexander Stubb vierailee Yhdysvalloissa Texasissa 15.\u201316. joulukuuta. H\u00e4n osallistuu&hellip;\n","protected":false},"author":2,"featured_media":110838,"comment_status":"","ping_status":"","sticky":false,"template":"","format":"standard","meta":{"footnotes":""},"categories":[12],"tags":[22,23,26,27,33,31,30,17,46,24,25,28,29,15,18,21,32,19,20,16],"class_list":{"0":"post-110837","1":"post","2":"type-post","3":"status-publish","4":"format-standard","5":"has-post-thumbnail","7":"category-suomi","8":"tag-breaking-news","9":"tag-breakingnews","10":"tag-featured-news","11":"tag-featurednews","12":"tag-fi","13":"tag-finland","14":"tag-finnish","15":"tag-headlines","16":"tag-helsingin-sanomat","17":"tag-latest-news","18":"tag-latestnews","19":"tag-main-news","20":"tag-mainnews","21":"tag-news","22":"tag-otsikot","23":"tag-paauutiset","24":"tag-suomi","25":"tag-top-stories","26":"tag-topstories","27":"tag-uutiset"},"share_on_mastodon":{"url":"https:\/\/pubeurope.com\/@fi\/115683608799601281","error":""},"_links":{"self":[{"href":"https:\/\/www.europesays.com\/fi\/wp-json\/wp\/v2\/posts\/110837","targetHints":{"allow":["GET"]}}],"collection":[{"href":"https:\/\/www.europesays.com\/fi\/wp-json\/wp\/v2\/posts"}],"about":[{"href":"https:\/\/www.europesays.com\/fi\/wp-json\/wp\/v2\/types\/post"}],"author":[{"embeddable":true,"href":"https:\/\/www.europesays.com\/fi\/wp-json\/wp\/v2\/users\/2"}],"replies":[{"embeddable":true,"href":"https:\/\/www.europesays.com\/fi\/wp-json\/wp\/v2\/comments?post=110837"}],"version-history":[{"count":0,"href":"https:\/\/www.europesays.com\/fi\/wp-json\/wp\/v2\/posts\/110837\/revisions"}],"wp:featuredmedia":[{"embeddable":true,"href":"https:\/\/www.europesays.com\/fi\/wp-json\/wp\/v2\/media\/110838"}],"wp:attachment":[{"href":"https:\/\/www.europesays.com\/fi\/wp-json\/wp\/v2\/media?parent=110837"}],"wp:term":[{"taxonomy":"category","embeddable":true,"href":"https:\/\/www.europesays.com\/fi\/wp-json\/wp\/v2\/categories?post=110837"},{"taxonomy":"post_tag","embeddable":true,"href":"https:\/\/www.europesays.com\/fi\/wp-json\/wp\/v2\/tags?post=110837"}],"curies":[{"name":"wp","href":"https:\/\/api.w.org\/{rel}","templated":true}]}}