{"id":110851,"date":"2025-12-08T11:26:09","date_gmt":"2025-12-08T11:26:09","guid":{"rendered":"https:\/\/www.europesays.com\/fi\/110851\/"},"modified":"2025-12-08T11:26:09","modified_gmt":"2025-12-08T11:26:09","slug":"eurooppa-neuvoston-puheenjohtaja-yhdysvaltojen-puuttuminen-euroopan-sisaisiin-asioihin-ei-ole-hyvaksyttavaa-uutisia-lyhyesti","status":"publish","type":"post","link":"https:\/\/www.europesays.com\/fi\/110851\/","title":{"rendered":"Eurooppa-neuvoston puheenjohtaja: Yhdysvaltojen puuttuminen Euroopan sis\u00e4isiin asioihin ei ole hyv\u00e4ksytt\u00e4v\u00e4\u00e4 | Uutisia lyhyesti"},"content":{"rendered":"<p class=\"aw-1gybjub aw-5vja16 kEtdKx kmuxyA yle__article__paragraph\">Yhdysvallat on asettanut julkiseksi poliittiseksi tavoitteekseen \u201dvastarinnan voimistamisen Euroopan nykyiselle kehityssuunnalle\u201d Euroopan maiden sis\u00e4ll\u00e4.<\/p>\n<p><img decoding=\"async\" alt=\"Eurooppa-neuvoston puheenjohtaja Antonio Costa.\" src=\"https:\/\/www.europesays.com\/fi\/wp-content\/uploads\/2025\/12\/39-156606269369fb40800d.jpeg\" class=\"aw-1l9m598 hKVVvP\"\/><\/p>\n<p>Avaa kuvien katselu<\/p>\n<p>Eurooppa-neuvoston puheenjohtaja Antonio Costa. Kuva: Ampe Rogerio \/ EPA<\/p>\n<p>11:19\u2022P\u00e4ivitetty 12:07<\/p>\n<p class=\"aw-1gybjub aw-1p7kakr kEtdKx cEmitX yle__article__paragraph\">Eurooppa-neuvoston puheenjohtaja <strong class=\"aw-ak79eh KyCXm yle__article__strong\">Antonio Costa<\/strong> tyrm\u00e4\u00e4 Yhdysvaltain aikeet puuttua Euroopan maiden sis\u00e4politiikkaan.<\/p>\n<p class=\"aw-1gybjub aw-1p7kakr kEtdKx cEmitX yle__article__paragraph\">\u2013 Se mit\u00e4 emme voi hyv\u00e4ksy\u00e4, on uhkaus puuttua eurooppalaiseen politiikkaan, Costa sanoi.<\/p>\n<p class=\"aw-1gybjub aw-1p7kakr kEtdKx cEmitX yle__article__paragraph\">Julkaisemassaan kansallisen turvallisuuden <a class=\"aw-iao6s4 iHOxEa yle__article__link\" href=\"https:\/\/yle.fi\/a\/74-20198166\" role=\"link\" rel=\"nofollow noopener\" target=\"_blank\">strategiapaperissa <\/a>Yhdysvallat arvosteli ankarasti Euroopan politiikan nykylinjaa muun muassa maahanmuuttopolitiikan osalta.<\/p>\n<p class=\"aw-1gybjub aw-1p7kakr kEtdKx cEmitX yle__article__paragraph\">Yhdysvaltojen hallinnon mukaan Eurooppaa uhkaa \u201dsivilisaatiollinen poispyyhkiytyminen\u201d, jonka vuoksi manner voi olla tunnistamaton vain 20 vuoden sis\u00e4ll\u00e4.<\/p>\n<p class=\"aw-1gybjub aw-1p7kakr kEtdKx cEmitX yle__article__paragraph\">\u2013 Pitk\u00e4ll\u00e4 aikav\u00e4lill\u00e4 on enemm\u00e4n kuin uskottavaa, ett\u00e4 muutaman vuosikymmenen sis\u00e4ll\u00e4 tietyt Nato-maat muuttuvat enemmist\u00f6lt\u00e4\u00e4n ep\u00e4eurooppalaisiksi, paperissa sanotaan.<\/p>\n<p class=\"aw-1gybjub aw-1p7kakr kEtdKx cEmitX yle__article__paragraph\">Asiakirjassa Yhdysvallat sanoo tukevansa muutosvoimia Euroopan sis\u00e4ll\u00e4.<\/p>\n<p class=\"aw-1gybjub aw-1p7kakr kEtdKx cEmitX yle__article__paragraph\">\u2013 Laajan politiikkamme Euroopassa on asetettava etusijalle &#8212; vastarinnan voimistaminen Euroopan nykyiselle kehityssuunnalle Euroopan maiden sis\u00e4ll\u00e4, paperissa kerrotaan Yhdysvaltain tavoitteista maanosan kohdalla.<\/p>\n<p class=\"aw-1gybjub aw-1p7kakr kEtdKx cEmitX yle__article__paragraph\">T\u00e4m\u00e4n on tulkittu tarkoittavan sit\u00e4, ett\u00e4 Yhdysvallat aikoo tukea tiukkaa maahanmuuttolinjaa ajavia laitaoikeistolaisia puolueita Euroopan maissa.<\/p>\n<p class=\"aw-1gybjub aw-1p7kakr kEtdKx cEmitX yle__article__paragraph\">Ven\u00e4j\u00e4 puolestaan on <a class=\"aw-iao6s4 iHOxEa yle__article__link\" href=\"https:\/\/yle.fi\/a\/74-20198304\" role=\"link\" rel=\"nofollow noopener\" target=\"_blank\">kiitellyt <\/a>Yhdysvaltojen turvallisuusstrategiaa. Ven\u00e4j\u00e4n mukaan asiakirjasta on poistettu maininta Ven\u00e4j\u00e4st\u00e4 suorana uhkana Yhdysvalloille.<\/p>\n","protected":false},"excerpt":{"rendered":"Yhdysvallat on asettanut julkiseksi poliittiseksi tavoitteekseen \u201dvastarinnan voimistamisen Euroopan nykyiselle kehityssuunnalle\u201d Euroopan maiden sis\u00e4ll\u00e4. Avaa kuvien katselu Eurooppa-neuvoston&hellip;\n","protected":false},"author":2,"featured_media":110852,"comment_status":"","ping_status":"","sticky":false,"template":"","format":"standard","meta":{"footnotes":""},"categories":[14],"tags":[20595,22,23,1617,26,27,33,31,30,17,70,24,25,28,29,15,18,21,1910,32,19,20,56,16,547,59,60,61,619],"class_list":{"0":"post-110851","1":"post","2":"type-post","3":"status-publish","4":"format-standard","5":"has-post-thumbnail","7":"category-ulkomaat","8":"tag-antonio-costa","9":"tag-breaking-news","10":"tag-breakingnews","11":"tag-euroopan-unioni","12":"tag-featured-news","13":"tag-featurednews","14":"tag-fi","15":"tag-finland","16":"tag-finnish","17":"tag-headlines","18":"tag-kansainvalinen-politiikka","19":"tag-latest-news","20":"tag-latestnews","21":"tag-main-news","22":"tag-mainnews","23":"tag-news","24":"tag-otsikot","25":"tag-paauutiset","26":"tag-sananvapaus","27":"tag-suomi","28":"tag-top-stories","29":"tag-topstories","30":"tag-ulkomaat","31":"tag-uutiset","32":"tag-venaja","33":"tag-world","34":"tag-world-news","35":"tag-worldnews","36":"tag-yhdysvallat"},"share_on_mastodon":{"url":"https:\/\/pubeurope.com\/@fi\/115683707236070438","error":""},"_links":{"self":[{"href":"https:\/\/www.europesays.com\/fi\/wp-json\/wp\/v2\/posts\/110851","targetHints":{"allow":["GET"]}}],"collection":[{"href":"https:\/\/www.europesays.com\/fi\/wp-json\/wp\/v2\/posts"}],"about":[{"href":"https:\/\/www.europesays.com\/fi\/wp-json\/wp\/v2\/types\/post"}],"author":[{"embeddable":true,"href":"https:\/\/www.europesays.com\/fi\/wp-json\/wp\/v2\/users\/2"}],"replies":[{"embeddable":true,"href":"https:\/\/www.europesays.com\/fi\/wp-json\/wp\/v2\/comments?post=110851"}],"version-history":[{"count":0,"href":"https:\/\/www.europesays.com\/fi\/wp-json\/wp\/v2\/posts\/110851\/revisions"}],"wp:featuredmedia":[{"embeddable":true,"href":"https:\/\/www.europesays.com\/fi\/wp-json\/wp\/v2\/media\/110852"}],"wp:attachment":[{"href":"https:\/\/www.europesays.com\/fi\/wp-json\/wp\/v2\/media?parent=110851"}],"wp:term":[{"taxonomy":"category","embeddable":true,"href":"https:\/\/www.europesays.com\/fi\/wp-json\/wp\/v2\/categories?post=110851"},{"taxonomy":"post_tag","embeddable":true,"href":"https:\/\/www.europesays.com\/fi\/wp-json\/wp\/v2\/tags?post=110851"}],"curies":[{"name":"wp","href":"https:\/\/api.w.org\/{rel}","templated":true}]}}