{"id":110859,"date":"2025-12-08T11:40:09","date_gmt":"2025-12-08T11:40:09","guid":{"rendered":"https:\/\/www.europesays.com\/fi\/110859\/"},"modified":"2025-12-08T11:40:09","modified_gmt":"2025-12-08T11:40:09","slug":"kuukausien-arvailuista-tuli-loppu-katy-perry-ja-justin-trudeau-hempeassa-yhteiskuvassa-ulkomaat","status":"publish","type":"post","link":"https:\/\/www.europesays.com\/fi\/110859\/","title":{"rendered":"Kuukausien arvailuista tuli loppu, Katy Perry ja Justin Trudeau hempe\u00e4ss\u00e4 yhteiskuvassa | Ulkomaat"},"content":{"rendered":"<p class=\"aw-1gybjub aw-5vja16 kEtdKx kmuxyA yle__article__paragraph\">Laulaja julkaisi kuvan, jossa pari hymyilee poski poskea vasten, sek\u00e4 videon, jossa he sy\u00f6v\u00e4t sushia yhdess\u00e4 Japanissa.<\/p>\n<p><img decoding=\"async\" alt=\"Katy Perry ja Justin Trudeau hymyilev\u00e4t kombokuvassa.\" src=\"https:\/\/www.europesays.com\/fi\/wp-content\/uploads\/2025\/12\/39-15660686936a0d319396.jpeg\" class=\"aw-1l9m598 hKVVvP\"\/><\/p>\n<p>Avaa kuvien katselu<\/p>\n<p>Laulaja Katy Perry ja Kanadan entinen p\u00e4\u00e4ministeri, Justin Trudeau ovat nyt virallisestikin pariskunta. Kuva: AOP ja Chris Jackson \/ AOP<\/p>\n<p class=\"aw-1gybjub aw-1p7kakr kEtdKx cEmitX yle__article__paragraph\">Muusikko <strong class=\"aw-ak79eh KyCXm yle__article__strong\">Katy Perry<\/strong>, 41, ja Kanadan entinen p\u00e4\u00e4ministeri <strong class=\"aw-ak79eh KyCXm yle__article__strong\">Justin Trudeau, 53,<\/strong> ovat julkistaneet suhteensa kuvapalvelu Instagramissa. Asiasta kertovat useat mediat, muiden muassa <a class=\"aw-iao6s4 iHOxEa yle__article__link\" href=\"https:\/\/www.theguardian.com\/world\/2025\/dec\/08\/katy-perry-justin-trudeau-instagram-relationship-official\" role=\"link\" rel=\"nofollow noopener\" target=\"_blank\">The Guardian <\/a>ja <a class=\"aw-iao6s4 iHOxEa yle__article__link\" href=\"https:\/\/www.bbc.com\/news\/articles\/crmd44yz7nmo\" role=\"link\" rel=\"nofollow noopener\" target=\"_blank\">yleisradioyhti\u00f6 BBC<\/a>.<\/p>\n<p class=\"aw-1gybjub aw-1p7kakr kEtdKx cEmitX yle__article__paragraph\">Parin selfie-kuva on osa Japanin matkan kuva- ja videokarusellia, joka julkaistiin lauantaina laulajan tilill\u00e4. Sill\u00e4 on 202 miljoonaa seuraajaa.<\/p>\n<p class=\"aw-1gybjub aw-1p7kakr kEtdKx cEmitX yle__article__paragraph\">Perry oli lis\u00e4nnyt kuvatekstiin useita emojeja, kuten kukkia ja punaisen syd\u00e4men.<\/p>\n<p class=\"aw-1gybjub aw-1p7kakr kEtdKx cEmitX yle__article__paragraph\">Perryn julkaisu vahvisti kuukausien spekulaatiot h\u00e4nen ja ex-p\u00e4\u00e4ministerin v\u00e4lisest\u00e4 mahdollisesta romanssista. Viitteit\u00e4 parisuhteesta n\u00e4htiin viimeksi torstaina, kun Trudeau jakoi viestipalvelu X:ss\u00e4 kuvan, jossa pariskunta poseeraa Japanin entisen p\u00e4\u00e4ministerin ja h\u00e4nen vaimonsa kanssa.<\/p>\n<p><img decoding=\"async\" alt=\"Justin Trudeau ja Kate Perry Tokiossa.\" src=\"https:\/\/www.europesays.com\/fi\/wp-content\/uploads\/2025\/12\/39-156602769369470663e7.jpeg\" loading=\"lazy\" class=\"aw-1l9m598 hKVVvP\"\/><\/p>\n<p>Avaa kuvien katselu<\/p>\n<p>Trudeau ja Perry ikuistettiin k\u00e4velem\u00e4ss\u00e4 k\u00e4si k\u00e4dess\u00e4 Tokiossa Perryn maailmankiertueella. Kuva: Junichi Seki \/ SplashNews.com<\/p>\n<p class=\"aw-1gybjub aw-1p7kakr kEtdKx cEmitX yle__article__paragraph\">Perryn ja Trudeaun suhteen alku on ker\u00e4nnyt verkossa paljon kommentteja. Yksi faneista kommentoi julkaisua Kanadan kansallislaulua mukaillen: \u201dOI KANADA!!! Nyt siit\u00e4 tuli virallista!!!\u201d<\/p>\n<p class=\"aw-1gybjub aw-1p7kakr kEtdKx cEmitX yle__article__paragraph\">Perry ja Trudeau eiv\u00e4t ole aiemmin julkisesti kommentoineet suhdettaan.<\/p>\n<p class=\"aw-1gybjub aw-1p7kakr kEtdKx cEmitX yle__article__paragraph\">Hein\u00e4kuussa heid\u00e4t n\u00e4htiin illallistreffeill\u00e4 Montrealissa. Kaksi p\u00e4iv\u00e4\u00e4 my\u00f6hemmin Trudeau bongattiin laulamassa Perryn konsertissa kappaletta Firework.<\/p>\n<p><img decoding=\"async\" alt=\"Laulaja Kate Perry.\" src=\"https:\/\/www.europesays.com\/fi\/wp-content\/uploads\/2025\/12\/39-1566025693693bf9ad07.jpeg\" loading=\"lazy\" class=\"aw-1l9m598 hKVVvP\"\/><\/p>\n<p>Avaa kuvien katselu<\/p>\n<p>Laulaja Katy Perry konsertoi lokakuun lopulla Budapestissa Unkarissa. Kuva: BACKGRID\/All Over Press<\/p>\n<p class=\"aw-1gybjub aw-1p7kakr kEtdKx cEmitX yle__article__paragraph\">Ensimm\u00e4ist\u00e4 kertaa julkisuudessa pari esiintyi yhdess\u00e4 lokakuussa, kun heid\u00e4t kuvattiin k\u00e4si k\u00e4dess\u00e4 Pariisissa j\u00e4rjestetyn kabaree-esityksen j\u00e4lkeen.<\/p>\n<p class=\"aw-1gybjub aw-1p7kakr kEtdKx cEmitX yle__article__paragraph\">Trudeau toimi Kanadan p\u00e4\u00e4ministerin\u00e4 vuosina 2015\u20132025 sek\u00e4 liberaalipuolueen johtajana. H\u00e4n erosi teht\u00e4v\u00e4st\u00e4\u00e4n t\u00e4n\u00e4 vuonna. Trudeau erosi vaimostaan vuonna 2023. Heill\u00e4 on kolme lasta.<\/p>\n<p class=\"aw-1gybjub aw-1p7kakr kEtdKx cEmitX yle__article__paragraph\">Perry on 13-kertainen Grammy-ehdokas. H\u00e4n on julkaissut seitsem\u00e4n studioalbumia. Perryn hittej\u00e4 ovat muun muassa California Gurls, Hot n Cold ja Roar.<\/p>\n<p class=\"aw-1gybjub aw-1p7kakr kEtdKx cEmitX yle__article__paragraph\">L\u00e4hde: Reuters<\/p>\n","protected":false},"excerpt":{"rendered":"Laulaja julkaisi kuvan, jossa pari hymyilee poski poskea vasten, sek\u00e4 videon, jossa he sy\u00f6v\u00e4t sushia yhdess\u00e4 Japanissa. Avaa&hellip;\n","protected":false},"author":2,"featured_media":110860,"comment_status":"","ping_status":"","sticky":false,"template":"","format":"standard","meta":{"footnotes":""},"categories":[136],"tags":[407,137,33,31,30,1343,408,14450,3847,20596,20598,20597,20599,1222,47,3552,1223,32,56,109],"class_list":{"0":"post-110859","1":"post","2":"type-post","3":"status-publish","4":"format-standard","5":"has-post-thumbnail","7":"category-julkkikset","8":"tag-celebrities","9":"tag-entertainment","10":"tag-fi","11":"tag-finland","12":"tag-finnish","13":"tag-japani","14":"tag-julkkikset","15":"tag-justin-trudeau","16":"tag-kanada","17":"tag-kanadalaiset-poliitikot","18":"tag-kanadan-liberaalipuolue","19":"tag-kanadan-paaministeri","20":"tag-kanadan-politiikka","21":"tag-katy-perry","22":"tag-musiikki","23":"tag-paaministerit","24":"tag-popmusiikki","25":"tag-suomi","26":"tag-ulkomaat","27":"tag-viihde"},"share_on_mastodon":{"url":"https:\/\/pubeurope.com\/@fi\/115683762301007341","error":""},"_links":{"self":[{"href":"https:\/\/www.europesays.com\/fi\/wp-json\/wp\/v2\/posts\/110859","targetHints":{"allow":["GET"]}}],"collection":[{"href":"https:\/\/www.europesays.com\/fi\/wp-json\/wp\/v2\/posts"}],"about":[{"href":"https:\/\/www.europesays.com\/fi\/wp-json\/wp\/v2\/types\/post"}],"author":[{"embeddable":true,"href":"https:\/\/www.europesays.com\/fi\/wp-json\/wp\/v2\/users\/2"}],"replies":[{"embeddable":true,"href":"https:\/\/www.europesays.com\/fi\/wp-json\/wp\/v2\/comments?post=110859"}],"version-history":[{"count":0,"href":"https:\/\/www.europesays.com\/fi\/wp-json\/wp\/v2\/posts\/110859\/revisions"}],"wp:featuredmedia":[{"embeddable":true,"href":"https:\/\/www.europesays.com\/fi\/wp-json\/wp\/v2\/media\/110860"}],"wp:attachment":[{"href":"https:\/\/www.europesays.com\/fi\/wp-json\/wp\/v2\/media?parent=110859"}],"wp:term":[{"taxonomy":"category","embeddable":true,"href":"https:\/\/www.europesays.com\/fi\/wp-json\/wp\/v2\/categories?post=110859"},{"taxonomy":"post_tag","embeddable":true,"href":"https:\/\/www.europesays.com\/fi\/wp-json\/wp\/v2\/tags?post=110859"}],"curies":[{"name":"wp","href":"https:\/\/api.w.org\/{rel}","templated":true}]}}