{"id":110868,"date":"2025-12-08T11:48:10","date_gmt":"2025-12-08T11:48:10","guid":{"rendered":"https:\/\/www.europesays.com\/fi\/110868\/"},"modified":"2025-12-08T11:48:10","modified_gmt":"2025-12-08T11:48:10","slug":"trump-netflixin-jattikauppa-saattaa-olla-ongelma-uutisia-lyhyesti","status":"publish","type":"post","link":"https:\/\/www.europesays.com\/fi\/110868\/","title":{"rendered":"Trump: Netflixin j\u00e4ttikauppa \u201dsaattaa olla ongelma\u201d | Uutisia lyhyesti"},"content":{"rendered":"<p class=\"aw-1gybjub aw-5vja16 kEtdKx kmuxyA yle__article__paragraph\">Netflixin toimitusjohtaja tapasi Trumpin Valkoisessa talossa juuri ennen kuin yhti\u00f6 julkisti kaupoista Warner Bros. Discoveryn kanssa.<\/p>\n<p><img decoding=\"async\" alt=\"Trump istuu ja katsoo etuviistoon.\" src=\"https:\/\/www.europesays.com\/fi\/wp-content\/uploads\/2025\/12\/1765194490_589_39-156462269326694bc067.jpeg\" class=\"aw-1l9m598 hKVVvP\"\/><\/p>\n<p>Avaa kuvien katselu<\/p>\n<p>Trump sanoo olevansa mukana p\u00e4\u00e4ttm\u00e4ss\u00e4, hyv\u00e4ksyyk\u00f6 liittovaltio Netflixin 72 miljardin dollarin yrityskaupan. Kuva: Will Oliver \/ EPA<\/p>\n<p class=\"aw-1gybjub aw-1p7kakr kEtdKx cEmitX yle__article__paragraph\">Yhdysvaltain presidentti <strong class=\"aw-ak79eh KyCXm yle__article__strong\">Donald Trump<\/strong> sanoo, ett\u00e4 Netflixin suunnittelema j\u00e4ttikauppa Warner Bros. Discoveryn kanssa \u201dsaattaa olla ongelma\u201d.<\/p>\n<p class=\"aw-1gybjub aw-1p7kakr kEtdKx cEmitX yle__article__paragraph\">Netflix <a class=\"aw-iao6s4 iHOxEa yle__article__link\" href=\"https:\/\/yle.fi\/a\/74-20198146\" role=\"link\" rel=\"nofollow noopener\" target=\"_blank\">ilmoitti perjantaina<\/a> ostavansa mediayhti\u00f6 Warner Bros. Discoveryn suoratoistopalvelut sek\u00e4 tv- ja elokuvastudiot. Trumpin mukaan ongelmaksi saattaa muodostua se, ett\u00e4 yhdistyneen yhti\u00f6n markkinaosuudesta tulisi huomattavan suuri.<\/p>\n<p class=\"aw-1gybjub aw-1p7kakr kEtdKx cEmitX yle__article__paragraph\">\u2013 Siit\u00e4 ei ole ep\u00e4ilyst\u00e4k\u00e4\u00e4n. Se saattaa olla ongelma, Trump kommentoi Kennedy Center Honors -gaalan punaisella matolla Washingtonissa sunnuntaina.<\/p>\n<p class=\"aw-1gybjub aw-1p7kakr kEtdKx cEmitX yle__article__paragraph\">Kaupan toteutuminen ei ole suinkaan viel\u00e4 varmaa. Trump kertoi olevansa mukana p\u00e4\u00e4tt\u00e4m\u00e4ss\u00e4, pit\u00e4isik\u00f6 liittovaltion hyv\u00e4ksy\u00e4 72 miljardin dollarin arvoinen kauppa.<\/p>\n<p class=\"aw-1gybjub aw-1p7kakr kEtdKx cEmitX yle__article__paragraph\">Kaupan arvo paisuu yli 82 miljardiin dollariin, kun velat otetaan huomioon.<\/p>\n<p class=\"aw-1gybjub aw-1p7kakr kEtdKx cEmitX yle__article__paragraph\">Jos kauppa saa hyv\u00e4ksynn\u00e4n, kaksi maailman suurinta suoratoistopalvelua siirtyisi saman omistajan alle. <a class=\"aw-iao6s4 iHOxEa yle__article__link\" href=\"https:\/\/yle.fi\/a\/74-20198161\" role=\"link\" rel=\"nofollow noopener\" target=\"_blank\">Kauppa olisi historiallinen<\/a> ja toisi Netflixille muun muassa HBO Maxin.<\/p>\n<p class=\"aw-1gybjub aw-1p7kakr kEtdKx cEmitX yle__article__paragraph\">Trumpin mukaan h\u00e4n tapasi Netflixin toimitusjohtajan <strong class=\"aw-ak79eh KyCXm yle__article__strong\">Ted Sarandoksen<\/strong> Valkoisessa talossa viime viikolla, juuri ennen kuin kauppa julkistettiin 5. joulukuuta. Trump kuitenkin lis\u00e4si, ettei Sarandos antanut tapaamisessa mit\u00e4\u00e4n lupauksia kaupasta.<\/p>\n<p class=\"aw-1gybjub aw-1p7kakr kEtdKx cEmitX yle__article__paragraph\">\u2013 Kunnioitan h\u00e4nt\u00e4 paljon, mutta markkinaosuus on suuri, joten katsotaan, mit\u00e4 tapahtuu, Trump totesi.<\/p>\n<p class=\"aw-1gybjub aw-1p7kakr kEtdKx cEmitX yle__article__paragraph\">Uutissivusto <a class=\"aw-iao6s4 iHOxEa yle__article__link\" href=\"https:\/\/www.bloomberg.com\/news\/articles\/2025-12-07\/netflix-co-ceo-ted-sarandos-wooed-trump-personally-ahead-of-warner-bid\" role=\"link\" rel=\"nofollow noopener\" target=\"_blank\">Bloomberg<\/a> uutisoi sunnuntaina, ett\u00e4 l\u00e4hteiden mukaan Sarandos vieraili Valkoisessa talossa jo marraskuussa keskustelemassa mahdollisesta kaupasta.<\/p>\n<p class=\"aw-1gybjub aw-1p7kakr kEtdKx cEmitX yle__article__paragraph\">L\u00e4hde: AP<\/p>\n","protected":false},"excerpt":{"rendered":"Netflixin toimitusjohtaja tapasi Trumpin Valkoisessa talossa juuri ennen kuin yhti\u00f6 julkisti kaupoista Warner Bros. Discoveryn kanssa. Avaa kuvien&hellip;\n","protected":false},"author":2,"featured_media":109696,"comment_status":"","ping_status":"","sticky":false,"template":"","format":"standard","meta":{"footnotes":""},"categories":[130],"tags":[137,33,31,30,1077,32,56,109],"class_list":{"0":"post-110868","1":"post","2":"type-post","3":"status-publish","4":"format-standard","5":"has-post-thumbnail","7":"category-viihde","8":"tag-entertainment","9":"tag-fi","10":"tag-finland","11":"tag-finnish","12":"tag-media","13":"tag-suomi","14":"tag-ulkomaat","15":"tag-viihde"},"share_on_mastodon":{"url":"https:\/\/pubeurope.com\/@fi\/115683793554528466","error":""},"_links":{"self":[{"href":"https:\/\/www.europesays.com\/fi\/wp-json\/wp\/v2\/posts\/110868","targetHints":{"allow":["GET"]}}],"collection":[{"href":"https:\/\/www.europesays.com\/fi\/wp-json\/wp\/v2\/posts"}],"about":[{"href":"https:\/\/www.europesays.com\/fi\/wp-json\/wp\/v2\/types\/post"}],"author":[{"embeddable":true,"href":"https:\/\/www.europesays.com\/fi\/wp-json\/wp\/v2\/users\/2"}],"replies":[{"embeddable":true,"href":"https:\/\/www.europesays.com\/fi\/wp-json\/wp\/v2\/comments?post=110868"}],"version-history":[{"count":0,"href":"https:\/\/www.europesays.com\/fi\/wp-json\/wp\/v2\/posts\/110868\/revisions"}],"wp:featuredmedia":[{"embeddable":true,"href":"https:\/\/www.europesays.com\/fi\/wp-json\/wp\/v2\/media\/109696"}],"wp:attachment":[{"href":"https:\/\/www.europesays.com\/fi\/wp-json\/wp\/v2\/media?parent=110868"}],"wp:term":[{"taxonomy":"category","embeddable":true,"href":"https:\/\/www.europesays.com\/fi\/wp-json\/wp\/v2\/categories?post=110868"},{"taxonomy":"post_tag","embeddable":true,"href":"https:\/\/www.europesays.com\/fi\/wp-json\/wp\/v2\/tags?post=110868"}],"curies":[{"name":"wp","href":"https:\/\/api.w.org\/{rel}","templated":true}]}}