{"id":110908,"date":"2025-12-08T12:58:09","date_gmt":"2025-12-08T12:58:09","guid":{"rendered":"https:\/\/www.europesays.com\/fi\/110908\/"},"modified":"2025-12-08T12:58:09","modified_gmt":"2025-12-08T12:58:09","slug":"rinnat-olivat-aika-esilla-yhden-vieraan-asu-linnan-juhlissa-oli-monen-mielesta-liikaa","status":"publish","type":"post","link":"https:\/\/www.europesays.com\/fi\/110908\/","title":{"rendered":"\u201dRinnat olivat aika esill\u00e4\u201d \u2013 Yhden vieraan asu Linnan juhlissa oli monen mielest\u00e4 liikaa"},"content":{"rendered":"<p>Erika Vikmanin asu Linnan juhlissa puhuttaa sosiaalisessa mediassa.<\/p>\n<p class=\"paragraph\">Artisti <strong>Erika Vikmanin<\/strong> iltapuku Linnan juhlissa puhuttaa suomalaisia.<\/p>\n<p class=\"paragraph\">Vikman edusti itsen\u00e4isyysp\u00e4iv\u00e4n vastaanotolla <strong>Anna Sarasojan<\/strong> suunnittelemassa vaaleassa ja olkaimettomassa asussa, jossa oli korsettimainen yl\u00e4osa, kaula-aukko sek\u00e4 monikerroksinen laahus.<\/p>\n<p class=\"paragraph\">Tyyliasiantuntija <strong>Sohvi Nyman<\/strong> analysoi lauantaina <a href=\"https:\/\/www.iltalehti.fi\/viihdeuutiset\/954b53a6-e7fb-4df3-b1c9-7771156966dd\" rel=\"nofollow noopener\" target=\"_blank\">Iltalehdelle<\/a>, ett\u00e4 Vikmanin asu oli artistin tyylinen, mutta \u201dliian antava\u201d Linnan juhliin.<\/p>\n<p class=\"paragraph\">\u2013 Mielest\u00e4ni t\u00e4m\u00e4 olisi sopinut paremmin viihdegaalaan kuin itsen\u00e4isyysp\u00e4iv\u00e4n vastaanottoon. H\u00e4nen asunsa oli aika antava: rinnat olivat aika esill\u00e4. T\u00e4llaiseen tilaisuuteen antava asu ei ole v\u00e4ltt\u00e4m\u00e4tt\u00e4 paras mahdollinen, Nyman arvioi.<\/p>\n<p><img decoding=\"async\" class=\"image image-show image-preview\" src=\"https:\/\/www.europesays.com\/fi\/wp-content\/uploads\/2025\/12\/c95875b9e2b1606ff2d4a8c9caf89ecfaa31626a1834bad8a7fe09cdb28b5b4d.jpg\" alt=\"\"\/><img decoding=\"async\" class=\"image image-show\" src=\"https:\/\/www.europesays.com\/fi\/wp-content\/uploads\/2025\/12\/1765198689_248_c95875b9e2b1606ff2d4a8c9caf89ecfaa31626a1834bad8a7fe09cdb28b5b4d.jpg\" alt=\"\"\/><\/p>\n<p>Erika Vikmanin korsettimaiseenasuun kuului syv\u00e4 kaula-aukko. Roosa Br\u00f6ijer<\/p>\n<p class=\"paragraph\">Vikmanin asu jakaa mielipiteit\u00e4 suomalaisten keskuudessa esimerkiksi artistin <a href=\"https:\/\/www.facebook.com\/erikavikman.official\/posts\/pfbid0LLHQuPvkHwwR24GHyoE8hk2TrasTAF3zz4ALpzNp1d1purShaAXzNH3pfKkLRx89l\" target=\"_blank\" rel=\"noopener nofollow\">Facebook<\/a>&#8211; ja <a href=\"https:\/\/www.instagram.com\/p\/DR94JlhjKu4\/?img_index=5\" target=\"_blank\" rel=\"noopener nofollow\">Instagram<\/a>-julkaisujen kommenttikentiss\u00e4 sek\u00e4 anonyymissa Jodel-keskustelusovelluksessa.<\/p>\n<p class=\"paragraph\">Joidenkin mielest\u00e4 Vikmanin asu ei ollut asiallinen presidentti <strong>Alexander Stubbin<\/strong> ja t\u00e4m\u00e4n puolison <strong>Suzanne Innes-Stubbin<\/strong> j\u00e4rjest\u00e4miin Linnan juhliin.<\/p>\n<p class=\"paragraph\">\u2013 Ensimm\u00e4inen ajatus oli, ett\u00e4 h\u00e4nelle oli kerrottu, ett\u00e4 juhlapaikka on saluuna. Hyv\u00e4 puku, mutta ei sopiva Itsen\u00e4isyysp\u00e4iv\u00e4n juhlaan.<\/p>\n<p class=\"paragraph\">\u2013 Ei sopiva Linnan juhliin \u2013 liian avonaista oli siell\u00e4.<\/p>\n<p class=\"paragraph\">\u2013 Mielest\u00e4ni tuo korsetti ei sopinut Linnan juhlien tyyliin, oli aika mauton.<\/p>\n<p class=\"paragraph\">\u2013 Tissit tiskiin Suomen presidentin edess\u00e4 ja arvokkaimmassa juhlassa, mit\u00e4 maassa on. Ei mill\u00e4\u00e4n tavalla tilaisuutta ja is\u00e4nt\u00e4paria kunnioittava puku.<\/p>\n<p class=\"paragraph\">\u2013 Itse mekossa ei ollut varsinaisesti mit\u00e4\u00e4n vikaa, mutta oli mielest\u00e4ni hieman mauton Linnan juhliin.<\/p>\n<p>Erika Vikmanin asu ei ollut kaikkien suomalaisten mieleen. Roosa Br\u00f6ijer<\/p>\n<p class=\"paragraph\">Osa puolestaan kehuu Vikmanin asua ja puolustaa sen kaula-aukkoa.<\/p>\n<p class=\"paragraph\">\u2013 Rakastan sit\u00e4, ett\u00e4 Erika Vikman ei peittele itse\u00e4\u00e4n mitenk\u00e4\u00e4n. Ehk\u00e4 jonain p\u00e4iv\u00e4n\u00e4 ihmiset eiv\u00e4t en\u00e4\u00e4 pelk\u00e4\u00e4 rintavakoa.<\/p>\n<p class=\"paragraph\">\u2013 V\u00e4kisinkin mietin, jos sama puku olis ollut pienempipovisella tai jollain, jonka nimi ei ole Erika, tulisko n\u00e4it\u00e4 ei sovelias -kommentteja? N\u00e4kyi siell\u00e4 olevan joillain muillakin syv\u00e4 dekoltee.<\/p>\n<p class=\"paragraph\">\u2013 Ylivoimaisesti upein puku.<\/p>\n<p class=\"paragraph\">\u2013 T\u00e4ytyy kerrankin kommentoida: vanhan ajan glamouria. Tuli Marilyn Monroe mieleen. T\u00f6rke\u00e4n upea.<\/p>\n<p class=\"paragraph\">\u2013 Tyylik\u00e4s, sopivan provosoiva. Melkein t\u00e4ydet pisteet.<\/p>\n<p class=\"paragraph\">\u2013 Ep\u00e4ilem\u00e4tt\u00e4 Anna Sarasoja oli suunnitellut loistavan upean iltapuvun! Se ehk\u00e4 rikkoi etiketti\u00e4, mist\u00e4 voidaan olla monta mielt\u00e4. Onko siis aika pohtia etiketin rajoja? Kenties! Erika tietty oli upea.<\/p>\n<p>Joidenkin suomalaisten mielest\u00e4 Erika Vikmanin asu oli upea. Inka Soveri<\/p>\n<p class=\"paragraph\">Vikmanin lis\u00e4ksi syvi\u00e4 kaula-aukkoja n\u00e4htiin muun muassa Vihreiden puheenjohtaja <strong>Sofia Virralla<\/strong> ja artisti <strong>Jenni Vartiaisella<\/strong>. Nyman selitti aiemmin <a href=\"https:\/\/www.iltalehti.fi\/viihdeuutiset\/954b53a6-e7fb-4df3-b1c9-7771156966dd\" rel=\"nofollow noopener\" target=\"_blank\">Iltalehdelle<\/a>, mist\u00e4 kyseinen muoti-ilmi\u00f6 Linnan juhlissa saattoi johtua.<\/p>\n<p class=\"paragraph\">\u2013 Kun nuorempia ihmisi\u00e4 kutsutaan Linnan juhliin, kaikki eiv\u00e4t v\u00e4ltt\u00e4m\u00e4tt\u00e4 tied\u00e4 etiketeist\u00e4. Eik\u00e4 tule v\u00e4ltt\u00e4m\u00e4tt\u00e4 mieleen ottaa selv\u00e4\u00e4 asiasta, jos tyyli on jo muutenkin paljastava. En usko, ett\u00e4 kukaan haluaa tahallisesti sit\u00e4 tehd\u00e4, asiantuntija pohti.<\/p>\n<p class=\"paragraph\">\u2013 Totta kai maailma muuttuu ja etiketit menev\u00e4t koko ajan l\u00f6yhemmiksi, mutta silti sanoisin, ett\u00e4 liian antava ei ole mielest\u00e4ni hyv\u00e4 t\u00e4llaiseen tilaisuuteen, h\u00e4n lis\u00e4si<\/p>\n<p><script async src=\"\/\/www.instagram.com\/embed.js\"><\/script><\/p>\n","protected":false},"excerpt":{"rendered":"Erika Vikmanin asu Linnan juhlissa puhuttaa sosiaalisessa mediassa. Artisti Erika Vikmanin iltapuku Linnan juhlissa puhuttaa suomalaisia. Vikman edusti&hellip;\n","protected":false},"author":2,"featured_media":110909,"comment_status":"","ping_status":"","sticky":false,"template":"","format":"standard","meta":{"footnotes":""},"categories":[136],"tags":[35,407,137,33,31,30,408,106,47,142,887,32,109],"class_list":{"0":"post-110908","1":"post","2":"type-post","3":"status-publish","4":"format-standard","5":"has-post-thumbnail","7":"category-julkkikset","8":"tag-24h","9":"tag-celebrities","10":"tag-entertainment","11":"tag-fi","12":"tag-finland","13":"tag-finnish","14":"tag-julkkikset","15":"tag-muoti","16":"tag-musiikki","17":"tag-poliitikot","18":"tag-suomen-politiikka","19":"tag-suomi","20":"tag-viihde"},"share_on_mastodon":{"url":"https:\/\/pubeurope.com\/@fi\/115684068942008337","error":""},"_links":{"self":[{"href":"https:\/\/www.europesays.com\/fi\/wp-json\/wp\/v2\/posts\/110908","targetHints":{"allow":["GET"]}}],"collection":[{"href":"https:\/\/www.europesays.com\/fi\/wp-json\/wp\/v2\/posts"}],"about":[{"href":"https:\/\/www.europesays.com\/fi\/wp-json\/wp\/v2\/types\/post"}],"author":[{"embeddable":true,"href":"https:\/\/www.europesays.com\/fi\/wp-json\/wp\/v2\/users\/2"}],"replies":[{"embeddable":true,"href":"https:\/\/www.europesays.com\/fi\/wp-json\/wp\/v2\/comments?post=110908"}],"version-history":[{"count":0,"href":"https:\/\/www.europesays.com\/fi\/wp-json\/wp\/v2\/posts\/110908\/revisions"}],"wp:featuredmedia":[{"embeddable":true,"href":"https:\/\/www.europesays.com\/fi\/wp-json\/wp\/v2\/media\/110909"}],"wp:attachment":[{"href":"https:\/\/www.europesays.com\/fi\/wp-json\/wp\/v2\/media?parent=110908"}],"wp:term":[{"taxonomy":"category","embeddable":true,"href":"https:\/\/www.europesays.com\/fi\/wp-json\/wp\/v2\/categories?post=110908"},{"taxonomy":"post_tag","embeddable":true,"href":"https:\/\/www.europesays.com\/fi\/wp-json\/wp\/v2\/tags?post=110908"}],"curies":[{"name":"wp","href":"https:\/\/api.w.org\/{rel}","templated":true}]}}