{"id":110912,"date":"2025-12-08T13:06:08","date_gmt":"2025-12-08T13:06:08","guid":{"rendered":"https:\/\/www.europesays.com\/fi\/110912\/"},"modified":"2025-12-08T13:06:08","modified_gmt":"2025-12-08T13:06:08","slug":"samu-haberilta-yllatysveto-matkalla-ufchen","status":"publish","type":"post","link":"https:\/\/www.europesays.com\/fi\/110912\/","title":{"rendered":"Samu Haberilta yll\u00e4tysveto \u2013 \u201dMatkalla UFC:hen\u201d"},"content":{"rendered":"<p>T\u00e4htilaulaja on mukana mahdollistamassa vapaaottelija Sani Br\u00e4nnforsille harjoittelun maailman huippujen kanssa.<\/p>\n<p class=\"article-body mb-nof-24 px-nof-16\">Muusikko <a class=\"article-personlink\" href=\"https:\/\/www.is.fi\/haku\/?query=Samu%20Haber\" rel=\"nofollow noopener\" target=\"_blank\">Samu Haber<\/a> on tehnyt merkitt\u00e4v\u00e4n yhteisty\u00f6sopimuksen suomalaisen vapaaottelijat\u00e4hden <a class=\"article-personlink\" href=\"https:\/\/www.is.fi\/haku\/?query=Sani%20Br%C3%A4nnforsin\" rel=\"nofollow noopener\" target=\"_blank\">Sani Br\u00e4nnforsin<\/a> kanssa. Kaksikko kertoo asiasta Instagramissa.<\/p>\n<p class=\"article-body mb-nof-24 px-nof-16\">Haber on jakanut yhteisty\u00f6uutisen sivullaan englanniksi. \u201dMatkalla kohti UFC:t\u00e4\u201d lukee julkaisun aluksi.<\/p>\n<p class=\"article-body mb-nof-24 px-nof-16\">\u2013 Olen iloinen voidessani ilmoittaa monivuotisesta sponsorisopimuksesta suomalaisen vapaaottelijan Sani Br\u00e4nnforsin kanssa. Yhteisty\u00f6mme ansiosta Sani voi matkustaa ja harjoitella maailman huippuottelijoiden kanssa.<\/p>\n<p class=\"article-body mb-nof-24 px-nof-16\">Br\u00e4nnfors <a class=\"article-genericlink\" href=\"https:\/\/www.is.fi\/urheilu\/art-2000011606688.html\" rel=\"nofollow noopener\" target=\"_blank\">leireili aiemmin t\u00e4n\u00e4 syksyn\u00e4 <\/a>Phoenixissa Arizonassa Fight Readyn salilla. Siell\u00e4 h\u00e4n otti eri\u00e4 UFC:n naisten k\u00e4rp\u00e4ssarjan rankingissa kahdeksantena olevan <a class=\"article-personlink\" href=\"https:\/\/www.is.fi\/haku\/?query=Tracy%20Cortezin\" rel=\"nofollow noopener\" target=\"_blank\">Tracy Cortezin<\/a> kanssa.<\/p>\n<p class=\"article-body mb-nof-24 px-nof-16\">\u2013 H\u00e4nen nyrkkins\u00e4 ja kyyn\u00e4rp\u00e4\u00e4ns\u00e4 osuvat kovaa ja alasviennit toimivat sujuvasti. Mutta se, mist\u00e4 todella kunnioitan ja ihailen h\u00e4nt\u00e4, on h\u00e4nen positiivinen asenteensa. H\u00e4n on yst\u00e4v\u00e4llinen ja kohtelee kaikkia kunnioittavasti. Tosiottelija, jolla on hyv\u00e4 syd\u00e4n, Haber kirjoittaa.<\/p>\n<p class=\"article-body mb-nof-24 px-nof-16\">My\u00f6s Br\u00e4nnfors jakoi yhteisty\u00f6uutiset omassa Instagramissaan. Br\u00e4nnfors kertoi englanniksi, ett\u00e4 Haberista tuli nyt h\u00e4nen uusi p\u00e4\u00e4yhteisty\u00f6kumppaninsa.<\/p>\n<p class=\"article-body mb-nof-24 px-nof-16\">\u2013 On hienoa ty\u00f6skennell\u00e4 h\u00e4nenlaisensa ihmisen kanssa. Ihmisen, joka uskoo ja tukee tavoitteitasi, Br\u00e4nnfors kirjoitti.<\/p>\n<p class=\"article-body mb-nof-24 px-nof-16\">Haber tunnetaan laulajana ja lauluntekij\u00e4n\u00e4 ja nyt jo lopettaneen Sunrise Avenue -yhtyeen keulakuvana. Lis\u00e4ksi h\u00e4n on ollut tuomarina The Voice of Germany-ohjelmassa.<\/p>\n<p class=\"article-body mb-nof-24 px-nof-16\">Haber harrastaa itsekin kamppailulajeja. H\u00e4n on treenannut vuosia taekwondoa.<\/p>\n<p class=\"article-body mb-nof-24 px-nof-16\">Haber on my\u00f6s aiemmin tukenut muun muassa potkunyrkkeilij\u00e4 <a class=\"article-personlink\" href=\"https:\/\/www.is.fi\/haku\/?query=Akseli%20Sauramaa\" rel=\"nofollow noopener\" target=\"_blank\">Akseli Sauramaa<\/a>, joka voitti marraskuun lopulla MM-kultaa 71-kiloisten full contact -muodossa. Saurama p\u00e4\u00e4tti uransa kisoihin.<\/p>\n<p class=\"article-body mb-nof-24 px-nof-16\">Br\u00e4nnfors on voittanut amat\u00f6\u00f6rin\u00e4 kaiken mahdollisen. Toukokuussa h\u00e4n debytoi ammattilaisena voitokkaasti. Seuraava ottelu on tapaninp\u00e4iv\u00e4n\u00e4 Ice Cage 6 -illassa Espoossa. Vastaan asettuu argentiinalainen <a class=\"article-personlink\" href=\"https:\/\/www.is.fi\/haku\/?query=Sofia%20Landi\" rel=\"nofollow noopener\" target=\"_blank\">Sofia Landi<\/a>.<\/p>\n","protected":false},"excerpt":{"rendered":"T\u00e4htilaulaja on mukana mahdollistamassa vapaaottelija Sani Br\u00e4nnforsille harjoittelun maailman huippujen kanssa. Muusikko Samu Haber on tehnyt merkitt\u00e4v\u00e4n yhteisty\u00f6sopimuksen&hellip;\n","protected":false},"author":2,"featured_media":110913,"comment_status":"","ping_status":"","sticky":false,"template":"","format":"standard","meta":{"footnotes":""},"categories":[130],"tags":[137,33,31,30,34,32,109],"class_list":{"0":"post-110912","1":"post","2":"type-post","3":"status-publish","4":"format-standard","5":"has-post-thumbnail","7":"category-viihde","8":"tag-entertainment","9":"tag-fi","10":"tag-finland","11":"tag-finnish","12":"tag-ilta-sanomat","13":"tag-suomi","14":"tag-viihde"},"share_on_mastodon":{"url":"https:\/\/pubeurope.com\/@fi\/115684100313657771","error":""},"_links":{"self":[{"href":"https:\/\/www.europesays.com\/fi\/wp-json\/wp\/v2\/posts\/110912","targetHints":{"allow":["GET"]}}],"collection":[{"href":"https:\/\/www.europesays.com\/fi\/wp-json\/wp\/v2\/posts"}],"about":[{"href":"https:\/\/www.europesays.com\/fi\/wp-json\/wp\/v2\/types\/post"}],"author":[{"embeddable":true,"href":"https:\/\/www.europesays.com\/fi\/wp-json\/wp\/v2\/users\/2"}],"replies":[{"embeddable":true,"href":"https:\/\/www.europesays.com\/fi\/wp-json\/wp\/v2\/comments?post=110912"}],"version-history":[{"count":0,"href":"https:\/\/www.europesays.com\/fi\/wp-json\/wp\/v2\/posts\/110912\/revisions"}],"wp:featuredmedia":[{"embeddable":true,"href":"https:\/\/www.europesays.com\/fi\/wp-json\/wp\/v2\/media\/110913"}],"wp:attachment":[{"href":"https:\/\/www.europesays.com\/fi\/wp-json\/wp\/v2\/media?parent=110912"}],"wp:term":[{"taxonomy":"category","embeddable":true,"href":"https:\/\/www.europesays.com\/fi\/wp-json\/wp\/v2\/categories?post=110912"},{"taxonomy":"post_tag","embeddable":true,"href":"https:\/\/www.europesays.com\/fi\/wp-json\/wp\/v2\/tags?post=110912"}],"curies":[{"name":"wp","href":"https:\/\/api.w.org\/{rel}","templated":true}]}}