{"id":110914,"date":"2025-12-08T13:07:10","date_gmt":"2025-12-08T13:07:10","guid":{"rendered":"https:\/\/www.europesays.com\/fi\/110914\/"},"modified":"2025-12-08T13:07:10","modified_gmt":"2025-12-08T13:07:10","slug":"paikoin-jopa-ennatyksellisen-suuri-myyrapopulaatio-ei-nay-myyrakuumetartuntojen-maarassa-uutissuomalainen","status":"publish","type":"post","link":"https:\/\/www.europesays.com\/fi\/110914\/","title":{"rendered":"Paikoin jopa enn\u00e4tyksellisen suuri myyr\u00e4populaatio ei n\u00e4y myyr\u00e4kuumetartuntojen m\u00e4\u00e4r\u00e4ss\u00e4 | Uutissuomalainen"},"content":{"rendered":"<p>Mets\u00e4myyrien suuri m\u00e4\u00e4r\u00e4 ei ainakaan viel\u00e4 n\u00e4y myyr\u00e4kuumetapausten lis\u00e4\u00e4ntymisen\u00e4. Valtakunnalliseen tartuntatautirekisteriin on kuluvana vuonna <a href=\"https:\/\/sampo.thl.fi\/pivot\/prod\/fi\/ttr\/cases\/fact_ttr_cases?row=nidrreportgroup-877795&amp;column=yearmonth-878344\" rel=\"nofollow noopener\" target=\"_blank\">ilmoitettu<\/a> hieman yli 800 tapausta, kun tilaston huippuvuosina niit\u00e4 on ollut yli 2\u2009500.<\/p>\n<p>Luonnonvarakeskus (Luke) <a href=\"https:\/\/www.luke.fi\/fi\/uutiset\/myyrakannat-runsaat-etelaisessa-suomessa-pohjoisessa-myyria-niukasti\" rel=\"nofollow noopener\" target=\"_blank\">kertoi<\/a> marraskuun alkupuolella, ett\u00e4 myyr\u00e4kannat ovat monivuotisen kannanvaihtelun huippuvaiheessa etel\u00e4isen Suomen it\u00e4osissa ja Keski-Suomen pohjoisosissa sek\u00e4 Etel\u00e4-Pohjanmaalla. My\u00f6s muualla Oulun etel\u00e4puolisessa Suomessa myyr\u00e4kannat ovat kuluneen vuoden aikana tuntuvasti runsastuneet.<\/p>\n<p>\u2013\u2009Erityisesti mets\u00e4myyrien kannat ovat nousseet merkitt\u00e4v\u00e4sti kes\u00e4n aikana, paikoin jopa enn\u00e4tykselliselle tasolle, johtava tutkija Otso Huitu Lukesta sanoo tiedotteessa.<\/p>\n<p>Pohjois-Suomessa myyri\u00e4 on Luken mukaan niukasti.<\/p>\n<p>Erityisasiantuntija Liina Voutilainen Terveyden ja hyvinvoinnin laitoksen (THL) terveysuhkien torjunnan yksik\u00f6st\u00e4 kertoo STT:lle, ett\u00e4 myyr\u00e4kuumetapausten huippu ajoittuu yleens\u00e4 vuodenvaihteen molemmin puolin. Vaikka mets\u00e4myyri\u00e4 onkin paljon, h\u00e4n ei usko, ett\u00e4 tartuntojen m\u00e4\u00e4r\u00e4 nousee loppuvuoden aikana enn\u00e4tyslukemiin.<\/p>\n<p>\t\t\t\tTodellinen m\u00e4\u00e4r\u00e4 moninkertainen<\/p>\n<p>Myyr\u00e4tartuntojen m\u00e4\u00e4r\u00e4\u00e4n vaikuttaa my\u00f6s maantiede. Voutilainen sanoo, ett\u00e4 etel\u00e4isimm\u00e4ss\u00e4 Suomessa myyr\u00e4kuumetta esiintyy yleisesti ottaen suhteellisen v\u00e4h\u00e4n, koska suurin osa ihmisist\u00e4 ei juurikaan ole tekemiss\u00e4 myyrien tai niiden j\u00e4t\u00f6sten kanssa.<\/p>\n<p>Tartuntojen suurin ilmaantuvuus on Voutilaisen mukaan syksyn aikana ollut Pohjois-Savossa, Etel\u00e4-Savossa ja Kainuussa. Esimerkiksi Pohjois- ja Etel\u00e4-Savossa myyr\u00e4kuumetta on kuitenkin esiintynyt melko v\u00e4h\u00e4n suhteessa alueellisiin myyr\u00e4kantoihin. Voutilainen arvelee t\u00e4m\u00e4n johtuvan keskim\u00e4\u00e4r\u00e4ist\u00e4 lauhemmasta syksyst\u00e4.<\/p>\n<p>\u2013\u2009Myyr\u00e4t ovat p\u00e4rj\u00e4nneet t\u00e4h\u00e4n asti viel\u00e4 omissa ymp\u00e4rist\u00f6iss\u00e4\u00e4n, eiv\u00e4tk\u00e4 ne ole hakeutuneet ihmisten l\u00e4hettyville ulkorakennuksiin tai sein\u00e4nraoista sis\u00e4lle, kuten ne syd\u00e4ntalvella tekev\u00e4t.<\/p>\n<p>Kaikki tapaukset eiv\u00e4t my\u00f6sk\u00e4\u00e4n tallennu tartuntatautirekisteriin. Voutilainen kertoo, ett\u00e4 Suomessa tehtyjen serologisten tutkimusten perusteella on arvioitu, ett\u00e4 vain viidesosa tartunnan saaneista hakeutuu terveydenhuoltoon.<\/p>\n<p>K\u00e4yt\u00e4nn\u00f6ss\u00e4 siis tartuntojen todellinen m\u00e4\u00e4r\u00e4 voi tilastoihin verrattuna olla noin viisinkertainen.<\/p>\n<p>\u2013\u2009Se kertoo siit\u00e4, ett\u00e4 suurimmassa osassa tapauksista oireenkuva on tosi liev\u00e4, Voutilainen sanoo.<\/p>\n<p>\t\t\t\tVain harva sairastuu vakavasti<\/p>\n<p>Myyr\u00e4kuume on munuaisoireinen verenvuotokuume. Sit\u00e4 aiheuttaa Puumala-virus, joka tarttuu ihmisiin mets\u00e4myyrien eritteiden saastuttamasta p\u00f6lyst\u00e4 hengitysteitse. Suurin tartuntavaara on esimerkiksi liitereiss\u00e4 ja muissa ulkorakennuksissa, jos mets\u00e4myyrill\u00e4 on niihin p\u00e4\u00e4sy.<\/p>\n<p>Ihmisest\u00e4 ihmiseen virus ei tartu, eiv\u00e4tk\u00e4 kaikki mets\u00e4myyr\u00e4t kanna virusta.<\/p>\n<p>Myyr\u00e4kuumeen yleisimm\u00e4t oireet ovat p\u00e4\u00e4ns\u00e4rky ja kuume, jotka kuuluvat moneen muuhunkin tautiin. Siksi Voutilainen uskoo, ett\u00e4 moni ei edes tied\u00e4 sairastavansa tai sairastaneensa myyr\u00e4kuumetta.<\/p>\n<p>Vakavaan tautiin sairastuu vain harva. Voutilainen kertoo, ett\u00e4 joillakuilla ihmisill\u00e4 on geneettinen alttius sairastua viruksesta vakavasti, mink\u00e4 lis\u00e4ksi tupakointi voi altistaa taudin vakavalle muodolle.<\/p>\n","protected":false},"excerpt":{"rendered":"Mets\u00e4myyrien suuri m\u00e4\u00e4r\u00e4 ei ainakaan viel\u00e4 n\u00e4y myyr\u00e4kuumetapausten lis\u00e4\u00e4ntymisen\u00e4. Valtakunnalliseen tartuntatautirekisteriin on kuluvana vuonna ilmoitettu hieman yli 800&hellip;\n","protected":false},"author":2,"featured_media":110915,"comment_status":"","ping_status":"","sticky":false,"template":"","format":"standard","meta":{"footnotes":""},"categories":[112],"tags":[33,31,30,4026,72,952,764,118,32,767,765,119,769,534],"class_list":{"0":"post-110914","1":"post","2":"type-post","3":"status-publish","4":"format-standard","5":"has-post-thumbnail","7":"category-tiede","8":"tag-fi","9":"tag-finland","10":"tag-finnish","11":"tag-juvan-seutukunta","12":"tag-luonto","13":"tag-oulu","14":"tag-sairaudet","15":"tag-science","16":"tag-suomi","17":"tag-tartuntataudit","18":"tag-taudit-ja-hairiot","19":"tag-tiede","20":"tag-virussairaudet","21":"tag-ymparisto-ja-luonto"},"share_on_mastodon":{"url":"https:\/\/pubeurope.com\/@fi\/115684104172895642","error":""},"_links":{"self":[{"href":"https:\/\/www.europesays.com\/fi\/wp-json\/wp\/v2\/posts\/110914","targetHints":{"allow":["GET"]}}],"collection":[{"href":"https:\/\/www.europesays.com\/fi\/wp-json\/wp\/v2\/posts"}],"about":[{"href":"https:\/\/www.europesays.com\/fi\/wp-json\/wp\/v2\/types\/post"}],"author":[{"embeddable":true,"href":"https:\/\/www.europesays.com\/fi\/wp-json\/wp\/v2\/users\/2"}],"replies":[{"embeddable":true,"href":"https:\/\/www.europesays.com\/fi\/wp-json\/wp\/v2\/comments?post=110914"}],"version-history":[{"count":0,"href":"https:\/\/www.europesays.com\/fi\/wp-json\/wp\/v2\/posts\/110914\/revisions"}],"wp:featuredmedia":[{"embeddable":true,"href":"https:\/\/www.europesays.com\/fi\/wp-json\/wp\/v2\/media\/110915"}],"wp:attachment":[{"href":"https:\/\/www.europesays.com\/fi\/wp-json\/wp\/v2\/media?parent=110914"}],"wp:term":[{"taxonomy":"category","embeddable":true,"href":"https:\/\/www.europesays.com\/fi\/wp-json\/wp\/v2\/categories?post=110914"},{"taxonomy":"post_tag","embeddable":true,"href":"https:\/\/www.europesays.com\/fi\/wp-json\/wp\/v2\/tags?post=110914"}],"curies":[{"name":"wp","href":"https:\/\/api.w.org\/{rel}","templated":true}]}}