{"id":110926,"date":"2025-12-08T13:25:10","date_gmt":"2025-12-08T13:25:10","guid":{"rendered":"https:\/\/www.europesays.com\/fi\/110926\/"},"modified":"2025-12-08T13:25:10","modified_gmt":"2025-12-08T13:25:10","slug":"nelja-nostoa-viikostani-alaa-salonen-keskittyy-tuotekehitykseen-ja-juhlii-poikansa-syntymapaivia-akaan-seutu","status":"publish","type":"post","link":"https:\/\/www.europesays.com\/fi\/110926\/","title":{"rendered":"Nelj\u00e4 nostoa viikostani: Alaa Salonen keskittyy tuotekehitykseen ja juhlii poikansa syntym\u00e4p\u00e4ivi\u00e4 &#8211; Akaan Seutu"},"content":{"rendered":"<ol>\n<li><a href=\"https:\/\/news.google.com\/rss\/articles\/CBMiygFBVV95cUxNeXFibWFVMldRam5oYmJXa2MzMFVoQW9EenRWakhwakE5LW5sV296OHRoOXF2c2swUXh5VW5QTUR4ekRreTNYU0ZISDI3VDlqRzlONW10VXM1TmR2UDJvbXJ2OS1NeWhyYnJuemhMN18zbTBMS1pxLWdueENQRjI2RTlVaGhDcm5fcTZ4ZzhVb3VlZVdQd1NOMi1mbGpHY2RDbjhEUC16U2k2Y3dMZ05HU2ZUQzVwdW0xZFJ6WFRtTm93VUZnWlZWX2pB?oc=5\" target=\"_blank\" rel=\"nofollow noopener\">Nelj\u00e4 nostoa viikostani: Alaa Salonen keskittyy tuotekehitykseen ja juhlii poikansa syntym\u00e4p\u00e4ivi\u00e4<\/a>&nbsp;&nbsp;Akaan Seutu<\/li>\n<li><a href=\"https:\/\/news.google.com\/rss\/articles\/CBMie0FVX3lxTE1NUHl5czZfNlExWlVkaDJNMHpQYXpaSnlZTXVxcG9fazNhQmNkQVUyUmtJRjdHbVhSMC0wLVhtWGMyMldUM2RPVHg1bjNId3Q2SWIxVzdIdEc3Q2FqZy1vNlpyZlhfZmNsN2tnVVA0cXpaTXFGOFNDeTVOTQ?oc=5\" target=\"_blank\" rel=\"nofollow noopener\">Hurja takaa-ajo Pirkanmaalla<\/a>&nbsp;&nbsp;Iltalehti<\/li>\n<li><a href=\"https:\/\/news.google.com\/rss\/articles\/CBMiY0FVX3lxTFAwVHMtNWM5VF9GaWJOMUx1ajdWS2I1U3FrQXN6a1VkYVBUbVRZcHBkWVM3cGdrcmhBWmJkRkxOczhXbzRtZXVUMGNhMnNJb1ZSVXJCRFd4ZExoZW1zTTljOG1QUQ?oc=5\" target=\"_blank\" rel=\"nofollow noopener\">Poliisi oli pys\u00e4ytt\u00e4m\u00e4ss\u00e4 autoa Tampereella, mutta kuski kaahasi karkuun \u2013 pakomatka p\u00e4\u00e4ttyi Akaan Viialaan<\/a>&nbsp;&nbsp;Aamulehti<\/li>\n<li><a href=\"https:\/\/news.google.com\/rss\/articles\/CBMiQkFVX3lxTE4wOVM1RERnR1VQNDFuVkc0ZzJiRUZwNXBQNmluMFR5N2NWRWJ5aEpsSTFVVXVJT2hMbWdHQmliYjZXdw?oc=5\" target=\"_blank\" rel=\"nofollow noopener\">Autoilija kaahasi Pirkanmaalla poliisia pakoon moottoritiell\u00e4 ja taajamassa \u2013 vauhtia oli jopa 170 kilometri\u00e4 tunnissa<\/a>&nbsp;&nbsp;Yle<\/li>\n<li><a href=\"https:\/\/news.google.com\/rss\/articles\/CBMiXEFVX3lxTE1jS2tMTEhGWndtMXVkUDRaUUZ5TDIwOTdNRkprMGZGbDNtZUZpYUVJSzk3bzlQUjdIaWZZWDUzVlhMM1g4eFVUYWRHMzc4Z3VJY3JTeHhmMmNBaGkt?oc=5\" target=\"_blank\" rel=\"nofollow noopener\">Tampereella hurja takaa-ajo sunnuntaiaamuna: poliisin vanhat tutut kaahasivat Kaukaj\u00e4rvelt\u00e4 Akaan Viialaan<\/a>&nbsp;&nbsp;Tamperelainen<\/li>\n<\/ol>\n","protected":false},"excerpt":{"rendered":"Nelj\u00e4 nostoa viikostani: Alaa Salonen keskittyy tuotekehitykseen ja juhlii poikansa syntym\u00e4p\u00e4ivi\u00e4&nbsp;&nbsp;Akaan Seutu Hurja takaa-ajo Pirkanmaalla&nbsp;&nbsp;Iltalehti Poliisi oli pys\u00e4ytt\u00e4m\u00e4ss\u00e4&hellip;\n","protected":false},"author":2,"featured_media":110927,"comment_status":"","ping_status":"","sticky":false,"template":"","format":"standard","meta":{"footnotes":""},"categories":[135],"tags":[389,387,388,390,137,33,31,30,20615,32,394,393,391,392,109],"class_list":{"0":"post-110926","1":"post","2":"type-post","3":"status-publish","4":"format-standard","5":"has-post-thumbnail","7":"category-taiteet-ja-suunnittelu","8":"tag-arts","9":"tag-arts-and-design","10":"tag-artsanddesign","11":"tag-design","12":"tag-entertainment","13":"tag-fi","14":"tag-finland","15":"tag-finnish","16":"tag-nelja-nostoa-viikostani","17":"tag-suomi","18":"tag-suunnittelu","19":"tag-taiteet","20":"tag-taiteet-ja-suunnittelu","21":"tag-taiteetsuunnittelu","22":"tag-viihde"},"share_on_mastodon":{"url":"https:\/\/pubeurope.com\/@fi\/115684174954882145","error":""},"_links":{"self":[{"href":"https:\/\/www.europesays.com\/fi\/wp-json\/wp\/v2\/posts\/110926","targetHints":{"allow":["GET"]}}],"collection":[{"href":"https:\/\/www.europesays.com\/fi\/wp-json\/wp\/v2\/posts"}],"about":[{"href":"https:\/\/www.europesays.com\/fi\/wp-json\/wp\/v2\/types\/post"}],"author":[{"embeddable":true,"href":"https:\/\/www.europesays.com\/fi\/wp-json\/wp\/v2\/users\/2"}],"replies":[{"embeddable":true,"href":"https:\/\/www.europesays.com\/fi\/wp-json\/wp\/v2\/comments?post=110926"}],"version-history":[{"count":0,"href":"https:\/\/www.europesays.com\/fi\/wp-json\/wp\/v2\/posts\/110926\/revisions"}],"wp:featuredmedia":[{"embeddable":true,"href":"https:\/\/www.europesays.com\/fi\/wp-json\/wp\/v2\/media\/110927"}],"wp:attachment":[{"href":"https:\/\/www.europesays.com\/fi\/wp-json\/wp\/v2\/media?parent=110926"}],"wp:term":[{"taxonomy":"category","embeddable":true,"href":"https:\/\/www.europesays.com\/fi\/wp-json\/wp\/v2\/categories?post=110926"},{"taxonomy":"post_tag","embeddable":true,"href":"https:\/\/www.europesays.com\/fi\/wp-json\/wp\/v2\/tags?post=110926"}],"curies":[{"name":"wp","href":"https:\/\/api.w.org\/{rel}","templated":true}]}}