{"id":110933,"date":"2025-12-08T13:36:08","date_gmt":"2025-12-08T13:36:08","guid":{"rendered":"https:\/\/www.europesays.com\/fi\/110933\/"},"modified":"2025-12-08T13:36:08","modified_gmt":"2025-12-08T13:36:08","slug":"venaja-on-lahettilaan-mukaan-aina-ongelma-putinismi-jatkuu-sukupolvia","status":"publish","type":"post","link":"https:\/\/www.europesays.com\/fi\/110933\/","title":{"rendered":"Ven\u00e4j\u00e4 on l\u00e4hettil\u00e4\u00e4n mukaan aina ongelma, putinismi jatkuu sukupolvia"},"content":{"rendered":"<p class=\"ai-optimize-6 ai-optimize-introduction\">Viron Ruotsin-suurl\u00e4hettil\u00e4s <strong>Margus Laidre<\/strong> tyrm\u00e4\u00e4 <a href=\"https:\/\/www.svd.se\/a\/JO1JzR\/estlands-ambassador-margus-laidre-ryssland-ar-ett-hot-mot-hela-europa\" target=\"_blank\" rel=\"noopener nofollow\">Svenska Dagbladetin<\/a> haastattelussa l\u00e4nness\u00e4 toisinaan esiintyv\u00e4t haaveet, ett\u00e4 Ven\u00e4j\u00e4 muuttuisi joskus normaaliksi ja demokraattiseksi maaksi.<\/p>\n<p class=\"ai-optimize-8\">Isoa muutosta ei h\u00e4nen mukaansa ole luvassa edes <strong>Vladimir Putinin<\/strong> valtakauden j\u00e4lkeen.<\/p>\n<p class=\"ai-optimize-9\">\u2013 Putinismi ideologiana tulee jatkumaan, ehk\u00e4 viel\u00e4 yhden tai kahden sukupolven ajan. Putin ei ole tuputtanut itse\u00e4\u00e4n Ven\u00e4j\u00e4n v\u00e4est\u00f6lle \u2013 h\u00e4n ilment\u00e4\u00e4 suurta osaa siit\u00e4, Margus Laidre toteaa.<\/p>\n<p class=\"ai-optimize-10\">Virolaisdiplomaatti suosittelee lukemaan maanpaossa el\u00e4v\u00e4n ven\u00e4l\u00e4isen <strong>Mihail \u0160i\u0161kinin<\/strong> esseekokoelman Sota vai rauha.<\/p>\n<p class=\"ai-optimize-11\">\u2013 H\u00e4nen pelottava johtop\u00e4\u00e4t\u00f6ksens\u00e4 on, ett\u00e4 jos Ven\u00e4j\u00e4n on m\u00e4\u00e4r\u00e4 muuttua, pelkk\u00e4 eliitin vaihtaminen ei riit\u00e4. On vaihdettava koko kansakunta, l\u00e4hettil\u00e4s lainaa ven\u00e4l\u00e4iskirjailijan esitt\u00e4m\u00e4\u00e4 ajatusta.<\/p>\n<p class=\"ai-optimize-12\">Margus Laidre on historian tohtori ja konkaridiplomaatti, joka on ty\u00f6skennellyt suurl\u00e4hettil\u00e4\u00e4n\u00e4 Ruotsissa 1991\u20131996, Saksassa 1996\u20131997, Britanniassa 2005\u20132010, Suomessa 2014\u20132018 ja Ven\u00e4j\u00e4ll\u00e4 2018\u20132023.<\/p>\n<p class=\"ai-optimize-14\">H\u00e4n syntyi vuonna 1959 Neuvostoliiton miehitt\u00e4m\u00e4\u00e4n Viroon. L\u00e4hettil\u00e4s sanoo olevansa hyvin pessimistinen Ven\u00e4j\u00e4n suhteen.<\/p>\n<p class=\"ai-optimize-15\">\u2013 Pyyd\u00e4n anteeksi, jos t\u00e4m\u00e4 kuulostaa ylimieliselt\u00e4, mutta en n\u00e4e mit\u00e4\u00e4n mahdollisuutta demokraattiselle kehitykselle. Ven\u00e4j\u00e4 tulee aina olemaan ongelma \u2013 joskus vahvempana, joskus heikompana \u2013 mutta se tulee aina olemaan haaste naapureilleen, Margus Laidre toteaa.<\/p>\n<p class=\"ai-optimize-17\">H\u00e4n sanoo kuitenkin ymm\u00e4rt\u00e4v\u00e4ns\u00e4, ett\u00e4 EU-mailla on historiallisista syist\u00e4 johtuen hyvin erilaisia kokemuksia Ven\u00e4j\u00e4st\u00e4.<\/p>\n<p class=\"ai-optimize-19\">\u2013 Ei voida vaatia, ett\u00e4 Madridilla, Lissabonilla tai Roomalla olisi Ven\u00e4j\u00e4st\u00e4 samanlaista ymm\u00e4rryst\u00e4 kuin meill\u00e4 Tallinnassa, Helsingiss\u00e4, Riiassa tai Varsovassa. Siksi meid\u00e4n t\u00e4ytyy selitt\u00e4\u00e4, miksi ven\u00e4l\u00e4inen uhka ei ole vain uhka Ven\u00e4j\u00e4n l\u00e4himm\u00e4lle ymp\u00e4rist\u00f6lle, vaan haaste ja uhka koko Euroopalle. Jos voimme l\u00e4hte\u00e4 t\u00e4st\u00e4 l\u00e4ht\u00f6kohdasta, voimme ymm\u00e4rt\u00e4\u00e4 toisiamme paremmin, suurl\u00e4hettil\u00e4s sanoo.<\/p>\n","protected":false},"excerpt":{"rendered":"Viron Ruotsin-suurl\u00e4hettil\u00e4s Margus Laidre tyrm\u00e4\u00e4 Svenska Dagbladetin haastattelussa l\u00e4nness\u00e4 toisinaan esiintyv\u00e4t haaveet, ett\u00e4 Ven\u00e4j\u00e4 muuttuisi joskus normaaliksi ja&hellip;\n","protected":false},"author":2,"featured_media":110934,"comment_status":"","ping_status":"","sticky":false,"template":"","format":"standard","meta":{"footnotes":""},"categories":[14],"tags":[22,23,26,27,33,31,30,17,24,25,28,29,15,18,21,32,19,20,56,16,987,59,60,61],"class_list":{"0":"post-110933","1":"post","2":"type-post","3":"status-publish","4":"format-standard","5":"has-post-thumbnail","7":"category-ulkomaat","8":"tag-breaking-news","9":"tag-breakingnews","10":"tag-featured-news","11":"tag-featurednews","12":"tag-fi","13":"tag-finland","14":"tag-finnish","15":"tag-headlines","16":"tag-latest-news","17":"tag-latestnews","18":"tag-main-news","19":"tag-mainnews","20":"tag-news","21":"tag-otsikot","22":"tag-paauutiset","23":"tag-suomi","24":"tag-top-stories","25":"tag-topstories","26":"tag-ulkomaat","27":"tag-uutiset","28":"tag-venajan-hyokkays","29":"tag-world","30":"tag-world-news","31":"tag-worldnews"},"share_on_mastodon":{"url":"https:\/\/pubeurope.com\/@fi\/115684218322446375","error":""},"_links":{"self":[{"href":"https:\/\/www.europesays.com\/fi\/wp-json\/wp\/v2\/posts\/110933","targetHints":{"allow":["GET"]}}],"collection":[{"href":"https:\/\/www.europesays.com\/fi\/wp-json\/wp\/v2\/posts"}],"about":[{"href":"https:\/\/www.europesays.com\/fi\/wp-json\/wp\/v2\/types\/post"}],"author":[{"embeddable":true,"href":"https:\/\/www.europesays.com\/fi\/wp-json\/wp\/v2\/users\/2"}],"replies":[{"embeddable":true,"href":"https:\/\/www.europesays.com\/fi\/wp-json\/wp\/v2\/comments?post=110933"}],"version-history":[{"count":0,"href":"https:\/\/www.europesays.com\/fi\/wp-json\/wp\/v2\/posts\/110933\/revisions"}],"wp:featuredmedia":[{"embeddable":true,"href":"https:\/\/www.europesays.com\/fi\/wp-json\/wp\/v2\/media\/110934"}],"wp:attachment":[{"href":"https:\/\/www.europesays.com\/fi\/wp-json\/wp\/v2\/media?parent=110933"}],"wp:term":[{"taxonomy":"category","embeddable":true,"href":"https:\/\/www.europesays.com\/fi\/wp-json\/wp\/v2\/categories?post=110933"},{"taxonomy":"post_tag","embeddable":true,"href":"https:\/\/www.europesays.com\/fi\/wp-json\/wp\/v2\/tags?post=110933"}],"curies":[{"name":"wp","href":"https:\/\/api.w.org\/{rel}","templated":true}]}}