{"id":110953,"date":"2025-12-08T14:17:09","date_gmt":"2025-12-08T14:17:09","guid":{"rendered":"https:\/\/www.europesays.com\/fi\/110953\/"},"modified":"2025-12-08T14:17:09","modified_gmt":"2025-12-08T14:17:09","slug":"veturitalliin-tulee-legendaarisen-luontokuvaajan-poikkeuksellisen-laaja-nayttely","status":"publish","type":"post","link":"https:\/\/www.europesays.com\/fi\/110953\/","title":{"rendered":"Veturitalliin tulee legendaarisen luontokuvaajan poikkeuksellisen laaja n\u00e4yttely"},"content":{"rendered":"<p>Salon taidemuseo Veturitalli on julkaissut ensi vuoden n\u00e4yttelyohjelmistonsa.<\/p>\n<p>Museon p\u00e4\u00e4tilassa n\u00e4hd\u00e4\u00e4n ensi vuoden aikana kolme n\u00e4yttely\u00e4 ja Galleria Sivuraide -tilassa kaksi n\u00e4yttely\u00e4.<\/p>\n<p>Tammikuussa Veturitallin valtaa suomalaisen luontovalokuvauksen legenda <b>Hannu Hautala<\/b> (1941\u20132023).<\/p>\n<p>Hautala oli <a href=\"https:\/\/www.sss.fi\/2023\/07\/suomalaisen-luontokuvauksen-uranuurtaja-hannu-hautala-on-kuollut\/\" rel=\"nofollow noopener\" target=\"_blank\">Suomen ensimm\u00e4inen ammattimainen luontokuvaaja<\/a> ja alan keskeinen vaikuttaja vuosikymmenten ajan.<\/p>\n<p>Veturitalliin pystytett\u00e4v\u00e4 Poika, joka rakasti lintuja on Hautalan laajin museon\u00e4yttely koskaan. Esille tulee yli sata valokuvaa, jotka t\u00e4ytt\u00e4v\u00e4t Veturitallin kaikki n\u00e4yttelytilat.<\/p>\n<p>\u2013 Yhteisty\u00f6ss\u00e4 Hannu Hautala -s\u00e4\u00e4ti\u00f6n kanssa tuotettu n\u00e4yttely kiertyy vuodenaikojen ymp\u00e4rille kattaen valokuvaajan ty\u00f6n eri vuosikymmenet, tiedotteessa kerrotaan.<\/p>\n<p>Toukokuussa valokuvat vaihtuvat toisiin, kun Hautalan n\u00e4yttely sulkeutuu ja ruotsalaisen kuvataitelijan <b>Helena Blomqvistin<\/b> (s. 1975) n\u00e4yttely avautuu.<\/p>\n<p>Blomqvist rakentaa kuvansa: h\u00e4n tekee lavasteet ja pukee kuvattavat tarkasti suunniteltuihin asuihin.<\/p>\n<p>\u2013 Lumoavat valokuvat johdattavat katsojan intensiivisten, unenomaisten tarinoiden \u00e4\u00e4relle. Teokset ovat kuin pys\u00e4ytyskuvia elokuvista tai kohtauksia sadusta, mutta niiss\u00e4 on my\u00f6s syv\u00e4\u00e4 melankoliaa ja yhteiskunnallisia s\u00e4vyj\u00e4.<\/p>\n<p><img fetchpriority=\"high\" decoding=\"async\" class=\"wp-image-1012618 size-full\" src=\"https:\/\/www.europesays.com\/fi\/wp-content\/uploads\/2025\/12\/11581303.jpg\" alt=\"\" width=\"1000\" height=\"735\"  \/>Helena Blomqvist: Bel Air, 2016.<\/p>\n<p>Lokakuusta vuoden loppuun asti Veturitallissa tuodaan valoa pimeyteen.<\/p>\n<p>N\u00e4yttely Visit valo esittelee kotimaista valotaidetta t\u00e4m\u00e4n p\u00e4iv\u00e4n tekij\u00f6ilt\u00e4 ja menneilt\u00e4 vuosikymmenilt\u00e4.<\/p>\n<p>\u2013 N\u00e4yttely kutsuu ihmettelem\u00e4\u00e4n ja ihastumaan valon mahdollisuuksiin eri tekniikoin ja tyylein toteutettujen teosten \u00e4\u00e4rell\u00e4.<\/p>\n<p><strong>Veturitallin ensi vuoden n\u00e4yttelyt<\/strong>:<\/p>\n<ul>\n<li>Hannu Hautala: Poika, joka rakasti lintuja, 24.1.\u20133.5.2026<\/li>\n<li>Helena Blomqvist, 23.5.\u20136.9.2026<\/li>\n<li>Visit valo, 3.10.2026\u20133.1.2027<\/li>\n<\/ul>\n<p><strong>Galleria sivuraide<\/strong>:<\/p>\n<ul>\n<li>Paula Lehtonen: Kunniavieraat, 23.5.\u20136.9.2026<\/li>\n<li>Sauli Suomela: Layers \/ Kerrokset, 3.10.2026\u20133.1.2027<\/li>\n<\/ul>\n<p>Galleria Sivuraiteessa on ensi vuonna kaksi n\u00e4yttely\u00e4.\u00a0Toukokuusta syyskuulle on esill\u00e4 <b>Paula Lehtosen<\/b> videoinstallaatio Kunniavieraat, joka vie katsojan illallisp\u00f6yt\u00e4\u00e4n. Teos haastaa tarkastelemaan tuotantoel\u00e4imeksi mielletty\u00e4 lajia ihmisenkaltaisena toimijana: p\u00e4\u00e4osaa sanattomassa videoteoksessa esitt\u00e4v\u00e4t aterioimaan saapuvat kanat, jotka tyypillisesti l\u00f6ytyv\u00e4t lautasilta osana ateriaa.<\/p>\n<p>Lokakuussa Galleria Sivuraiteessa avautuu <b>Sauli Suomelan<\/b> n\u00e4yttely Layers \/ Kerrokset. N\u00e4yttelyn installaatio koostuu lasimaisista kerroksellisista v\u00e4ripinnoista. Teokset syntyv\u00e4t valamalla kerroksittain v\u00e4rj\u00e4tty\u00e4 epoksihartsia, jonka l\u00e4pi kulkeva valo luo hehkuvia s\u00e4vyj\u00e4 ja vaihtelevia heijastuksia.<\/p>\n","protected":false},"excerpt":{"rendered":"Salon taidemuseo Veturitalli on julkaissut ensi vuoden n\u00e4yttelyohjelmistonsa. Museon p\u00e4\u00e4tilassa n\u00e4hd\u00e4\u00e4n ensi vuoden aikana kolme n\u00e4yttely\u00e4 ja Galleria&hellip;\n","protected":false},"author":2,"featured_media":110954,"comment_status":"","ping_status":"","sticky":false,"template":"","format":"standard","meta":{"footnotes":""},"categories":[135],"tags":[389,387,388,390,137,33,31,30,1013,406,967,32,394,393,391,392,15645,14957,11026,109],"class_list":{"0":"post-110953","1":"post","2":"type-post","3":"status-publish","4":"format-standard","5":"has-post-thumbnail","7":"category-taiteet-ja-suunnittelu","8":"tag-arts","9":"tag-arts-and-design","10":"tag-artsanddesign","11":"tag-design","12":"tag-entertainment","13":"tag-fi","14":"tag-finland","15":"tag-finnish","16":"tag-kuvataide","17":"tag-luontovalokuvaus","18":"tag-nayttelyt","19":"tag-suomi","20":"tag-suunnittelu","21":"tag-taiteet","22":"tag-taiteet-ja-suunnittelu","23":"tag-taiteetsuunnittelu","24":"tag-valokuva","25":"tag-valotaide","26":"tag-veturitalli","27":"tag-viihde"},"share_on_mastodon":{"url":"https:\/\/pubeurope.com\/@fi\/115684379697170507","error":""},"_links":{"self":[{"href":"https:\/\/www.europesays.com\/fi\/wp-json\/wp\/v2\/posts\/110953","targetHints":{"allow":["GET"]}}],"collection":[{"href":"https:\/\/www.europesays.com\/fi\/wp-json\/wp\/v2\/posts"}],"about":[{"href":"https:\/\/www.europesays.com\/fi\/wp-json\/wp\/v2\/types\/post"}],"author":[{"embeddable":true,"href":"https:\/\/www.europesays.com\/fi\/wp-json\/wp\/v2\/users\/2"}],"replies":[{"embeddable":true,"href":"https:\/\/www.europesays.com\/fi\/wp-json\/wp\/v2\/comments?post=110953"}],"version-history":[{"count":0,"href":"https:\/\/www.europesays.com\/fi\/wp-json\/wp\/v2\/posts\/110953\/revisions"}],"wp:featuredmedia":[{"embeddable":true,"href":"https:\/\/www.europesays.com\/fi\/wp-json\/wp\/v2\/media\/110954"}],"wp:attachment":[{"href":"https:\/\/www.europesays.com\/fi\/wp-json\/wp\/v2\/media?parent=110953"}],"wp:term":[{"taxonomy":"category","embeddable":true,"href":"https:\/\/www.europesays.com\/fi\/wp-json\/wp\/v2\/categories?post=110953"},{"taxonomy":"post_tag","embeddable":true,"href":"https:\/\/www.europesays.com\/fi\/wp-json\/wp\/v2\/tags?post=110953"}],"curies":[{"name":"wp","href":"https:\/\/api.w.org\/{rel}","templated":true}]}}