{"id":110957,"date":"2025-12-08T14:24:11","date_gmt":"2025-12-08T14:24:11","guid":{"rendered":"https:\/\/www.europesays.com\/fi\/110957\/"},"modified":"2025-12-08T14:24:11","modified_gmt":"2025-12-08T14:24:11","slug":"kerttu-rissanen-ja-sami-uotila-juhlivat-yhdessa-itsenaisyyspaivana","status":"publish","type":"post","link":"https:\/\/www.europesays.com\/fi\/110957\/","title":{"rendered":"Kerttu Rissanen ja Sami Uotila juhlivat yhdess\u00e4 itsen\u00e4isyysp\u00e4iv\u00e4n\u00e4"},"content":{"rendered":"<p>            Timo Korhonen\n        <\/p>\n<p class=\"subtitle \">Kerttu ja Sami erosivat viime vuonna, mutta heid\u00e4n yst\u00e4vyytens\u00e4 ei ole kuihtunut.<\/p>\n<p class=\"article-content article-content-width !bg-background\">Suomen itsen\u00e4isyytt\u00e4 ei suinkaan juhlistettu lauantaina (6.12.) pelk\u00e4st\u00e4\u00e4n Linnan juhlissa.\u00a0<\/p>\n<p class=\"font-weight-bold m-font-weight-bold article-content article-content-width !bg-background\">Katso arkistovideo: Kerttu Rissanen puhuu ennakkoluuloista<\/p>\n<p class=\"article-content article-content-width !bg-background\">Hulppeita pippaloita l\u00f6ytyi ripoteltuina yltymp\u00e4riins\u00e4, ja viikonlopun kemukansa saattoi todistaa t\u00e4htiloistetta muuallakin kuin Presidentinlinnassa.<\/p>\n<p class=\"article-content article-content-width !bg-background\">Yksi p\u00e4\u00e4kaupunkiseudun bilekeskuksista oli Helsingin Kulttuuritalo, jossa j\u00e4rjestettiin SuomiR\u00e4pin Itsen\u00e4isyysp\u00e4iv\u00e4juhla. Pippaloissa esiintyiv\u00e4t esimerkiksi ,  ja , ja illan aikana jaettiin palkintoja vuoden parhaille tekij\u00f6ille.<\/p>\n<p>        <a itemprop=\"url\" href=\"https:\/\/www.seiska.fi\/kotimaa\/kerttu-rissaselta-avoin-tilitys-sami-uotilalta-paljonpuhuva-reaktio\/1964086\" rel=\"nofollow noopener\" target=\"_blank\"><\/p>\n<p>\nSami Uotilalta paljonpuhuva reaktio\n<\/p>\n<p class=\"section-date\">\n        <strong class=\"article-section\" data-section=\"kotimaa\"><br \/>\n            kotimaa<br \/>\n        <\/strong><br \/>\n        16.10. 14:25\n    <\/p>\n<p>Kerttu Rissaselta avoin tilitys \u2013 Sami Uotilalta paljonpuhuva reaktio\n    <\/p>\n<p itemprop=\"description\" class=\"subtitle \">\n    Kerttu avautuu kaksijakoisesta el\u00e4m\u00e4st\u00e4\u00e4n, joka on saanut n\u00e4yttelij\u00e4n harkitsemaan tutkimuksiin hakeutumista.\n<\/p>\n<p>        <\/a><\/p>\n<p class=\"article-content article-content-width !bg-background\">Paikalla ollut Seiskan lukija kertoo, ett\u00e4 kemuissa oli hyv\u00e4 meininki ja paikalle oli ker\u00e4\u00e4ntynyt paljon ihmisi\u00e4. Heid\u00e4n joukossaan oli my\u00f6s koko kansalle tuttuja kasvoja, kuten ex-Salkkarit-pariskunta  ja .<\/p>\n<p>Fanit morottivat<\/p>\n<p class=\"article-content article-content-width !bg-background\">Tarkkasilm\u00e4inen lukija bongasi Kertun ja Samin, kun tapahtuman virallinen osuus oli jo p\u00e4\u00e4ttynyt. Osa juhlakansasta jonotti samassa rakennuksessa sijaitsevalle jatkopaikalle, osa taas teki l\u00e4ht\u00f6\u00e4.<\/p>\n<p class=\"article-content article-content-width !bg-background\">\u2013 Kerttu ja Sami oleskelivat aulassa tatuoidun vaaleaverik\u00f6n seurassa. Ep\u00e4selv\u00e4ksi j\u00e4i, l\u00e4htiv\u00e4tko he pois vai meniv\u00e4tk\u00f6 viel\u00e4 jatkopaikalle, Seiskalle raportoidaan.<\/p>\n<p class=\"article-content article-content-width !bg-background\">\u2013 He n\u00e4yttiv\u00e4t hyv\u00e4lt\u00e4.\u00a0Ihmiset tunnistivat heid\u00e4t ja k\u00e4viv\u00e4t innokkaasti moikkaamassa idoleitaan.<\/p>\n<p>        <a itemprop=\"url\" href=\"https:\/\/www.seiska.fi\/kotimaa\/kerttu-rissanen-antautui-komistuksen-kanssa-halaukseen-kuva\/1982457\" rel=\"nofollow noopener\" target=\"_blank\"><\/p>\n<p>\nKerttu Rissanen\n<\/p>\n<p class=\"section-date\">\n        <strong class=\"article-section\" data-section=\"kotimaa\"><br \/>\n            kotimaa<br \/>\n        <\/strong><br \/>\n        4.11. 12:55\n    <\/p>\n<p>Kerttu Rissanen antautui komistuksen kanssa halaukseen \u2013 kuva!\n    <\/p>\n<p itemprop=\"description\" class=\"subtitle \">\n    Kuntoiluohjaaja vaihtoi viikonloppuna vapaalle n\u00e4ytt\u00e4v\u00e4ss\u00e4 asussa.\n<\/p>\n<p>        <\/a><\/p>\n<p>                <img decoding=\"async\" src=\"https:\/\/www.europesays.com\/fi\/wp-content\/uploads\/2025\/12\/2014689.webp\" width=\"576\" height=\"754\" alt=\"Kerttu viipotti seurueensa luokse t\u00f6lkki k\u00e4t\u00f6sess\u00e4\u00e4n.\" loading=\"lazy\" \/>            <\/p>\n<p>\n            Kerttu viipotti seurueensa luokse t\u00f6lkki k\u00e4t\u00f6sess\u00e4\u00e4n.<br \/>\n            Seiskan lukija\n        <\/p>\n<p>                <img decoding=\"async\" src=\"https:\/\/www.europesays.com\/fi\/wp-content\/uploads\/2025\/12\/2014691.webp\" width=\"576\" height=\"788\" alt=\"Samilla riitti juttua, kun virallinen juhlaosuus oli ohitse.\" loading=\"lazy\" \/>            <\/p>\n<p>\n            Samilla riitti juttua, kun virallinen juhlaosuus oli ohitse.<br \/>\n            Seiskan lukija\n        <\/p>\n<p>Hyvi\u00e4 yst\u00e4vi\u00e4<\/p>\n<p class=\"article-content article-content-width !bg-background\">Ex-pariskunta seurusteli vuosina 2018\u20132024 ja eh\u00e4tti my\u00f6s kihloihin. Eron j\u00e4lkeen he ovat viihtyneet hyvin yhdess\u00e4, toisinaan isommassa porukassa, toisinaan kahden kesken.<\/p>\n<p class=\"article-content article-content-width !bg-background\">Syksyll\u00e4 Seiskan lukija bongasi n\u00e4ytt\u00e4v\u00e4n ex-parin k\u00e4veleskelem\u00e4ss\u00e4 Helsingin keskustan kupeessa. Seiska tavoitti Kertun, joka teki selv\u00e4ksi heid\u00e4n suhteensa laadun.<\/p>\n<p class=\"article-content article-content-width !bg-background\"> \u2013 Sanon suoraan: ei olla edelleenk\u00e4\u00e4n yhdess\u00e4, mutta ollaan hyvi\u00e4 yst\u00e4vi\u00e4, hyv\u00e4ntuulinen jumppaohjaaja summasi.<\/p>\n<p class=\"article-content article-content-width !bg-background\">Tuolloin h\u00e4n ei ollut viel\u00e4 l\u00f6yt\u00e4nyt rinnalleen ket\u00e4\u00e4n.<\/p>\n<p class=\"article-content article-content-width !bg-background\"> \u2013 Olen sinkku, ei t\u00e4ss\u00e4 oikeastaan mit\u00e4\u00e4n ihmeellist\u00e4 sen suhteen. <\/p>\n<p>        <a itemprop=\"url\" href=\"https:\/\/www.seiska.fi\/vain-seiskassa\/kerttu-rissanen-ja-sami-uotila-kuvattiin-jalleen-yhdessa-nyt-puhuu-kerttu\/1947757\" rel=\"nofollow noopener\" target=\"_blank\"><\/p>\n<p>\nSalakuva ex-parista\n<\/p>\n<p class=\"section-date\">\n        <strong class=\"article-section\" data-section=\"vain seiskassa\"><br \/>\n            vain seiskassa<br \/>\n        <\/strong><br \/>\n        1.10. 17:00\n    <\/p>\n<p>Kerttu Rissanen ja Sami Uotila kuvattiin j\u00e4lleen yhdess\u00e4 \u2013 nyt puhuu Kerttu!\n    <\/p>\n<p itemprop=\"description\" class=\"subtitle \">\n    Kertun ja Samin tekemiset kiinnostavat \u2013 erityisesti yhteiset tekemiset.\n<\/p>\n<p>        <\/a><\/p>\n","protected":false},"excerpt":{"rendered":"Timo Korhonen Kerttu ja Sami erosivat viime vuonna, mutta heid\u00e4n yst\u00e4vyytens\u00e4 ei ole kuihtunut. Suomen itsen\u00e4isyytt\u00e4 ei suinkaan&hellip;\n","protected":false},"author":2,"featured_media":110958,"comment_status":"","ping_status":"","sticky":false,"template":"","format":"standard","meta":{"footnotes":""},"categories":[130],"tags":[16941,137,15309,33,31,30,18037,564,4478,1811,212,16425,1812,32,109,4857],"class_list":{"0":"post-110957","1":"post","2":"type-post","3":"status-publish","4":"format-standard","5":"has-post-thumbnail","7":"category-viihde","8":"tag-bileet","9":"tag-entertainment","10":"tag-ex-pari","11":"tag-fi","12":"tag-finland","13":"tag-finnish","14":"tag-itsenaisyyspaiva","15":"tag-juhlat","16":"tag-kaak","17":"tag-kerttu-rissanen","18":"tag-lifestyle","19":"tag-salakuvat","20":"tag-sami-uotila","21":"tag-suomi","22":"tag-viihde","23":"tag-ystavyys"},"share_on_mastodon":{"url":"https:\/\/pubeurope.com\/@fi\/115684407089570077","error":""},"_links":{"self":[{"href":"https:\/\/www.europesays.com\/fi\/wp-json\/wp\/v2\/posts\/110957","targetHints":{"allow":["GET"]}}],"collection":[{"href":"https:\/\/www.europesays.com\/fi\/wp-json\/wp\/v2\/posts"}],"about":[{"href":"https:\/\/www.europesays.com\/fi\/wp-json\/wp\/v2\/types\/post"}],"author":[{"embeddable":true,"href":"https:\/\/www.europesays.com\/fi\/wp-json\/wp\/v2\/users\/2"}],"replies":[{"embeddable":true,"href":"https:\/\/www.europesays.com\/fi\/wp-json\/wp\/v2\/comments?post=110957"}],"version-history":[{"count":0,"href":"https:\/\/www.europesays.com\/fi\/wp-json\/wp\/v2\/posts\/110957\/revisions"}],"wp:featuredmedia":[{"embeddable":true,"href":"https:\/\/www.europesays.com\/fi\/wp-json\/wp\/v2\/media\/110958"}],"wp:attachment":[{"href":"https:\/\/www.europesays.com\/fi\/wp-json\/wp\/v2\/media?parent=110957"}],"wp:term":[{"taxonomy":"category","embeddable":true,"href":"https:\/\/www.europesays.com\/fi\/wp-json\/wp\/v2\/categories?post=110957"},{"taxonomy":"post_tag","embeddable":true,"href":"https:\/\/www.europesays.com\/fi\/wp-json\/wp\/v2\/tags?post=110957"}],"curies":[{"name":"wp","href":"https:\/\/api.w.org\/{rel}","templated":true}]}}