{"id":110961,"date":"2025-12-08T14:28:09","date_gmt":"2025-12-08T14:28:09","guid":{"rendered":"https:\/\/www.europesays.com\/fi\/110961\/"},"modified":"2025-12-08T14:28:09","modified_gmt":"2025-12-08T14:28:09","slug":"armeijan-ilmoitus-keskeytti-vesan-thaimaan-loman-tykit-rupeaa-ampumaan","status":"publish","type":"post","link":"https:\/\/www.europesays.com\/fi\/110961\/","title":{"rendered":"Armeijan ilmoitus keskeytti Vesan Thaimaan-loman: \u201dTykit rupeaa ampumaan\u201d"},"content":{"rendered":"<p>Thaimaan ja Kambod\u017ean v\u00e4linen konflikti k\u00e4rjistyi uudelleen.<\/p>\n<p><img decoding=\"async\" class=\"image image-show image-preview\" src=\"https:\/\/www.europesays.com\/fi\/wp-content\/uploads\/2025\/12\/167ef8b27372252ba440b2ad8728a935e0215ed84956a925d1c154e0443dd631.png\" alt=\"\"\/><img decoding=\"async\" class=\"image image-show\" src=\"https:\/\/www.europesays.com\/fi\/wp-content\/uploads\/2025\/12\/1765204089_530_167ef8b27372252ba440b2ad8728a935e0215ed84956a925d1c154e0443dd631.png\" alt=\"\"\/><\/p>\n<p>Thaimaan ja Kambod\u017ean v\u00e4linen rajakiista eskaloitui j\u00e4lleen. Petro Salonen \/ IL, OpenStreetMap<\/p>\n<p class=\"paragraph\">Suomalainen <strong>Vesa Aaltonen<\/strong> vastaa Iltalehden yhteydenottoon pommisuojasta noin 10 kilometrin p\u00e4\u00e4ss\u00e4 Thaimaan ja Kambod\u017ean rajasta.<\/p>\n<p class=\"paragraph\">Asikkalalainen Aaltonen on parhaillaan Thaimaassa lomalla vaimonsa kanssa. He oleskelevat Sa Kaeon provinssissa sijaitsevassa pieness\u00e4 kyl\u00e4ss\u00e4, jossa heill\u00e4 on ollut talo yli kymmenen vuotta.<\/p>\n<p class=\"paragraph\">Maanantaiaamu valkeni Aaltosen mukaan t\u00e4ysin normaalina, mutta pian puhelin t\u00e4yttyi varoituksista. V\u00e4h\u00e4n my\u00f6hemmin sotilaat kiersiv\u00e4t raja-alueella varoittamassa ihmisi\u00e4.<\/p>\n<p class=\"paragraph\">\u2013 Aamulla ei ollut yht\u00e4\u00e4n mit\u00e4\u00e4n, mutta sitten puhelimeen rupesi tulemaan paikallisia varoituksia, ett\u00e4 nyt pit\u00e4\u00e4 kyl\u00e4st\u00e4 l\u00e4hte\u00e4 pois, ett\u00e4 ruvetaan ammuskelemaan.<\/p>\n<p class=\"paragraph\">\u2013 Armeijan v\u00e4ki tuli sanomaan, ett\u00e4 kymmeneen menness\u00e4 pit\u00e4\u00e4 menn\u00e4 suojaan, ett\u00e4 tykit rupeaa ampumaan, Aaltonen sanoo.<\/p>\n<p class=\"paragraph\">Haastattelun aikana taustalta kuuluu useita kovia jys\u00e4hdyksi\u00e4, kun Thaimaan tykist\u00f6 ampuu kohti rajaa.<\/p>\n<p class=\"paragraph\">Juttu jatkuu kuvien j\u00e4lkeen.<\/p>\n<p>Pommisuoja l\u00e4hell\u00e4 Thaimaan ja Kambod\u017ean v\u00e4list\u00e4 rajaa. Lukijan kuva<\/p>\n<p>Ihmisi\u00e4 pommisuojan ulkopuolella l\u00e4hell\u00e4 Thaimaan ja Kambod\u017ean v\u00e4list\u00e4 rajaa. Lukijan kuva<\/p>\n<p class=\"paragraph\">H\u00e4nen mukaansa armeijan k\u00e4sky aiheutti paikallisissa asukkaissa pient\u00e4 paniikkia.<\/p>\n<p class=\"paragraph\">\u2013 Ihmiset sinkoili ja poukkoili paniikissa. Yritin sanoa, ett\u00e4 rauha nyt, katsotaan mit\u00e4 tapahtuu.<\/p>\n<p class=\"paragraph\">Aaltonen ja vaimonsa hakeutuivat muiden tavoin kyl\u00e4n betoniseen pommisuojaan, jonka ymp\u00e4rille on koottu hiekkas\u00e4kkej\u00e4 sirpalesuojaksi.<\/p>\n<p class=\"paragraph\">H\u00e4n kertoo tietoliikenneyhteyksien toimivan rajaseudulla normaalisti konfliktin uudesta k\u00e4rjistymisest\u00e4 huolimatta.<\/p>\n<p>Asikkalalainen Vesa Aaltonen on parhaillaan lomalla Thaimaassa. lukijan kuva<\/p>\n<p>Trump v\u00e4litti tulitauon<\/p>\n<p class=\"paragraph\">Thaimaan asevoimat kertoi <a href=\"https:\/\/www.iltalehti.fi\/ulkomaat\/46f3a648-9d31-465f-813d-3df6cadf2184\" rel=\"nofollow noopener\" target=\"_blank\">aiemmin maanantaina<\/a> tehneens\u00e4 ilmaiskuja Kambod\u017eaan. Asevoimien mukaan ainakin yksi thaimaalainen sotilas kuoli ja nelj\u00e4 haavoittui uusissa yhteenotoissa maiden v\u00e4lill\u00e4.<\/p>\n<p class=\"paragraph\">Thaimaan ulkoministeri\u00f6 syytt\u00e4\u00e4 nykytilanteesta Kambod\u017eaa. Ministeri\u00f6n mukaan Thaimaa jatkaa sotilaallisia toimia, kunnes maan suvereniteetti ja alueellinen koskemattomuus on turvattu.<\/p>\n<p class=\"paragraph\">Kambod\u017ean puolustusministeri\u00f6 vahvisti Thaimaan tehneen varhain maanantaina iskuja Kambod\u017ean joukkoja vastaan kahdella eri alueella, mutta sanoi, ett\u00e4 Kambod\u017ean joukot eiv\u00e4t vastanneet Thaimaan tulitukseen.<\/p>\n<p class=\"paragraph\">Thaimaa ilmoitti Reutersin mukaan my\u00f6s, ett\u00e4 380 000 ihmist\u00e4 joutuu j\u00e4tt\u00e4m\u00e4\u00e4n tilap\u00e4isesti kotinsa, kun taas Kambod\u017ean viranomaiset kertoivat 1 157 perheen joutuvan hakeutumaan suojaan.<\/p>\n<p class=\"paragraph\">Vihollisuudet ovat jatkoa kes\u00e4n selkkaukselle, joka puhkesi viisip\u00e4iv\u00e4iseksi konfliktiksi hein\u00e4kuussa. Taustalla on pitk\u00e4\u00e4n jatkunut riitely maiden v\u00e4lisest\u00e4 rajalinjasta.<\/p>\n<p class=\"paragraph\">Konflikti p\u00e4\u00e4ttyi maiden hyv\u00e4ksym\u00e4\u00e4n tulitaukosopimukseen, jota v\u00e4littiv\u00e4t Yhdysvaltain presidentti <a href=\"https:\/\/www.iltalehti.fi\/henkilot\/Donald Trump\" class=\"article-link-person-page\" rel=\"nofollow noopener\" target=\"_blank\">Donald Trump<\/a> ja Malesian p\u00e4\u00e4ministeri <a href=\"https:\/\/www.iltalehti.fi\/henkilot\/Anwar Ibrahim\" class=\"article-link-person-page\" rel=\"nofollow noopener\" target=\"_blank\">Anwar Ibrahim<\/a>. Trump uhkasi maita korkeimmilla tuontitulleilla, mik\u00e4li taistelut jatkuvat.<\/p>\n<p class=\"paragraph\">Hein\u00e4kuun yhteenotoissa kuoli ainakin 48 ihmist\u00e4 ja arvioiden mukaan 300\u00a0000 ihmist\u00e4 joutui tilap\u00e4isesti j\u00e4tt\u00e4m\u00e4\u00e4n kotinsa.<\/p>\n","protected":false},"excerpt":{"rendered":"Thaimaan ja Kambod\u017ean v\u00e4linen konflikti k\u00e4rjistyi uudelleen. Thaimaan ja Kambod\u017ean v\u00e4linen rajakiista eskaloitui j\u00e4lleen. Petro Salonen \/ IL,&hellip;\n","protected":false},"author":2,"featured_media":110962,"comment_status":"","ping_status":"","sticky":false,"template":"","format":"standard","meta":{"footnotes":""},"categories":[14],"tags":[35,802,22,23,26,27,33,31,30,17,24,25,803,28,29,15,18,21,637,878,2535,32,19,20,56,16,59,60,61],"class_list":{"0":"post-110961","1":"post","2":"type-post","3":"status-publish","4":"format-standard","5":"has-post-thumbnail","7":"category-ulkomaat","8":"tag-24h","9":"tag-armeijat-ja-aseelliset-joukot","10":"tag-breaking-news","11":"tag-breakingnews","12":"tag-featured-news","13":"tag-featurednews","14":"tag-fi","15":"tag-finland","16":"tag-finnish","17":"tag-headlines","18":"tag-latest-news","19":"tag-latestnews","20":"tag-levottomuudet-ja-sodat","21":"tag-main-news","22":"tag-mainnews","23":"tag-news","24":"tag-otsikot","25":"tag-paauutiset","26":"tag-politiikka","27":"tag-puolustus-ja-rajavalvonta-maanpuolustus","28":"tag-puolustuspolitiikka","29":"tag-suomi","30":"tag-top-stories","31":"tag-topstories","32":"tag-ulkomaat","33":"tag-uutiset","34":"tag-world","35":"tag-world-news","36":"tag-worldnews"},"share_on_mastodon":{"url":"https:\/\/pubeurope.com\/@fi\/115684422908705878","error":""},"_links":{"self":[{"href":"https:\/\/www.europesays.com\/fi\/wp-json\/wp\/v2\/posts\/110961","targetHints":{"allow":["GET"]}}],"collection":[{"href":"https:\/\/www.europesays.com\/fi\/wp-json\/wp\/v2\/posts"}],"about":[{"href":"https:\/\/www.europesays.com\/fi\/wp-json\/wp\/v2\/types\/post"}],"author":[{"embeddable":true,"href":"https:\/\/www.europesays.com\/fi\/wp-json\/wp\/v2\/users\/2"}],"replies":[{"embeddable":true,"href":"https:\/\/www.europesays.com\/fi\/wp-json\/wp\/v2\/comments?post=110961"}],"version-history":[{"count":0,"href":"https:\/\/www.europesays.com\/fi\/wp-json\/wp\/v2\/posts\/110961\/revisions"}],"wp:featuredmedia":[{"embeddable":true,"href":"https:\/\/www.europesays.com\/fi\/wp-json\/wp\/v2\/media\/110962"}],"wp:attachment":[{"href":"https:\/\/www.europesays.com\/fi\/wp-json\/wp\/v2\/media?parent=110961"}],"wp:term":[{"taxonomy":"category","embeddable":true,"href":"https:\/\/www.europesays.com\/fi\/wp-json\/wp\/v2\/categories?post=110961"},{"taxonomy":"post_tag","embeddable":true,"href":"https:\/\/www.europesays.com\/fi\/wp-json\/wp\/v2\/tags?post=110961"}],"curies":[{"name":"wp","href":"https:\/\/api.w.org\/{rel}","templated":true}]}}