{"id":110966,"date":"2025-12-08T14:42:11","date_gmt":"2025-12-08T14:42:11","guid":{"rendered":"https:\/\/www.europesays.com\/fi\/110966\/"},"modified":"2025-12-08T14:42:11","modified_gmt":"2025-12-08T14:42:11","slug":"upea-janniina-salo-hurmasi-linnan-juhlissa-kuka-han-on","status":"publish","type":"post","link":"https:\/\/www.europesays.com\/fi\/110966\/","title":{"rendered":"Upea Janniina Salo hurmasi Linnan juhlissa \u2013 kuka h\u00e4n on?"},"content":{"rendered":"<p class=\"ingress\">Salibandykapteenin puoliso, perheen\u00e4iti ja meditaatio-ohjaaja Janniina Salo k\u00e4\u00e4nsi katseita Linnan juhlissa.<\/p>\n<p>Linnan juhlien s\u00e4ihke sai uuden t\u00e4hden, kun <strong>Janniina Salo<\/strong>, 31, nousi illan puhutuimmaksi vieraaksi ja vei lopulta kotiin <a href=\"https:\/\/www.iltalehti.fi\/viihdeuutiset\/a\/c003af33-07ce-4e85-b8bb-2694167368ad\" target=\"_blank\" rel=\"noreferrer noopener nofollow\">Iltalehden<\/a> lukija\u00e4\u00e4nestyksen parhaan pukeutujan tittelin. Tyylikkyydell\u00e4\u00e4n hurmannut Salo esiintyi punaisella matolla, ja h\u00e4nen elegantti olemuksensa her\u00e4tti kiinnostusta niin juhlavieraiden kuin katsojien keskuudessa.<\/p>\n<p>Salon vaalean kukkakuvioin koristellun mekon yl\u00e4osa muistutti n\u00e4ytt\u00e4vi\u00e4 kukan ter\u00e4lehti\u00e4. T\u00e4m\u00e4 ei ole ensimm\u00e4inen kerta, kun Salon asu k\u00e4\u00e4nt\u00e4\u00e4 katsojien p\u00e4\u00e4t. Viimeksi h\u00e4net n\u00e4htiin Linnan juhlissa vuonna 2019, jolloin h\u00e4n oli kultaisessa mekossaan yksi illan valokuvatuimmista henkil\u00f6ist\u00e4.<\/p>\n<p>Kuka on t\u00e4m\u00e4 n\u00e4ytt\u00e4v\u00e4 vieras, joka valloitti tyylill\u00e4\u00e4n ja s\u00e4teilyll\u00e4\u00e4n?<\/p>\n<p><strong>Lue my\u00f6s:<\/strong> <a href=\"https:\/\/anna.fi\/ihmiset\/suomalaisten-julkkisten-harvoin-nahdyt-puolisot\" rel=\"nofollow noopener\" target=\"_blank\">N\u00e4m\u00e4 Linnan juhlissa n\u00e4hdyt julkkisten puolisot ovat harvoin esill\u00e4 \u2013 osalle ensimm\u00e4inen esiintyminen yhdess\u00e4<\/a><\/p>\n<p>Salibandykapteenin vaimo ja perheen\u00e4iti<\/p>\n<p>Janniinan puoliso <strong>Nico Salo<\/strong> luotsasi Suomen salibandymaajoukkueen maailmanmestaruuteen vuonna 2024. H\u00e4n on my\u00f6s tuttu\u00a0monille Erikoisjoukot-sarjan uusimmalta tuotantokaudelta. Janniina itse puolestaan on meditaatio- ja itsetuntemusohjaaja, yin-joogaohjaaja sek\u00e4 intuitiivinen energiahoitaja.<\/p>\n<p>Janniina on kotoisin Pohjanmaalta. Janniina ja Nico tapasivat vuonna 2014 ja alkoivat haaveilla perheenlis\u00e4yksest\u00e4 kolmen vuoden seurustelun j\u00e4lkeen.<\/p>\n<p>Pariskunnalla on nyt kaksi lasta, joista vanhempi on nelj\u00e4vuotias ja nuorempi vasta viiden kuukauden ik\u00e4inen. Molemmat ovat saaneet alkunsa IVF\/ICSI-hoidoilla. Salot kertoivat <a href=\"https:\/\/www.iltalehti.fi\/viihdeuutiset\/a\/ef789e87-696c-4ef4-aaf4-b92d9c812192\" target=\"_blank\" rel=\"noreferrer noopener nofollow\">Iltalehdelle<\/a>, ett\u00e4 Linnan juhlat olivat vanhempien treffi-ilta, josta piti poistua aikaisin takaisin hotellille perheen nuorinta hoitamaan.<\/p>\n<p><strong>Lue my\u00f6s Kotiliesi.fi:<\/strong> <a href=\"https:\/\/kotiliesi.fi\/ihmiset\/sanna-marinin-linnan-juhlat-puku-2025\/\" target=\"_blank\" rel=\"noreferrer noopener nofollow\">T\u00e4llaisessa asussa Sanna Marin asteli Linnan juhliin \u2013 suunnittelija etsi oikeans\u00e4vyist\u00e4 kangasta pitk\u00e4\u00e4n<\/a><\/p>\n<p>El\u00e4m\u00e4n rankin menetys<\/p>\n<p>Nico Salo kertoi uusimmalla Erikoisjoukkojen kaudella joutuneensa k\u00e4ym\u00e4\u00e4n nelj\u00e4 vuotta sitten Janniinan kanssa l\u00e4pi el\u00e4m\u00e4ns\u00e4 suurimman menetyksen.<\/p>\n<p>Janniina k\u00e4rsi eritt\u00e4in vaikeasta raskaudesta odottaessaan kaksosia. Edelt\u00e4v\u00e4ll\u00e4 viikolla kohdussa kasvaneista kaksosista pienemm\u00e4n syd\u00e4mess\u00e4 oli havaittu nestett\u00e4.<\/p>\n<p>\u201dMin\u00e4 jopa sanoin Nicolle, ett\u00e4 tunsin nyt ensimm\u00e4ist\u00e4 kertaa t\u00e4m\u00e4n toisen vauvan potkun. Mutta ei se sitten ollutkaan h\u00e4n\u201d, Janniina kertoi <a href=\"https:\/\/www.is.fi\/salibandy\/art-2000008412560.html\" target=\"_blank\" rel=\"noreferrer noopener nofollow\">Ilta-Sanomille<\/a> vuonna 2021.<\/p>\n<p>Seuraavalla l\u00e4\u00e4k\u00e4rik\u00e4ynnill\u00e4 l\u00e4\u00e4k\u00e4ri totesi, ett\u00e4 toinen tytt\u00e4rist\u00e4 oli menehtynyt kohtuun. Siit\u00e4 muutaman p\u00e4iv\u00e4n kuluttua toinen tyt\u00e4r syntyi 900-grammaisena keskosena. Sairaalassa he joutuivat viett\u00e4m\u00e4\u00e4n noin kolme kuukautta.<\/p>\n<p>Vaimo oli j\u00e4lleen raskaana odottamassa perheen kuopusta Nicon kisatessa Erikoisjoukot-ohjelmassa.<\/p>\n<p>    Sinua voi kiinnostaa my\u00f6s:<\/p>\n<ol class=\"read-also__list\">\n<li>\n<p>            <img loading=\"lazy\" decoding=\"async\" class=\"card__image awpo-lqip awpo-lazy\" width=\"2100\" height=\"1400\" src=\"https:\/\/www.europesays.com\/fi\/wp-content\/uploads\/2025\/12\/se501506ky_224_preview.jpg\"\/>                <a href=\"https:\/\/anna.fi\/kategoria\/lifestyle\/muoti\" class=\"card__vignette\" rel=\"nofollow noopener\" target=\"_blank\"><br \/>\n            Muoti          <\/a><\/p>\n<p>      <a href=\"https:\/\/anna.fi\/lifestyle\/muoti\/linnan-juhlien-kaikkien-aikojan-paras-pukeutuja\" class=\"card__link-overlay\" rel=\"nofollow noopener\" target=\"_blank\">H\u00e4n on Linnan juhlien kaikkien aikojen paras pukeutuja \u2013 Annan lukijoilla 4 kiistatonta suosikkia<\/a><\/p>\n<\/li>\n<li>\n<p>            <img loading=\"lazy\" decoding=\"async\" class=\"card__image awpo-lqip awpo-lazy\" width=\"2100\" height=\"1400\" src=\"https:\/\/www.europesays.com\/fi\/wp-content\/uploads\/2025\/12\/1765204930_58_johannapetajamaki.jpg\"\/>                <a href=\"https:\/\/anna.fi\/kategoria\/ihmiset\" class=\"card__vignette\" rel=\"nofollow noopener\" target=\"_blank\"><br \/>\n            Ihmiset          <\/a><\/p>\n<p>      <a href=\"https:\/\/anna.fi\/ihmiset\/paihde-ja-mielenterveyskuntoutuja-johanna\" class=\"card__link-overlay\" rel=\"nofollow noopener\" target=\"_blank\">Johanna kertoi rankasta menneisyydest\u00e4\u00e4n avoimesti Suzanne Innes-Stubbille \u2013 sai kutsun Linnan juhliin<\/a><\/p>\n<\/li>\n<li>\n<p>            <img loading=\"lazy\" decoding=\"async\" class=\"card__image awpo-lqip awpo-lazy\" width=\"2100\" height=\"1400\" src=\"https:\/\/www.europesays.com\/fi\/wp-content\/uploads\/2025\/12\/katariinaraikkonen21001400.jpg\"\/>                <a href=\"https:\/\/anna.fi\/kategoria\/ihmiset\" class=\"card__vignette\" rel=\"nofollow noopener\" target=\"_blank\"><br \/>\n            Ihmiset          <\/a><\/p>\n<p>      <a href=\"https:\/\/anna.fi\/ihmiset\/katariina-raikkonen-linnan-juhlat\" class=\"card__link-overlay\" rel=\"nofollow noopener\" target=\"_blank\">Ihmisten vihaiset reaktiot pakottivat Katariina R\u00e4ikk\u00f6sen puhumaan Touretten syndroomasta \u2013 nyt h\u00e4n sai kutsun Linnan juhliin<\/a><\/p>\n<\/li>\n<\/ol>\n","protected":false},"excerpt":{"rendered":"Salibandykapteenin puoliso, perheen\u00e4iti ja meditaatio-ohjaaja Janniina Salo k\u00e4\u00e4nsi katseita Linnan juhlissa. Linnan juhlien s\u00e4ihke sai uuden t\u00e4hden, kun&hellip;\n","protected":false},"author":2,"featured_media":110967,"comment_status":"","ping_status":"","sticky":false,"template":"","format":"standard","meta":{"footnotes":""},"categories":[136],"tags":[407,137,33,31,30,408,14062,19866,11208,32,109],"class_list":{"0":"post-110966","1":"post","2":"type-post","3":"status-publish","4":"format-standard","5":"has-post-thumbnail","7":"category-julkkikset","8":"tag-celebrities","9":"tag-entertainment","10":"tag-fi","11":"tag-finland","12":"tag-finnish","13":"tag-julkkikset","14":"tag-linnan-juhlat","15":"tag-linnan-juhlat-2025","16":"tag-suomalaiset-julkkikset","17":"tag-suomi","18":"tag-viihde"},"share_on_mastodon":{"url":"https:\/\/pubeurope.com\/@fi\/115684478068665733","error":""},"_links":{"self":[{"href":"https:\/\/www.europesays.com\/fi\/wp-json\/wp\/v2\/posts\/110966","targetHints":{"allow":["GET"]}}],"collection":[{"href":"https:\/\/www.europesays.com\/fi\/wp-json\/wp\/v2\/posts"}],"about":[{"href":"https:\/\/www.europesays.com\/fi\/wp-json\/wp\/v2\/types\/post"}],"author":[{"embeddable":true,"href":"https:\/\/www.europesays.com\/fi\/wp-json\/wp\/v2\/users\/2"}],"replies":[{"embeddable":true,"href":"https:\/\/www.europesays.com\/fi\/wp-json\/wp\/v2\/comments?post=110966"}],"version-history":[{"count":0,"href":"https:\/\/www.europesays.com\/fi\/wp-json\/wp\/v2\/posts\/110966\/revisions"}],"wp:featuredmedia":[{"embeddable":true,"href":"https:\/\/www.europesays.com\/fi\/wp-json\/wp\/v2\/media\/110967"}],"wp:attachment":[{"href":"https:\/\/www.europesays.com\/fi\/wp-json\/wp\/v2\/media?parent=110966"}],"wp:term":[{"taxonomy":"category","embeddable":true,"href":"https:\/\/www.europesays.com\/fi\/wp-json\/wp\/v2\/categories?post=110966"},{"taxonomy":"post_tag","embeddable":true,"href":"https:\/\/www.europesays.com\/fi\/wp-json\/wp\/v2\/tags?post=110966"}],"curies":[{"name":"wp","href":"https:\/\/api.w.org\/{rel}","templated":true}]}}