{"id":110974,"date":"2025-12-08T14:50:10","date_gmt":"2025-12-08T14:50:10","guid":{"rendered":"https:\/\/www.europesays.com\/fi\/110974\/"},"modified":"2025-12-08T14:50:10","modified_gmt":"2025-12-08T14:50:10","slug":"lars-svedberg-on-kuollut","status":"publish","type":"post","link":"https:\/\/www.europesays.com\/fi\/110974\/","title":{"rendered":"Lars Svedberg on kuollut"},"content":{"rendered":"<p>Teatterinjohtaja Lars Svedberg kuoli itsen\u00e4isyysp\u00e4iv\u00e4n\u00e4.<\/p>\n<p><img decoding=\"async\" class=\"image image-show image-preview\" src=\"https:\/\/www.europesays.com\/fi\/wp-content\/uploads\/2025\/12\/90a08d86a95ba4a5fc0519f740d722656348fdad16ec782e361367b3b323ec9e.jpg\" alt=\"\"\/><img decoding=\"async\" class=\"image image-show\" src=\"https:\/\/www.europesays.com\/fi\/wp-content\/uploads\/2025\/12\/1765205410_50_90a08d86a95ba4a5fc0519f740d722656348fdad16ec782e361367b3b323ec9e.jpg\" alt=\"\"\/><\/p>\n<p>Lars Svedberg oli Svenska teaternin entinen teatterinjohtaja.  JYRKI VESA<\/p>\n<p class=\"paragraph\">Teatterinjohtaja Lars Svedberg on kuollut 80-vuotiaana. Asiasta tiedottaa Svenska teatern.<\/p>\n<p class=\"paragraph\">Svedberg teki pitk\u00e4n uran kulttuurimaailmassa n\u00e4yttelij\u00e4n\u00e4, ohjaajana ja teatterinjohtajana.<\/p>\n<p class=\"paragraph\">Svedberg valmistui Teatterikorkeakoulusta vuonna 1966. Ennen johtoteht\u00e4viin siirtymist\u00e4 h\u00e4n n\u00e4ytteli muun muassa Helsingin kaupunginteatterissa ja Kansallisteatterissa.<\/p>\n<p class=\"paragraph\">Vuosina 1989-1996 h\u00e4n toimi Kansallisteatterin apulaisjohtajana. Vuosina 1996-2002 Svedberg oli Svenska teaternin johtaja.<\/p>\n<p class=\"paragraph\">Svedberg n\u00e4ytteli my\u00f6s useissa elokuvissa ja televisiosarjoissa, kuten Vodkaa, komisario Palmu, T\u00e4\u00e4lt\u00e4 tullaan el\u00e4m\u00e4 ja Sibelius.<\/p>\n<p class=\"paragraph\">Svedberg teki merkitt\u00e4v\u00e4n uran my\u00f6s \u00e4\u00e4nin\u00e4yttelij\u00e4n\u00e4.<\/p>\n<p class=\"paragraph\">Lars Svedberg ja h\u00e4nen puolisonsa <a href=\"https:\/\/www.iltalehti.fi\/henkilot\/Aila Svedberg\" class=\"article-link-person-page\" rel=\"nofollow noopener\" target=\"_blank\">Aila Svedberg<\/a> antoivat \u00e4\u00e4nens\u00e4 kaikille Barbapapa-sarjan hahmoille.<\/p>\n<p class=\"paragraph\">\u2013 Ne olivat hahmoina sen tyylisi\u00e4, ett\u00e4 ajattelin jo silloin, ett\u00e4 ne sopivat varmasti hirvitt\u00e4v\u00e4n hyvin lasten makuun, Lars <a href=\"https:\/\/www.iltalehti.fi\/tv-ja-leffat\/b983865f-702b-45e4-a94f-73062a5f9f76\" rel=\"nofollow noopener\" target=\"_blank\">muisteli Iltalehden haastattelussa<\/a> vuonna 2021.<\/p>\n<p>Lars ja Aila Svedberg ovat Barbapapojen \u00e4\u00e4nin\u00e4yttelij\u00e4t.  Sami Kuusivirta<\/p>\n","protected":false},"excerpt":{"rendered":"Teatterinjohtaja Lars Svedberg kuoli itsen\u00e4isyysp\u00e4iv\u00e4n\u00e4. Lars Svedberg oli Svenska teaternin entinen teatterinjohtaja. JYRKI VESA Teatterinjohtaja Lars Svedberg on&hellip;\n","protected":false},"author":2,"featured_media":110975,"comment_status":"","ping_status":"","sticky":false,"template":"","format":"standard","meta":{"footnotes":""},"categories":[130],"tags":[35,153,623,137,33,31,30,1928,718,32,485,140,109],"class_list":{"0":"post-110974","1":"post","2":"type-post","3":"status-publish","4":"format-standard","5":"has-post-thumbnail","7":"category-viihde","8":"tag-24h","9":"tag-audiovisuaalinen-media","10":"tag-elokuva","11":"tag-entertainment","12":"tag-fi","13":"tag-finland","14":"tag-finnish","15":"tag-kirjallisuus-ja-audiovisuaalinen-media","16":"tag-nayttamotaide","17":"tag-suomi","18":"tag-taide-yleista","19":"tag-tv-ja-elokuvat","20":"tag-viihde"},"share_on_mastodon":{"url":"https:\/\/pubeurope.com\/@fi\/115684509337796230","error":""},"_links":{"self":[{"href":"https:\/\/www.europesays.com\/fi\/wp-json\/wp\/v2\/posts\/110974","targetHints":{"allow":["GET"]}}],"collection":[{"href":"https:\/\/www.europesays.com\/fi\/wp-json\/wp\/v2\/posts"}],"about":[{"href":"https:\/\/www.europesays.com\/fi\/wp-json\/wp\/v2\/types\/post"}],"author":[{"embeddable":true,"href":"https:\/\/www.europesays.com\/fi\/wp-json\/wp\/v2\/users\/2"}],"replies":[{"embeddable":true,"href":"https:\/\/www.europesays.com\/fi\/wp-json\/wp\/v2\/comments?post=110974"}],"version-history":[{"count":0,"href":"https:\/\/www.europesays.com\/fi\/wp-json\/wp\/v2\/posts\/110974\/revisions"}],"wp:featuredmedia":[{"embeddable":true,"href":"https:\/\/www.europesays.com\/fi\/wp-json\/wp\/v2\/media\/110975"}],"wp:attachment":[{"href":"https:\/\/www.europesays.com\/fi\/wp-json\/wp\/v2\/media?parent=110974"}],"wp:term":[{"taxonomy":"category","embeddable":true,"href":"https:\/\/www.europesays.com\/fi\/wp-json\/wp\/v2\/categories?post=110974"},{"taxonomy":"post_tag","embeddable":true,"href":"https:\/\/www.europesays.com\/fi\/wp-json\/wp\/v2\/tags?post=110974"}],"curies":[{"name":"wp","href":"https:\/\/api.w.org\/{rel}","templated":true}]}}