{"id":110979,"date":"2025-12-08T14:55:10","date_gmt":"2025-12-08T14:55:10","guid":{"rendered":"https:\/\/www.europesays.com\/fi\/110979\/"},"modified":"2025-12-08T14:55:10","modified_gmt":"2025-12-08T14:55:10","slug":"anneli-auerin-veli-kiisti-kohuvaitteet","status":"publish","type":"post","link":"https:\/\/www.europesays.com\/fi\/110979\/","title":{"rendered":"Anneli Auerin veli kiisti kohuv\u00e4itteet"},"content":{"rendered":"<p class=\"article-content article-content-width !bg-background\"> ja h\u00e4nen ex-miesyst\u00e4v\u00e4ns\u00e4  (ent. ) lapsiin kohdistuvaa seksuaalirikosoikeudenk\u00e4ynti\u00e4 on puitu koko syksy.<\/p>\n<p class=\"font-weight-bold m-font-weight-bold article-content article-content-width !bg-background\">Video: Anneli Auer ja Jens Ihle ovat edelleen yst\u00e4vi\u00e4.<\/p>\n<p class=\"article-content article-content-width !bg-background\">Molemmat syytetyt ovat kiist\u00e4neet syytteet. Oikeudessa on kuultu my\u00f6s v\u00e4itettyj\u00e4 uhreja eli Anneli Auerin jo aikuisia lapsia.<\/p>\n<p class=\"article-content article-content-width !bg-background\">Lapset on v\u00e4itt\u00e4neet joutuneensa sijaisperheens\u00e4 eli Annelin veljen ja h\u00e4nen vaimonsa manipuloimaksi, ja siten valheelliset tarinat syntyiv\u00e4t.<\/p>\n<p>Lippalakki p\u00e4\u00e4ss\u00e4<\/p>\n<p class=\"article-content article-content-width !bg-background\">Annelin velje\u00e4 kuultiin Varsinais-Suomen k\u00e4r\u00e4j\u00e4oikeudessa syytt\u00e4j\u00e4n todistajana.<\/p>\n<p>        <a itemprop=\"url\" href=\"https:\/\/www.seiska.fi\/vain-seiskassa\/nain-veli-tienasi-anneli-auerin-lapsilla-elaa-nyt-koyhyydessa\/1999346\" rel=\"nofollow noopener\" target=\"_blank\"><\/p>\n<p>\nAnneli Auerin lapset\n<\/p>\n<p class=\"section-date\">\n        <strong class=\"article-section\" data-section=\"vain seiskassa\"><br \/>\n            vain seiskassa<br \/>\n        <\/strong><br \/>\n        27.11. 06:00\n    <\/p>\n<p>N\u00e4in veli tienasi Anneli Auerin lapsilla \u2013 el\u00e4\u00e4 nyt k\u00f6yhyydess\u00e4\n    <\/p>\n<p itemprop=\"description\" class=\"subtitle \">\n    Anneli Auerin lapset ovat kertoneet erikoisia seikkoja sijaisvanhemmistaan. Sijaisvanhemmat saivat lapsista kovat korvaukset ja kerryttiv\u00e4t vuosien aikana varallisuutta.\n<\/p>\n<p>        <\/a><\/p>\n<p class=\"article-content article-content-width !bg-background\">Saliin h\u00e4n oli tullut takakautta ja v\u00e4litti n\u00e4in median kohtaamisen. H\u00e4n istui tiukasti lippalakki p\u00e4\u00e4ss\u00e4\u00e4n usean tunnin kest\u00e4neen kuulemisensa ajan.<\/p>\n<p class=\"article-content article-content-width !bg-background\">H\u00e4n taustoitti aluksi sit\u00e4, miksi he suostuivat ottamaan Annelin nelj\u00e4 lasta itselleen.<\/p>\n<p>                <img decoding=\"async\" src=\"https:\/\/www.europesays.com\/fi\/wp-content\/uploads\/2025\/12\/1999369.webp\" width=\"576\" height=\"341\" alt=\"Anneli Auerin veli syytti perheen isosiskoa, mutta h\u00e4nell\u00e4 oli vaikeuksia kertoa konkreettisia esimerkkej\u00e4 lapsen huonosta k\u00e4yt\u00f6ksest\u00e4.\" loading=\"lazy\" \/>            <\/p>\n<p>\n            Anneli Auerin veli syytti perheen isosiskoa, mutta h\u00e4nell\u00e4 oli vaikeuksia kertoa konkreettisia esimerkkej\u00e4 lapsen huonosta k\u00e4yt\u00f6ksest\u00e4.<br \/>\n            Ulvilan murhamysteeri\/Pekka Lehto\n        <\/p>\n<p class=\"article-content article-content-width !bg-background\">\u2013\tAnneli alkoi syyllist\u00e4m\u00e4\u00e4n ja painostamaan meit\u00e4 ottamaan lapset, vaikka meid\u00e4n mielest\u00e4mme Espoon SOS-lapsikyl\u00e4 olisi ollut parempi vaihtoehto.<\/p>\n<p class=\"article-content article-content-width !bg-background\">\u2013\tOlimme lapseton pariskunta ja nelj\u00e4n lapsen tulo perheeseemme oli j\u00e4rkytt\u00e4v\u00e4 el\u00e4m\u00e4nmuutos.<\/p>\n<p class=\"article-content article-content-width !bg-background\">Aiemmin Anneli oli omassa kuulemissaan kertonut, ett\u00e4 veljen perhe oli ainoa vaihtoehto, jotta sisaruksia ei oltaisi erotettu toisistaan.<\/p>\n<p>Haukkui vanhinta lasta<\/p>\n<p class=\"article-content article-content-width !bg-background\">Veljen mukaan arki alkoi hyvin, mutta ongelmia aiheutti vanhin lapsi.<\/p>\n<p class=\"article-content article-content-width !bg-background\">\u2013 H\u00e4n purki traumaansa ja kuormitti meit\u00e4 aivan valtavasti.<\/p>\n<p class=\"article-content article-content-width !bg-background\">Puolustuksen kysyess\u00e4 yksityiskohtia, h\u00e4n ei niit\u00e4 muistanut.<\/p>\n<p class=\"article-content article-content-width !bg-background\">Mitk\u00e4 olivat ne toimet, ett\u00e4 isosisko piti laittaa pois, niin kuin te kuvailitte, asianajaja  kysyi veljelt\u00e4.<\/p>\n<p class=\"article-content article-content-width !bg-background\">\u2013\tEn muista. Muiden lasten manipulointia, sijaisis\u00e4 vastasi lyhyesti.<\/p>\n<p>                <img decoding=\"async\" src=\"https:\/\/www.europesays.com\/fi\/wp-content\/uploads\/2025\/12\/1936085.webp\" width=\"576\" height=\"274\" alt=\"Anneli Aueria edustaa Markku Fredman (vas.), Jens Ihle\u00e4 Kalle Gummerus. He kuulustelivat Annelin velje\u00e4 pitk\u00e4\u00e4n.\" loading=\"lazy\" \/>            <\/p>\n<p>\n            Anneli Aueria edustaa Markku Fredman (vas.), Jens Ihle\u00e4 Kalle Gummerus. He kuulustelivat Annelin velje\u00e4 pitk\u00e4\u00e4n.<br \/>\n            PANU H\u00d6RKK\u00d6\n        <\/p>\n<p class=\"article-content article-content-width !bg-background\">Lopulta mies saa kakaistua yhden hieman konkreettisen esimerkin.<\/p>\n<p class=\"article-content article-content-width !bg-background\">\u2013\tJos pienemm\u00e4t lapset olisi halunneet olla alakerrassa, niin isosisko komensi heid\u00e4t yl\u00e4kertaan. Jos jotain juttuja tapahtui, niin h\u00e4n laittoi ne pienempien lasten syyksi.<\/p>\n<p class=\"article-content article-content-width !bg-background\">\u2013\tKun isosisko l\u00e4hti, pienemm\u00e4t oli paljon vapautuneemman oloisia ja iloisempia.<\/p>\n<p class=\"article-content article-content-width !bg-background\">Isosiskon sijaiskodin hoitajat olivat kuitenkin tehneet p\u00e4invastaisia huomioita sisarusten v\u00e4leist\u00e4.<\/p>\n<p>                <img decoding=\"async\" src=\"https:\/\/www.europesays.com\/fi\/wp-content\/uploads\/2025\/12\/1936062.webp\" width=\"576\" height=\"274\" alt=\"Seksuaalirikossyytteit\u00e4 ajetaan kolmen naissyytt\u00e4j\u00e4n voimin. Syytt\u00e4j\u00e4t pitiv\u00e4t Annelin veljen kasvatusmetodeja 'varsin tavanomaisina'. Toisin he eiv\u00e4t kysyneet h\u00e4nelt\u00e4 vaikeita kysymyksi\u00e4.\" loading=\"lazy\" \/>            <\/p>\n<p>\n            Seksuaalirikossyytteit\u00e4 ajetaan kolmen naissyytt\u00e4j\u00e4n voimin. Syytt\u00e4j\u00e4t pitiv\u00e4t Annelin veljen kasvatusmetodeja &#8221;varsin tavanomaisina&#8221;. Toisin he eiv\u00e4t kysyneet h\u00e4nelt\u00e4 vaikeita kysymyksi\u00e4.<br \/>\n            PANU H\u00d6RKK\u00d6\n        <\/p>\n<p class=\"article-content article-content-width !bg-background\">Heid\u00e4n kirjaustensa mukaan sisarukset kaipasivat toisiaan. Yhteisi\u00e4 tapaamisia kuvailtiin iloisiksi j\u00e4lleenn\u00e4kemisiksi, he viihtyiv\u00e4t yhdess\u00e4 ja heid\u00e4n v\u00e4lins\u00e4 olivat todella l\u00e4mpim\u00e4t.<\/p>\n<p class=\"article-content article-content-width !bg-background\">\u2013 M\u00e4 ihmettelen, ett\u00e4 mist\u00e4 n\u00e4m\u00e4 kirjaukset on tulleet, kun ket\u00e4\u00e4n ei ole siell\u00e4 ollut, sijaisis\u00e4 v\u00e4h\u00e4tteli tarkoittaen ilmeisesti henkil\u00f6kuntaa.<\/p>\n<p class=\"article-content article-content-width !bg-background\">\u2013\tNe on varmaan n\u00e4hnyt, ett\u00e4 halannut joo, n\u00e4ytt\u00e4nyt l\u00e4mpim\u00e4lt\u00e4 joo.<\/p>\n<p>\u201dNormaalit s\u00e4\u00e4nn\u00f6t\u201d<\/p>\n<p class=\"article-content article-content-width !bg-background\">Annelin veli kertoi perheen s\u00e4\u00e4nn\u00f6ist\u00e4, joita h\u00e4n piti t\u00e4ysin normaaleina.<\/p>\n<p class=\"article-content article-content-width !bg-background\">J\u00e4\u00e4kaapin rajoitettua k\u00e4ytt\u00f6\u00e4 mies perusteli sill\u00e4, ett\u00e4 sitten se olisi sy\u00f6ty tyhj\u00e4ksi. Esimerkkin\u00e4 t\u00e4st\u00e4 h\u00e4n mainitsi buffet-p\u00f6yd\u00e4n, josta joku lapsista oli kipannut lautaselleen kaiken.<\/p>\n<p>        <a itemprop=\"url\" href=\"https:\/\/www.seiska.fi\/vain-seiskassa\/dokumenttiohjaaja-uskoi-aina-anneli-auerin-syyttomyyteen-yksilon-oikeus-jyrattiin-syyttajan-johdolla\/1546418\" rel=\"nofollow noopener\" target=\"_blank\"><\/p>\n<p class=\"section-date\">\n        <strong class=\"article-section\" data-section=\"vain seiskassa\"><br \/>\n            vain seiskassa<br \/>\n        <\/strong><br \/>\n        11.12.2024 06:30\n    <\/p>\n<p>Dokumenttiohjaaja uskoi aina Anneli Auerin syytt\u00f6myyteen: \u201dYksil\u00f6n oikeus jyr\u00e4ttiin syytt\u00e4j\u00e4n johdolla\u201d\n    <\/p>\n<p itemprop=\"description\" class=\"subtitle \">\n    Ensin Anneli Auerista tehtiin kahdesti murhaaja ja lopuksi seksuaalirikollinen. Nyt kaikki syytteet ovat rauenneet, mutta edess\u00e4 voi olla uusi oikeustaisto.\n<\/p>\n<p>        <\/a><\/p>\n<p>                <img decoding=\"async\" src=\"https:\/\/www.europesays.com\/fi\/wp-content\/uploads\/2025\/12\/2004087.webp\" width=\"576\" height=\"274\" alt=\"Anneli Auerin lapset ovat kertoneet sijaiskodin oudoista s\u00e4\u00e4nn\u00f6ist\u00e4. Annelin veli kiisti syyt\u00f6kset.\" loading=\"lazy\" \/>            <\/p>\n<p>\n            Anneli Auerin lapset ovat kertoneet sijaiskodin oudoista s\u00e4\u00e4nn\u00f6ist\u00e4. Annelin veli kiisti syyt\u00f6kset.<br \/>\n            Timo Korhonen\n        <\/p>\n<p class=\"article-content article-content-width !bg-background\">\u2013\tKun oli tarkoitus, ett\u00e4 ottaa jokaiselta lautaselta hiukan, hiukan ja hiukan, mies kuvaili ja huitoi samalla k\u00e4dell\u00e4\u00e4n ik\u00e4\u00e4n kuin malliksi.<\/p>\n<p class=\"article-content article-content-width !bg-background\">\u2013\tEik\u00e4 lapsilla ollut mit\u00e4\u00e4n tarvetta menn\u00e4 j\u00e4\u00e4kaapille, sill\u00e4 vaimoni teki heille ruuan.<\/p>\n<p class=\"article-content article-content-width !bg-background\">H\u00e4n viittasi my\u00f6s siihen, ett\u00e4 traumatisoituneet lapset tarvitsivat selke\u00e4t s\u00e4\u00e4nn\u00f6t. N\u00e4in heit\u00e4 oli \u201dsossut\u201d ohjeistaneet.<\/p>\n<p>Pelk\u00e4si varvassieni\u00e4<\/p>\n<p class=\"article-content article-content-width !bg-background\">Suihkukieltoa Annelin veli perusteli sill\u00e4, etteiv\u00e4t lapset suostuneet k\u00e4ytt\u00e4m\u00e4\u00e4n suihkutossuja uimahallissa tai koulun suihkussa.<\/p>\n<p class=\"article-content article-content-width !bg-background\">\u2013\tJos ne olisi noudattaneet niit\u00e4 s\u00e4\u00e4nt\u00f6j\u00e4, niin suihkua olisivat saaneet k\u00e4ytt\u00e4\u00e4. Mit\u00e4 kaikkia varvassieni\u00e4 sielt\u00e4 olisi tullutkaan.<\/p>\n<p class=\"article-content article-content-width !bg-background\">\u2013\tJa mink\u00e4 takia niit\u00e4 syyli\u00e4 tuli? He eiv\u00e4t suostuneet k\u00e4ytt\u00e4m\u00e4\u00e4n suihkutossuja. Meill\u00e4 oli vuoden projekti, ett\u00e4 saimme ne pojalta pois. Lis\u00e4ksi meill\u00e4 oli valtava homma pest\u00e4 suihkutilat, h\u00e4n perusteli suihkukieltoa.<\/p>\n<p>                <img decoding=\"async\" src=\"https:\/\/www.europesays.com\/fi\/wp-content\/uploads\/2025\/12\/1936091.webp\" width=\"576\" height=\"720\" alt=\"Vuonna 2015 Anneli esitteli mappipinoa, joka syntyi oikeistaistojen my\u00f6t\u00e4. Nyt mappipino kasvaa taas.\" loading=\"lazy\" \/>            <\/p>\n<p>\n            Vuonna 2015 Anneli esitteli mappipinoa, joka syntyi oikeistaistojen my\u00f6t\u00e4. Nyt mappipino kasvaa taas.<br \/>\n            Pasi Murto\n        <\/p>\n<p class=\"article-content article-content-width !bg-background\">Puolustuksen juristi kysyi, onko sijaisis\u00e4 \u201dp\u00f6p\u00f6kammoinen\u201d?<\/p>\n<p class=\"article-content article-content-width !bg-background\">\u2013\tKyll\u00e4 me varmaan ollaan, sijaisis\u00e4 vastasi my\u00f6s vaimonsa puolesta.<\/p>\n<p class=\"article-content article-content-width !bg-background\">Sen j\u00e4lkeen h\u00e4n luetteli normaaleilta kuulostavia k\u00e4sienpesuk\u00e4yt\u00e4nt\u00f6j\u00e4. Tarkemmat kysymykset lasten kertomista, oudoista siisteysk\u00e4yt\u00e4nn\u00f6ist\u00e4 h\u00e4n kuittasi sill\u00e4, ettei muista tai tied\u00e4 t\u00e4llaisia tapahtuneen. Usein h\u00e4n vieritti tapahtumat my\u00f6s vaimonsa harteille.<\/p>\n<p>        <a itemprop=\"url\" href=\"https:\/\/www.seiska.fi\/rikos\/seiska-loysi-auerin-lasten-sijaiskodin-hatkahdyttava-naky\/2004068\" rel=\"nofollow noopener\" target=\"_blank\"><\/p>\n<p>\nSeiska l\u00f6ysi lasten sijaiskodin\n<\/p>\n<p class=\"section-date\">\n        <strong class=\"article-section\" data-section=\"rikos\"><br \/>\n            rikos<br \/>\n        <\/strong><br \/>\n        28.11. 05:00\n    <\/p>\n<p>Seiska l\u00f6ysi Auerin lasten sijaiskodin \u2013 h\u00e4tk\u00e4hdytt\u00e4v\u00e4 n\u00e4ky!\n    <\/p>\n<p itemprop=\"description\" class=\"subtitle \">\n    Anneli Auerin lapset ovat kertoneet oikeudessa sijaiskodistaan, jossa he joutuivat alistumaan erikummallisille s\u00e4\u00e4nn\u00f6ille. Seiska l\u00f6ysi kohutalon.\n<\/p>\n<p>        <\/a><\/p>\n<p class=\"article-content article-content-width !bg-background\">Avaimia lapsille ei voinut antaa \u201dluottamuspulan\u201d takia. H\u00e4n perusteli avaimettomuutta my\u00f6s talossa olleella uima-altaalla.<\/p>\n<p class=\"article-content article-content-width !bg-background\">\u2013\tSe oli minun vastuullani, ettei kukaan sinne mene ilman lupaa ja huku.<\/p>\n<p class=\"article-content article-content-width !bg-background\">Liiketunnisteet ja yl\u00e4kerran portin h\u00e4n perusteli my\u00f6s turvallisuudella, sill\u00e4 yksi lapsista k\u00e4veli unissaan. My\u00f6s perheen veneen hytinoven lukitseminen johtui samasta syyst\u00e4.<\/p>\n<p class=\"article-content article-content-width !bg-background\">\u2013\tEttei kukaan putoa mereen.<\/p>\n<p>Perusteli s\u00e4\u00e4nt\u00f6j\u00e4<\/p>\n<p class=\"article-content article-content-width !bg-background\">Talon uima-allasta lapset olivat saaneet aluksi k\u00e4ytt\u00e4\u00e4.<\/p>\n<p class=\"article-content article-content-width !bg-background\">\u2013\tMutta sitten joku kusi sinne. Harmitti, ett\u00e4 kun oli t\u00e4llainen mahdollisuus annettu. No sitten otettiin se allas pois heid\u00e4n k\u00e4yt\u00f6st\u00e4\u00e4n.<\/p>\n<p class=\"article-content article-content-width !bg-background\">Mies kertoi samantapaisen esimerkin xylitoli-purkasta, joka l\u00f6ytyi lammaskarvaisesta sohvatyynyst\u00e4.<\/p>\n<p class=\"article-content article-content-width !bg-background\">\u2013\tKun kukaan ei suostunut paljastamaan kenelt\u00e4 se oli, niin sitten loppui se purkan sy\u00f6nti. Vaikka se oli niiden herkkua, niin siirryttiin xylitoli-pastilleihin.<\/p>\n<p>                <img decoding=\"async\" src=\"https:\/\/www.europesays.com\/fi\/wp-content\/uploads\/2025\/12\/873588.webp\" width=\"576\" height=\"274\" alt=\"Kun Anneli Auer vapautui vankilasta murhasyytteist\u00e4, kahden kuukauden p\u00e4\u00e4st\u00e4 h\u00e4net vangittiin uudelleen seksuaalirikoksista. Syyn\u00e4 olivat lasten puheet, jotka on nyt osoittautuneet sepitteeksi.\" loading=\"lazy\" \/>            <\/p>\n<p>\n            Kun Anneli Auer vapautui vankilasta murhasyytteist\u00e4, kahden kuukauden p\u00e4\u00e4st\u00e4 h\u00e4net vangittiin uudelleen seksuaalirikoksista. Syyn\u00e4 olivat lasten puheet, jotka on nyt osoittautuneet sepitteeksi.<\/p>\n<p class=\"article-content article-content-width !bg-background\">Lis\u00e4ksi mies kertoi isosiskon ker\u00e4nneen salaa pulloja.<\/p>\n<p class=\"article-content article-content-width !bg-background\">\u2013\tSe oli se ik\u00e4v\u00e4mpi episodi. H\u00e4n oli liimannut viivakoodeja pulloihin. Eik\u00f6h\u00e4n se ole laitontakin. Puutuin siihen ja pullojen ker\u00e4\u00e4minen loppui siihen.<\/p>\n<p class=\"article-content article-content-width !bg-background\">Omassa kuulemisessaan isosisko kertoi, ettei saanut viikkorahaa. Koska h\u00e4nen teki mieli makeisia, h\u00e4n ker\u00e4si salaa pulloja, vei ne kauppaan ja saaduilla rahoilla osti karkkeja.<\/p>\n<p class=\"article-content article-content-width !bg-background\">\u2013\tKun j\u00e4in kiinni, minulle huudettiin kuin rikolliselle.<\/p>\n<p>        <a itemprop=\"url\" href=\"https:\/\/www.seiska.fi\/rikos\/anneli-auer-rikkoi-hiljaisuuden-kritisoi-rajusti-tunnettua-tv-toimittajaa-blogissaan\/1824803\" rel=\"nofollow noopener\" target=\"_blank\"><\/p>\n<p>\nAnneli Auer\n<\/p>\n<p class=\"section-date\">\n        <strong class=\"article-section\" data-section=\"rikos\"><br \/>\n            rikos<br \/>\n        <\/strong><br \/>\n        4.6. 08:30\n    <\/p>\n<p>Anneli Auer rikkoi hiljaisuuden \u2013 kritisoi rajusti tunnettua tv-toimittajaa blogissaan\n    <\/p>\n<p itemprop=\"description\" class=\"subtitle \">\n    Anneli Auer ruotii kovin sanak\u00e4\u00e4ntein mediaa siit\u00e4, miten Ulvilan murhasta on levinnyt virheellist\u00e4 tietoa.\n<\/p>\n<p>        <\/a><\/p>\n<p class=\"article-content article-content-width !bg-background\">Annelin veljen mukaan lapset saivat viikko- tai kuukausirahaa.<\/p>\n<p class=\"article-content article-content-width !bg-background\">Salissa k\u00e4siteltiin my\u00f6s sit\u00e4, kuinka paljon rahaa sijaisvanhemmat saivat lapsista.<\/p>\n<p class=\"article-content article-content-width !bg-background\">Keskustelu selv\u00e4sti hermostutti miest\u00e4. H\u00e4nell\u00e4 ja puolustuksen asianajajalla oli eri n\u00e4kemys rahasummista.\u00a0<\/p>\n<p class=\"article-content article-content-width !bg-background\">\u2013 Vuonna 2011 saatiin 5 637 euroa.\u00a0<\/p>\n<p class=\"article-content article-content-width !bg-background\">Fredmanin mukaan summa kuitenkin nousi. H\u00e4n esitteli salissa dokumentteja, joiden perusteella summa olisi ollut hieman yli 9 000 euroa.<\/p>\n<p>Kulki risoissa vaatteissa<\/p>\n<p class=\"article-content article-content-width !bg-background\">Poliisin esitutkinnassa oli kerrottu, ett\u00e4 nuorimmainen lapsista liikkui liian pieniss\u00e4 ja rikkin\u00e4isiss\u00e4 vaatteissa.<\/p>\n<p class=\"article-content article-content-width !bg-background\">\u2013\tKun h\u00e4n l\u00e4hti kaverilleen kyl\u00e4\u00e4n, niin laittoi p\u00e4\u00e4llens\u00e4 sellaisen hemmetin ruman hupparin. Meit\u00e4 h\u00e4vetti se, ett\u00e4 meni kaverinsa luokse sellaisessa. Ihan k\u00e4sitt\u00e4m\u00e4t\u00f6nt\u00e4, Annelin veli vastasi Jens Kukan juristin kysymykseen lasten huonosta vaatetuksesta.<\/p>\n<p>        <a itemprop=\"url\" href=\"https:\/\/www.seiska.fi\/rikos\/vaite-nain-anneli-auerin-lapset-saatiin-vihaamaan-ja-pelkaamaan-aitiaan\/1042813\" rel=\"nofollow noopener\" target=\"_blank\"><\/p>\n<p class=\"section-date\">\n        <strong class=\"article-section\" data-section=\"rikos\"><br \/>\n            rikos<br \/>\n        <\/strong><br \/>\n        30.5.2023 15:25\n    <\/p>\n<p>V\u00e4ite: N\u00e4in Anneli Auerin lapset saatiin &#8221;vihaamaan ja pelk\u00e4\u00e4m\u00e4\u00e4n \u00e4iti\u00e4\u00e4n&#8221;\n    <\/p>\n<p itemprop=\"description\" class=\"subtitle \">\n    Lapset kertovat olleensa t\u00e4ysin sijaisperheens\u00e4 armolla. Perheess\u00e4 kuri oli kovaa, ilmapiiri pelottava eik\u00e4 l\u00e4hisukuun tai edes yst\u00e4viin saanut pit\u00e4\u00e4 yhteytt\u00e4.\n<\/p>\n<p>        <\/a><\/p>\n<p class=\"article-content article-content-width !bg-background\">H\u00e4nen n\u00e4kemyksens\u00e4 mukaan kyse oli murrosi\u00e4n kapinasta ja ett\u00e4 lapsi halusi tarkoituksella k\u00e4ytt\u00e4\u00e4 sellaisia vaatteita.<\/p>\n<p class=\"article-content article-content-width !bg-background\">\u2013 Lapset ovat aina olleet hyviss\u00e4 merkkivaatteissa. Kyll\u00e4 h\u00e4nell\u00e4 niit\u00e4 oli, mutta ei halunnut k\u00e4ytt\u00e4\u00e4.<\/p>\n<p class=\"article-content article-content-width !bg-background\">Juristi kysyi, ottiko nuorimmainen lapsi hyv\u00e4t vaatteet mukaansa, kun h\u00e4n muutti perheest\u00e4 pois.<\/p>\n<p class=\"article-content article-content-width !bg-background\">\u2013\tNe olivat kadonneet, veli vastasi.<\/p>\n<p class=\"article-content article-content-width !bg-background\">\u2013\tSiis h\u00e4nell\u00e4 oli ollut n\u00e4tit, hyv\u00e4t vaatteet, mutta kun h\u00e4n muutti teilt\u00e4 pois, ne olivat h\u00e4vinneet? juristi ihmetteli sattumaa.<\/p>\n<p>Videoissa apuna muistilaput<\/p>\n<p class=\"article-content article-content-width !bg-background\">Oikeudenk\u00e4ynnin yksi merkitt\u00e4vin hetki oli se, kun Anneli Auerin juristi Markku Fredman alkoi kuulustella sijaisis\u00e4\u00e4 siit\u00e4, milloin ja miten lapset alkoivat kertoa syytteisiin johtaneista seksuaalirikoksista.<\/p>\n<p class=\"article-content article-content-width !bg-background\">Lapset alkoivat kertoa tarinoita samana kes\u00e4n\u00e4, jolloin Anneli vapautui vankilasta ja lasten odotettiin palautuvan \u00e4idilleen. Sijaisperhe vei kuitenkin lapset Annelin tavoittamattomiin l\u00e4hes koko kes\u00e4ksi, muutamia pakollisia vierailuja lukuun ottamatta.<\/p>\n<p>        <a itemprop=\"url\" href=\"https:\/\/www.seiska.fi\/rikos\/tilakuuntelu-jarkytti-anneli-aurin-perhetta-peitepoliisi-seppo-paljastui-nolosti\/126458\" rel=\"nofollow noopener\" target=\"_blank\"><\/p>\n<p class=\"section-date\">\n        <strong class=\"article-section\" data-section=\"rikos\"><br \/>\n            rikos<br \/>\n        <\/strong><br \/>\n        11.3.2023 10:00\n    <\/p>\n<p>Tilakuuntelu j\u00e4rkytti Anneli Aurin perhett\u00e4 \u2013 peitepoliisi \u201dSeppo\u201d paljastui nolosti\n    <\/p>\n<p>        <\/a><\/p>\n<p class=\"article-content article-content-width !bg-background\">Oikeudessa selvisi, ett\u00e4 oikeuspsykologit olivat tehneet lasten puheista luotettavuusarvion muun muassa perustuen videotallenteeseen, jota he pitiv\u00e4t ensimm\u00e4isen\u00e4 tallenteena. Fredman pyrki n\u00e4ytt\u00e4m\u00e4\u00e4n toteen, ett\u00e4 sijaisis\u00e4 oli kuvannut ensimm\u00e4isen videoklipin jo kaksi viikkoa aiemmin kuin arvioinnissa olleet videot.<\/p>\n<p class=\"article-content article-content-width !bg-background\">N\u00e4in ollen videoita olisi katsottu v\u00e4\u00e4r\u00e4ss\u00e4 j\u00e4rjestyksess\u00e4 ja siten arviot lasten kertomusten kehittymisest\u00e4 olisivat v\u00e4\u00e4r\u00e4t.<\/p>\n<p class=\"article-content article-content-width !bg-background\">Lapsilla oli k\u00e4yt\u00f6ss\u00e4\u00e4n my\u00f6s muistilaput videointeja varten.<\/p>\n<p class=\"article-content article-content-width !bg-background\">\u2013\tOvatko n\u00e4m\u00e4 olleet videoiden k\u00e4sikirjoituksia? Pyysittek\u00f6 te lapsia itse kirjoittamaan yl\u00f6s mit\u00e4 he sanoivat? Fredman tivasi.<\/p>\n<p class=\"article-content article-content-width !bg-background\">\u2013\tSe on mahdollista, sijaisis\u00e4 vastasi.<\/p>\n<p class=\"article-content article-content-width !bg-background\">Sijaisis\u00e4 kuitenkin kiisti erityisesti valmistelleensa lapsia videointeja varten.<\/p>\n<p>Mist\u00e4 tarinat syntyiv\u00e4t?<\/p>\n<p class=\"article-content article-content-width !bg-background\">Aluksi lapset olivat puhuneet murhay\u00f6st\u00e4, jolloin heid\u00e4n is\u00e4ns\u00e4  tapettiin.<\/p>\n<p class=\"article-content article-content-width !bg-background\">Annelin pojan puheiden mukaan murha olisi lavastettu kasettinauhuria apuna k\u00e4ytt\u00e4en, ja ett\u00e4 todellinen tappaja olisi ollut \u00e4iti ja isosisko olisi ollut avustajana.<\/p>\n<p class=\"article-content article-content-width !bg-background\">Murhainfo.fi-sivustolla oli jo vuosia sitten ollut nauhuriaiheinen spekulaatio, joka oli siis l\u00e4hes identtinen Annelin pojan puheissa.<\/p>\n<p class=\"article-content article-content-width !bg-background\">Sijaisis\u00e4 kiisti koskaan kirjoittaneensa mit\u00e4\u00e4n Murhainfo-sivustolle.<\/p>\n<p class=\"article-content article-content-width !bg-background\">\u2013\tOlen kyll\u00e4 k\u00e4ynyt siell\u00e4, h\u00e4n my\u00f6nsi.<\/p>\n<p>                <img decoding=\"async\" src=\"https:\/\/www.europesays.com\/fi\/wp-content\/uploads\/2025\/12\/1972430.webp\" width=\"576\" height=\"274\" alt=\"Vaikka Jens Ihlen ja Annelin suhde oli jo p\u00e4\u00e4ttynyt, he pitiv\u00e4t toisiinsa yhteytt\u00e4. Kun Anneli pid\u00e4tettiin murhasta, Jens otti poliisiin yhteytt\u00e4 puolustaen Annelia.\" loading=\"lazy\" \/>            <\/p>\n<p>\n            Vaikka Jens Ihlen ja Annelin suhde oli jo p\u00e4\u00e4ttynyt, he pitiv\u00e4t toisiinsa yhteytt\u00e4. Kun Anneli pid\u00e4tettiin murhasta, Jens otti poliisiin yhteytt\u00e4 puolustaen Annelia.<br \/>\n            PANU H\u00d6RKK\u00d6\n        <\/p>\n<p class=\"article-content article-content-width !bg-background\">H\u00e4n kiisti my\u00f6s tiet\u00e4neens\u00e4 mit\u00e4\u00e4n saatananpalvontarituaaleista, joista lapset kertoivat.<\/p>\n<p class=\"article-content article-content-width !bg-background\">Lasten puheissa oli ollut paljon samankaltaisia adjektiiveja kuin saatananpalvonnasta kaksi kirjaa kirjoittaneella .<\/p>\n<p class=\"article-content article-content-width !bg-background\">Juristi Fredman heilutteli k\u00e4siss\u00e4\u00e4n kahta Ahorinnan kirjoittamaa kirjaa, mutta sijaisis\u00e4 kielsi koskaan lukeneensa kyseisi\u00e4 opuksia, eik\u00e4 h\u00e4n ollut niit\u00e4 edes n\u00e4hnyt.<\/p>\n<p class=\"article-content article-content-width !bg-background\">Sijaisis\u00e4lt\u00e4 kysyttiin my\u00f6s sit\u00e4, onko h\u00e4n my\u00f6t\u00e4vaikuttanut siihen, ett\u00e4 poliisi kuuli Ahorintaa asiantuntijana.<\/p>\n<p class=\"article-content article-content-width !bg-background\">\u2013\tEn osaa sanoa, h\u00e4n vastasi.<\/p>\n<p class=\"article-content article-content-width !bg-background\">\u2013\tSe on siis mahdollista, sill\u00e4 ette kiist\u00e4 sit\u00e4, Fredman totesi.<\/p>\n<p>L\u00e4htiv\u00e4t \u201dpakomatkalle\u201d<\/p>\n<p class=\"article-content article-content-width !bg-background\">Kun sijaisis\u00e4 oli toimittanut lasten murhapuhevideot syytt\u00e4j\u00e4lle, h\u00e4n kertoi saaneensa ohjeet l\u00e4hte\u00e4 \u201dpakomatkalle\u201d.<\/p>\n<p class=\"article-content article-content-width !bg-background\">Pakomatka suuntautui Saloon, josta he olivat varanneet hotellihuoneen.<\/p>\n<p class=\"article-content article-content-width !bg-background\">Siell\u00e4 lapset alkoivat puhua seksuaalirikosasioita.<\/p>\n<p class=\"article-content article-content-width !bg-background\">\u2013\tMutta siell\u00e4 oli niin huono \u00e4\u00e4nieristys siell\u00e4 hotellissa, sijaisis\u00e4 selitti eik\u00e4 siten halunnut lasten puhuvan siell\u00e4.<\/p>\n<p>        <a itemprop=\"url\" href=\"https:\/\/www.seiska.fi\/rikos\/nain-rajusti-poliisi-grillasi-anneli-auerin-12-vuotiasta-tytarta-dokumentti-paljastaa-kohutun-rikosvyyhdin-karuja-yksityiskohtia\/126393\" rel=\"nofollow noopener\" target=\"_blank\"><\/p>\n<p class=\"section-date\">\n        <strong class=\"article-section\" data-section=\"rikos\"><br \/>\n            rikos<br \/>\n        <\/strong><br \/>\n        10.3.2023 06:00\n    <\/p>\n<p>N\u00e4in rajusti poliisi grillasi Anneli Auerin 12-vuotiasta tyt\u00e4rt\u00e4 \u2013 dokumentti paljastaa kohutun rikosvyyhdin karuja yksityiskohtia\n    <\/p>\n<p>        <\/a><\/p>\n<p class=\"article-content article-content-width !bg-background\">My\u00f6hemmin he j\u00e4ttiv\u00e4t hotellin ja siirtyiv\u00e4t \u201dm\u00f6kille\u201d Paraisille.<\/p>\n<p class=\"article-content article-content-width !bg-background\">Fredman esitteli aikajanan viitaten esitutkintamateriaaliin, jonka mukaan murhatutkintaa johtanut  olisi ottanut sijaisis\u00e4\u00e4n yhteyden lasten murhapuheiden j\u00e4lkeen ja kysynyt, oliko lapset puhuneet seksuaalirikoksista.<\/p>\n<p class=\"article-content article-content-width !bg-background\">\u2013\tSantaoja soitti teille keskiviikkona 24.8. ja te olette luvanneet kysy\u00e4 lapsilta asiasta. Torstaina 25.8. lapset ovat puhuneet jotain, mutta te olette menneet konserttiin. Ja vasta seuraavan viikon maanantaina otitte yhteyden viranomaisiin.<\/p>\n<p class=\"article-content article-content-width !bg-background\">\u2013\tMiksi odotitte n\u00e4in kauan ja mit\u00e4 teitte n\u00e4iden p\u00e4ivien v\u00e4lill\u00e4? Mist\u00e4 johtuu t\u00e4llainen viive lasten puheiden ja viranomaisille ilmoituksen v\u00e4lill\u00e4, Fredman kyseli.<\/p>\n<p>Hermostui humppapuheista<\/p>\n<p class=\"article-content article-content-width !bg-background\">Koska sijaisis\u00e4n muisti oli t\u00e4ss\u00e4 kohtaan heikko, Fredman virkisti sit\u00e4 kertomalla sijaisperheen k\u00e4yneen Salossa konsertissa.<\/p>\n<p class=\"article-content article-content-width !bg-background\">Samalla Fredman luetteli konsertissa esiintyneit\u00e4 artisteja.<\/p>\n<p class=\"article-content article-content-width !bg-background\">Sijaisis\u00e4n muisti ei t\u00e4st\u00e4 virkistynyt, sen sijaan h\u00e4n tulistui Fredmanin luettelemista esiintyjist\u00e4, kuten .<\/p>\n<p class=\"article-content article-content-width !bg-background\">\u2013\tMe emme ole k\u00e4yneet miss\u00e4\u00e4n humppakonsertissa, sijaisis\u00e4 kiivasteli niin kovasti, ett\u00e4 tuomari joutui rauhoittamaan tilannetta.<\/p>\n<p class=\"article-content article-content-width !bg-background\">Lopulta sijaisis\u00e4 toteaa varsinaiseen kysymykseen, ettei muista mit\u00e4\u00e4n tuolta ajalta.<\/p>\n<p class=\"article-content article-content-width !bg-background\">\u2013\tMinulla on hemmetin sumuisia muistikuvia. Aika sumuista ollut.<\/p>\n<p class=\"article-content article-content-width !bg-background\">\u2013\tMutta toi sun humppajuttus haisee, sijaisis\u00e4 tiukaisi j\u00e4lleen Fredmanille.<\/p>\n<p>Jens puolusti Annelia<\/p>\n<p class=\"article-content article-content-width !bg-background\">Sen sijaisis\u00e4 muisti, ett\u00e4 tuolloin lasten puheissa oli mainittu my\u00f6s Jens Kukka (nyk. Ihle).<\/p>\n<p class=\"article-content article-content-width !bg-background\">Sijaisis\u00e4 oli my\u00f6s itse tavannut Jens Ihlen aiemmin, kun Ihle oli ollut huolissaan Annelin joutuessa pid\u00e4tetyksi murhasta.<\/p>\n<p class=\"article-content article-content-width !bg-background\">Sijaisis\u00e4n kertoman mukaan Ihle oli painostanut h\u00e4net tapaamiselle. Ihle puolestaan kertoi tapaamisen sujuneen normaalisti puhelinkeskusteluiden p\u00e4\u00e4tteeksi. Yhteydenottojen syyn\u00e4 oli ollut ex-miesyst\u00e4v\u00e4n huoli Annelista, joka oli pid\u00e4tetty murhasta.<\/p>\n<p class=\"article-content article-content-width !bg-background\">\u2013 Soitin my\u00f6s Porin poliisiin Santaojalle ja kerroin, ett\u00e4 heill\u00e4 on t\u00e4ysin v\u00e4\u00e4r\u00e4 henkil\u00f6 pid\u00e4tettyn\u00e4.<\/p>\n<p class=\"article-content article-content-width !bg-background\">Ihlen puheista saa sen k\u00e4sityksen, ett\u00e4 h\u00e4n olisi antanut virallisen lausunnon poliisille, mutta esitutkintamateriaaleissa t\u00e4st\u00e4 ei ole mainintaa.<\/p>\n<p>Veli tiuski Jensille<\/p>\n<p class=\"article-content article-content-width !bg-background\">Kun Anneli vapautettiin murhasyytteist\u00e4 1.7.2011, Ihle soitti j\u00e4lleen Annelin veljelle ja onnitteli h\u00e4nt\u00e4 siskoonsa liittyv\u00e4st\u00e4 hyv\u00e4st\u00e4 uutisesta.<\/p>\n<p class=\"article-content article-content-width !bg-background\">\u2013\tH\u00e4n tiuskaisi, ett\u00e4 mit\u00e4 s\u00e4 mua siit\u00e4 onnittelet. Pidin reaktiota yll\u00e4tt\u00e4v\u00e4n\u00e4, sill\u00e4 itse olisin ollut vastaavassa tilanteessa hirmu iloinen, Jens kertoi oikeudessa.<\/p>\n<p class=\"article-content article-content-width !bg-background\">Tuolloin h\u00e4n ei viel\u00e4 tiennyt mit\u00e4\u00e4n siit\u00e4, ett\u00e4 pian h\u00e4nkin istuisi syytettyn\u00e4 yhdest\u00e4 raskaimmista rikoksista eli lasten seksuaalisesta hyv\u00e4ksik\u00e4yt\u00f6st\u00e4.<\/p>\n<p>                <img decoding=\"async\" src=\"https:\/\/www.europesays.com\/fi\/wp-content\/uploads\/2025\/12\/1936037.webp\" width=\"576\" height=\"274\" alt=\"Pekka Lehto on jo aiemmin tehnyt Anneli Aueriin liittyv\u00e4n dokumentin Ulvilan murhamysteeri. Nyt h\u00e4n tekee uutta dokumenttia, jossa tapahtumia tarkastellaan Annelin vanhimman lapsen n\u00e4k\u00f6kulmasta.\" loading=\"lazy\" \/>            <\/p>\n<p>\n            Pekka Lehto on jo aiemmin tehnyt Anneli Aueriin liittyv\u00e4n dokumentin Ulvilan murhamysteeri. Nyt h\u00e4n tekee uutta dokumenttia, jossa tapahtumia tarkastellaan Annelin vanhimman lapsen n\u00e4k\u00f6kulmasta.<br \/>\n            Panu H\u00f6rkk\u00f6\n        <\/p>\n<p class=\"article-content article-content-width !bg-background\">\u2013\tMinun kohdallani se helvetti alkoi 8.9.2011, jolloin minut pid\u00e4tettiin. Samalla vietiin ihmisarvoni ja menetin 10 vuoden tuomioni my\u00f6t\u00e4 kaiken: ty\u00f6ni, maineeni ja omaisuuteni, Jens kertoi omassa kuulemisessaan.<\/p>\n<p class=\"article-content article-content-width !bg-background\">\u2013\tMinua pidettiin ensin 34 vuorokautta putkassa, sitten 111 vuorokautta eristysselliss\u00e4 ja yhteydenpitokielto p\u00e4\u00e4ttyi 17.4.2012.<\/p>\n<p class=\"article-content article-content-width !bg-background\">\u2013\tOlen koko ajan sanonut olevani syyt\u00f6n. Onneksi sukulaiset ja ne yst\u00e4v\u00e4t, jotka minut tuntevat, ovat uskoneet minuun.<\/p>\n<p class=\"article-content article-content-width !bg-background\">Lopuksi Annelin veljelt\u00e4 kysyttiin, milt\u00e4 h\u00e4nest\u00e4 tuntui, kun sijaislapset vuosien j\u00e4lkeen vuorotellen muuttivat perheest\u00e4 pois koulukotiin.<\/p>\n<p class=\"article-content article-content-width !bg-background\">\u2013\tHyv\u00e4lt\u00e4, sijaisis\u00e4 tiuskaisi.<\/p>\n<p class=\"article-content article-content-width !bg-background\">Oikeudenk\u00e4ynti jatkuu viel\u00e4 tammikuulle asti.<\/p>\n","protected":false},"excerpt":{"rendered":"ja h\u00e4nen ex-miesyst\u00e4v\u00e4ns\u00e4 (ent. ) lapsiin kohdistuvaa seksuaalirikosoikeudenk\u00e4ynti\u00e4 on puitu koko syksy. Video: Anneli Auer ja Jens Ihle&hellip;\n","protected":false},"author":2,"featured_media":110980,"comment_status":"","ping_status":"","sticky":false,"template":"","format":"standard","meta":{"footnotes":""},"categories":[12],"tags":[10877,20624,22,23,26,27,33,31,30,17,20623,15237,24,25,28,29,15,18,21,38,10879,20626,32,20627,19,20,20625,16],"class_list":{"0":"post-110979","1":"post","2":"type-post","3":"status-publish","4":"format-standard","5":"has-post-thumbnail","7":"category-suomi","8":"tag-anneli-auer","9":"tag-anneli-auerin-veli","10":"tag-breaking-news","11":"tag-breakingnews","12":"tag-featured-news","13":"tag-featurednews","14":"tag-fi","15":"tag-finland","16":"tag-finnish","17":"tag-headlines","18":"tag-jens-ihle","19":"tag-jens-kukka","20":"tag-latest-news","21":"tag-latestnews","22":"tag-main-news","23":"tag-mainnews","24":"tag-news","25":"tag-otsikot","26":"tag-paauutiset","27":"tag-rikos","28":"tag-seksuaalirikosoikeudenkaynti","29":"tag-sijaisperhe","30":"tag-suomi","31":"tag-tapio-santaoja","32":"tag-top-stories","33":"tag-topstories","34":"tag-ulvilan-murha","35":"tag-uutiset"},"share_on_mastodon":{"url":"https:\/\/pubeurope.com\/@fi\/115684529295878784","error":""},"_links":{"self":[{"href":"https:\/\/www.europesays.com\/fi\/wp-json\/wp\/v2\/posts\/110979","targetHints":{"allow":["GET"]}}],"collection":[{"href":"https:\/\/www.europesays.com\/fi\/wp-json\/wp\/v2\/posts"}],"about":[{"href":"https:\/\/www.europesays.com\/fi\/wp-json\/wp\/v2\/types\/post"}],"author":[{"embeddable":true,"href":"https:\/\/www.europesays.com\/fi\/wp-json\/wp\/v2\/users\/2"}],"replies":[{"embeddable":true,"href":"https:\/\/www.europesays.com\/fi\/wp-json\/wp\/v2\/comments?post=110979"}],"version-history":[{"count":0,"href":"https:\/\/www.europesays.com\/fi\/wp-json\/wp\/v2\/posts\/110979\/revisions"}],"wp:featuredmedia":[{"embeddable":true,"href":"https:\/\/www.europesays.com\/fi\/wp-json\/wp\/v2\/media\/110980"}],"wp:attachment":[{"href":"https:\/\/www.europesays.com\/fi\/wp-json\/wp\/v2\/media?parent=110979"}],"wp:term":[{"taxonomy":"category","embeddable":true,"href":"https:\/\/www.europesays.com\/fi\/wp-json\/wp\/v2\/categories?post=110979"},{"taxonomy":"post_tag","embeddable":true,"href":"https:\/\/www.europesays.com\/fi\/wp-json\/wp\/v2\/tags?post=110979"}],"curies":[{"name":"wp","href":"https:\/\/api.w.org\/{rel}","templated":true}]}}