{"id":111006,"date":"2025-12-08T15:41:09","date_gmt":"2025-12-08T15:41:09","guid":{"rendered":"https:\/\/www.europesays.com\/fi\/111006\/"},"modified":"2025-12-08T15:41:09","modified_gmt":"2025-12-08T15:41:09","slug":"kupsille-valtava-sopimus","status":"publish","type":"post","link":"https:\/\/www.europesays.com\/fi\/111006\/","title":{"rendered":"KuPSille valtava sopimus"},"content":{"rendered":"<p>KuPSin mestarikapteeni jatkaa seurassa.<\/p>\n<p><img decoding=\"async\" class=\"image image-show image-preview\" src=\"https:\/\/www.europesays.com\/fi\/wp-content\/uploads\/2025\/12\/fe93e2d95cda6999abecda47aa3e4c19885f168bba37a7c29252c463d17647c3.jpg\" alt=\"\"\/><img decoding=\"async\" class=\"image image-show\" src=\"https:\/\/www.europesays.com\/fi\/wp-content\/uploads\/2025\/12\/1765208469_507_fe93e2d95cda6999abecda47aa3e4c19885f168bba37a7c29252c463d17647c3.jpg\" alt=\"\"\/><\/p>\n<p>Petteri Pennanen ei l\u00e4hde minnek\u00e4\u00e4n. Jari Welling<\/p>\n<p class=\"paragraph\">KuPS ja kapteeni <strong>Petteri Pennanen<\/strong> ovat solmineet kahden kauden mittaisen jatkosopimuksen, seura tiedottaa.<\/p>\n<p class=\"paragraph\">Kippari k\u00e4skee jatkossakin Keltamusia kausina 2026 ja 2027.<\/p>\n<p class=\"paragraph\">Pennanen on ollut KuPSille elint\u00e4rke\u00e4 palanen niin kent\u00e4ll\u00e4 kuin sen ulkopuolellakin. Keskikent\u00e4n maestro on tyytyv\u00e4inen jatkosopimuksesta.<\/p>\n<p class=\"paragraph\">\u2013 K\u00e4vimme syksyll\u00e4 periaatteessa kaiken valmiiksi, mutta halusin siin\u00e4 vaiheessa viel\u00e4 hetken pys\u00e4hty\u00e4 ja mietti\u00e4 rauhassa. Nyt, kun kausi l\u00e4henee loppua, p\u00e4\u00e4t\u00f6s oli tarkoitus tehd\u00e4 \u2013 eik\u00e4 mik\u00e4\u00e4n muu vaihtoehto k\u00e4ynyt mieless\u00e4. Kroppa tuntuu edelleen erinomaiselta ja mielikin on suhteellisen nuorekas, joten jatko oli lopulta helppo ratkaisu, h\u00e4n kertoo tiedotteessa.<\/p>\n<p class=\"paragraph\">T\u00e4htipelaajan ratkaisuun vaikuttivat my\u00f6s kent\u00e4n ulkopuoliset asiat. Pennanen kertoi, ett\u00e4 h\u00e4nen el\u00e4m\u00e4ns\u00e4 on Kuopiossa.<\/p>\n<p class=\"paragraph\">\u2013 Samaan aikaan seura on minulle eritt\u00e4in t\u00e4rke\u00e4 \u2013 se on osa omaa el\u00e4m\u00e4\u00e4ni. On upeaa, ett\u00e4 t\u00e4m\u00e4 kaikki on mahdollista omassa kotikaupungissa ja samalla Suomen parhaassa seurassa. Eih\u00e4n sit\u00e4 voi enemp\u00e4\u00e4 toivoa.<\/p>\n<p class=\"paragraph\">KuPS rakentaa tulevaisuutta tiedotteen mukaan jatkuvuuden ja vaatimustason ymp\u00e4rille. Pennasen jatkosopimus vaalii molempia edell\u00e4 mainittuja arvoja.<\/p>\n<p class=\"paragraph\">KuPSin kausi jatkuu torstaina, kun savolaiset kohtaavat Konferenssiliigan ottelussa Lausannen.<\/p>\n","protected":false},"excerpt":{"rendered":"KuPSin mestarikapteeni jatkaa seurassa. Petteri Pennanen ei l\u00e4hde minnek\u00e4\u00e4n. Jari Welling KuPS ja kapteeni Petteri Pennanen ovat solmineet&hellip;\n","protected":false},"author":2,"featured_media":111007,"comment_status":"","ping_status":"","sticky":false,"template":"","format":"standard","meta":{"footnotes":""},"categories":[158],"tags":[35,36,542,2110,33,31,30,543,41,159,32,160],"class_list":{"0":"post-111006","1":"post","2":"type-post","3":"status-publish","4":"format-standard","5":"has-post-thumbnail","7":"category-urheilu","8":"tag-24h","9":"tag-asuintalot-ja-asunnot","10":"tag-asuminen","11":"tag-elamantapa-ja-vapaa-aika","12":"tag-fi","13":"tag-finland","14":"tag-finnish","15":"tag-koti-ja-asuminen","16":"tag-liikunta-ja-urheilu","17":"tag-sports","18":"tag-suomi","19":"tag-urheilu"},"share_on_mastodon":{"url":"https:\/\/pubeurope.com\/@fi\/115684710094404939","error":""},"_links":{"self":[{"href":"https:\/\/www.europesays.com\/fi\/wp-json\/wp\/v2\/posts\/111006","targetHints":{"allow":["GET"]}}],"collection":[{"href":"https:\/\/www.europesays.com\/fi\/wp-json\/wp\/v2\/posts"}],"about":[{"href":"https:\/\/www.europesays.com\/fi\/wp-json\/wp\/v2\/types\/post"}],"author":[{"embeddable":true,"href":"https:\/\/www.europesays.com\/fi\/wp-json\/wp\/v2\/users\/2"}],"replies":[{"embeddable":true,"href":"https:\/\/www.europesays.com\/fi\/wp-json\/wp\/v2\/comments?post=111006"}],"version-history":[{"count":0,"href":"https:\/\/www.europesays.com\/fi\/wp-json\/wp\/v2\/posts\/111006\/revisions"}],"wp:featuredmedia":[{"embeddable":true,"href":"https:\/\/www.europesays.com\/fi\/wp-json\/wp\/v2\/media\/111007"}],"wp:attachment":[{"href":"https:\/\/www.europesays.com\/fi\/wp-json\/wp\/v2\/media?parent=111006"}],"wp:term":[{"taxonomy":"category","embeddable":true,"href":"https:\/\/www.europesays.com\/fi\/wp-json\/wp\/v2\/categories?post=111006"},{"taxonomy":"post_tag","embeddable":true,"href":"https:\/\/www.europesays.com\/fi\/wp-json\/wp\/v2\/tags?post=111006"}],"curies":[{"name":"wp","href":"https:\/\/api.w.org\/{rel}","templated":true}]}}