{"id":111008,"date":"2025-12-08T15:42:08","date_gmt":"2025-12-08T15:42:08","guid":{"rendered":"https:\/\/www.europesays.com\/fi\/111008\/"},"modified":"2025-12-08T15:42:08","modified_gmt":"2025-12-08T15:42:08","slug":"matias-petaisto-paahtui-auringossa-tunnistamattomaksi-katso-kuvat-miehen-sotilasvuosilta","status":"publish","type":"post","link":"https:\/\/www.europesays.com\/fi\/111008\/","title":{"rendered":"Matias Pet\u00e4ist\u00f6 paahtui auringossa tunnistamattomaksi &#8211; katso kuvat miehen sotilasvuosilta"},"content":{"rendered":"<p>            ATTE KAJOVA\n        <\/p>\n<p class=\"subtitle \">Rusketusraidoista ei ole Matiaksen kuvassa tietoakaan.<\/p>\n<p class=\"article-content article-content-width !bg-background\">, 35, tunnetaan parhaiten yhten\u00e4 Erikoisjoukot-sarjan tiukkasanaisista valmentajista.\u00a0<\/p>\n<p class=\"font-weight-bold m-font-weight-bold article-content article-content-width !bg-background\">Video: Matias Pet\u00e4ist\u00f6 kertoo julkisuuden mukanaan tuomasta huomiosta:<\/p>\n<p class=\"article-content article-content-width !bg-background\">Ennen tv-uraansa Matias ty\u00f6skenteli sotilaana. H\u00e4n on entinen Maavoimien erikoisjoukkojen sotilas.\u00a0<\/p>\n<p class=\"article-content article-content-width !bg-background\">Television v\u00e4lityksell\u00e4 on saatu hieman osviittaa siit\u00e4, millainen solttu Matias on. Nyt komistuksen ihailijat ovat kuitenkin todella saaneet vilauksen t\u00e4m\u00e4n taisteluvuosista.\u00a0<\/p>\n<p>        <a itemprop=\"url\" href=\"https:\/\/www.seiska.fi\/kotimaa\/il-matias-petaiston-avioerosta-uutta-tietoa\/2006834\" rel=\"nofollow noopener\" target=\"_blank\"><\/p>\n<p>\nIL:\n<\/p>\n<p class=\"section-date\">\n        <strong class=\"article-section\" data-section=\"kotimaa\"><br \/>\n            kotimaa<br \/>\n        <\/strong><br \/>\n        28.11. 17:00\n    <\/p>\n<p>IL: Matias Pet\u00e4ist\u00f6n avioerosta uutta tietoa\n    <\/p>\n<p itemprop=\"description\" class=\"subtitle \">\n    Matias ja Anette ovat py\u00f6ritelleet eroaan jo l\u00e4hes vuoden.\n<\/p>\n<p>        <\/a><\/p>\n<p>Kuvia taistelutantereelta<\/p>\n<p class=\"article-content article-content-width !bg-background\">Matias julkaisi itsen\u00e4isyysp\u00e4iv\u00e4n\u00e4 Instagramissa kolmen kuvan karusellin, jonka otokset on otettu vuosina 2012 ja 2013.\u00a0<\/p>\n<p>                <img decoding=\"async\" src=\"https:\/\/www.europesays.com\/fi\/wp-content\/uploads\/2025\/12\/2014578.webp\" width=\"576\" height=\"322\" alt=\"Erikousjoukot-koutsit ovat entisi\u00e4 sotilaita my\u00f6s tosiel\u00e4m\u00e4ss\u00e4.\" loading=\"lazy\" \/>            <\/p>\n<p>\n            Erikousjoukot-koutsit ovat entisi\u00e4 sotilaita my\u00f6s tosiel\u00e4m\u00e4ss\u00e4.<br \/>\n            ATTE KAJOVA\n        <\/p>\n<p class=\"article-content article-content-width !bg-background\">Kahdessa ensimm\u00e4isess\u00e4 kuvassa Matias esiintyy armeijan maastokuvioihin sonnustautuneena. Yritt\u00e4j\u00e4n\u00e4 ja kuntovalmentajana nykyisin ty\u00f6skentelev\u00e4 Matias kertoo julkaisussa, ett\u00e4 kuvat on otettu Afganistanissa.\u00a0<\/p>\n<p>Paahtui auringossa<\/p>\n<p class=\"article-content article-content-width !bg-background\">Kimaran viimeinen otos poikkeaa joukosta. Siin\u00e4 Matias istuskelee valkoisella muovituolilla ilmeisesti autotallin edustalla.\u00a0<\/p>\n<p class=\"article-content article-content-width !bg-background\">Kuten monissa somejulkaisuissaan, t\u00e4ss\u00e4kin Matias esiintyy paidatta. Solttuk\u00f6nsik\u00e4st\u00e4 ei kuitenkaan ole tunnistaa, sill\u00e4 h\u00e4n on otoksessa huomattavasti totuttua tummempi.\u00a0<\/p>\n<p>        <a itemprop=\"url\" href=\"https:\/\/www.seiska.fi\/katso\/mikko-kekalainen-emamoka-erikoisjoukoissa\/2010289\" rel=\"nofollow noopener\" target=\"_blank\"><\/p>\n<p>\nErikoisjoukot\n<\/p>\n<p class=\"section-date\">\n        <strong class=\"article-section\" data-section=\"katso\"><br \/>\n            katso<br \/>\n        <\/strong><br \/>\n        3.12. 16:15\n    <\/p>\n<p>Mikko Kek\u00e4l\u00e4inen: Em\u00e4moka Erikoisjoukoissa\n    <\/p>\n<p itemprop=\"description\" class=\"subtitle \">\n    Erikoisjoukkojen kokelaat joutuvat vihollisten vangeiksi.\n<\/p>\n<p>        <\/a><\/p>\n<p class=\"article-content article-content-width !bg-background\">Matias on ker\u00e4nnyt kuvassa huiman rusketuksen, mink\u00e4 lis\u00e4ksi nykyisin klanip\u00e4\u00e4n\u00e4 viihtyv\u00e4n miehen hiukset n\u00e4ytt\u00e4v\u00e4t l\u00e4hes mustilta.\u00a0<\/p>\n<p class=\"article-content article-content-width !bg-background\">\u2013\u00a0Arizona 2012, nilkka paskaks hypyss\u00e4 ja otin 2 viikkoo aurinkoo ja join Coronaa, Matias selitt\u00e4\u00e4 julkaisussaan.\u00a0<\/p>\n<p class=\"article-content article-content-width !bg-background\">Matiaksen julkaisuun on tullut runsaasti toivotuksia itsen\u00e4isyysp\u00e4iv\u00e4n kunniaksi. Lis\u00e4ksi soltun l\u00e4hes suihkurusketuksenomainen s\u00e4vy on saanut my\u00f6s someseuraajat reagoimaan.\u00a0\u00a0<\/p>\n<p class=\"article-content article-content-width !bg-background\">\u2013 Komee bruna, er\u00e4s seuraaja kehaisee.\u00a0<\/p>\n<p class=\"article-content article-content-width !bg-background\">\u2013 Ihan ok paahto, toinen sanailee.<\/p>\n<p>        <a itemprop=\"url\" href=\"https:\/\/www.seiska.fi\/kotimaa\/martina-aitolehdelta-ja-matias-petaistolta-ilouutinen\/2000958\" rel=\"nofollow noopener\" target=\"_blank\"><\/p>\n<p>\nMartina Aitolehti &amp; Matias Pet\u00e4ist\u00f6\n<\/p>\n<p class=\"section-date\">\n        <strong class=\"article-section\" data-section=\"kotimaa\"><br \/>\n            kotimaa<br \/>\n        <\/strong><br \/>\n        23.11. 07:30\n    <\/p>\n<p>Martina Aitolehdelt\u00e4 ja Matias Pet\u00e4ist\u00f6lt\u00e4 ilouutinen\n    <\/p>\n<p itemprop=\"description\" class=\"subtitle \">\n    Tunnetut hyvinvointivalmentajat Martina Aitolehti ja Matias Pet\u00e4ist\u00f6 osallistuivat Hyrox simulaatio-kilpailuun ja voittivat sarjansa.\n<\/p>\n<p>        <\/a><\/p>\n<p class=\"italic m-italic article-content article-content-width !bg-background\">Jos upotus ei toimi, <a href=\"https:\/\/www.instagram.com\/p\/DR6oW91jE1U\/?hl=fi&amp;img_index=3\" target=\"_blank\" rel=\"nofollow noopener\">n\u00e4et julkaisun t\u00e4\u00e4lt\u00e4<\/a>.<\/p>\n<p><script async src=\"\/\/www.instagram.com\/embed.js\"><\/script><\/p>\n","protected":false},"excerpt":{"rendered":"ATTE KAJOVA Rusketusraidoista ei ole Matiaksen kuvassa tietoakaan. , 35, tunnetaan parhaiten yhten\u00e4 Erikoisjoukot-sarjan tiukkasanaisista valmentajista.\u00a0 Video: Matias&hellip;\n","protected":false},"author":2,"featured_media":111009,"comment_status":"","ping_status":"","sticky":false,"template":"","format":"standard","meta":{"footnotes":""},"categories":[130],"tags":[4821,137,2159,33,31,30,18037,2156,20628,805,32,109],"class_list":{"0":"post-111008","1":"post","2":"type-post","3":"status-publish","4":"format-standard","5":"has-post-thumbnail","7":"category-viihde","8":"tag-afganistan","9":"tag-entertainment","10":"tag-erikoisjoukot","11":"tag-fi","12":"tag-finland","13":"tag-finnish","14":"tag-itsenaisyyspaiva","15":"tag-matias-petaisto","16":"tag-rusketus","17":"tag-sota","18":"tag-suomi","19":"tag-viihde"},"share_on_mastodon":{"url":"https:\/\/pubeurope.com\/@fi\/115684713842777694","error":""},"_links":{"self":[{"href":"https:\/\/www.europesays.com\/fi\/wp-json\/wp\/v2\/posts\/111008","targetHints":{"allow":["GET"]}}],"collection":[{"href":"https:\/\/www.europesays.com\/fi\/wp-json\/wp\/v2\/posts"}],"about":[{"href":"https:\/\/www.europesays.com\/fi\/wp-json\/wp\/v2\/types\/post"}],"author":[{"embeddable":true,"href":"https:\/\/www.europesays.com\/fi\/wp-json\/wp\/v2\/users\/2"}],"replies":[{"embeddable":true,"href":"https:\/\/www.europesays.com\/fi\/wp-json\/wp\/v2\/comments?post=111008"}],"version-history":[{"count":0,"href":"https:\/\/www.europesays.com\/fi\/wp-json\/wp\/v2\/posts\/111008\/revisions"}],"wp:featuredmedia":[{"embeddable":true,"href":"https:\/\/www.europesays.com\/fi\/wp-json\/wp\/v2\/media\/111009"}],"wp:attachment":[{"href":"https:\/\/www.europesays.com\/fi\/wp-json\/wp\/v2\/media?parent=111008"}],"wp:term":[{"taxonomy":"category","embeddable":true,"href":"https:\/\/www.europesays.com\/fi\/wp-json\/wp\/v2\/categories?post=111008"},{"taxonomy":"post_tag","embeddable":true,"href":"https:\/\/www.europesays.com\/fi\/wp-json\/wp\/v2\/tags?post=111008"}],"curies":[{"name":"wp","href":"https:\/\/api.w.org\/{rel}","templated":true}]}}