{"id":111022,"date":"2025-12-08T16:08:09","date_gmt":"2025-12-08T16:08:09","guid":{"rendered":"https:\/\/www.europesays.com\/fi\/111022\/"},"modified":"2025-12-08T16:08:09","modified_gmt":"2025-12-08T16:08:09","slug":"laulaja-suvi-terasniska-laajentaa-uraansa-aluevaltaus-yllattaa","status":"publish","type":"post","link":"https:\/\/www.europesays.com\/fi\/111022\/","title":{"rendered":"Laulaja Suvi Ter\u00e4sniska laajentaa uraansa &#8211; aluevaltaus yll\u00e4tt\u00e4\u00e4!"},"content":{"rendered":"<p class=\"article-content article-content-width !bg-background\">Laulaja <a alt=\"Haku\" class=\"text-primary-red font-extrabold\" href=\"https:\/\/www.seiska.fi\/haku?q=Suvi Ter\u00e4sniska\" rel=\"nofollow noopener\" target=\"_blank\">Suvi Ter\u00e4sniska<\/a>, 36, aloitti uransa jo 20 vuotta sitten. Reipas kolarilaiskaunotar otti itse yhteytt\u00e4 laulaja <a alt=\"Haku\" class=\"text-primary-red font-extrabold\" href=\"https:\/\/www.seiska.fi\/haku?q=Olli Lindholmiin\" rel=\"nofollow noopener\" target=\"_blank\">Olli Lindholmiin<\/a>, joka suostui ottamaan nuoren artistin alun Y\u00f6-yhtyeens\u00e4 taustalaulajaksi.\u00a0<\/p>\n<p class=\"font-weight-bold m-font-weight-bold article-content article-content-width !bg-background\">Video: Suvi Ter\u00e4sniska kertoo teinivuosiensa biisin:<\/p>\n<p class=\"article-content article-content-width !bg-background\">Sittemmin Suvi on julkaissut vaikuttavat 14 albumia. Niist\u00e4 viimeisin,\u00a0Iltalauluja II n\u00e4ki p\u00e4iv\u00e4nvalon lokakuussa.\u00a0<\/p>\n<p class=\"article-content article-content-width !bg-background\">Syksyll\u00e4 yli 50 keikkaa takonut Suvi on loistanut my\u00f6s yhten\u00e4 El\u00e4m\u00e4ni biisi -ohjelman t\u00e4htiartisteista. Lis\u00e4ksi voimakkaasta \u00e4\u00e4nest\u00e4\u00e4n ja herkist\u00e4 tulkinnoistaan tunnettu Suvi py\u00f6ritt\u00e4\u00e4 perhearkea. H\u00e4nell\u00e4 on <a alt=\"Haku\" class=\"text-primary-red font-extrabold\" href=\"https:\/\/www.seiska.fi\/haku?q=Simo\" rel=\"nofollow noopener\" target=\"_blank\">Simo<\/a>-puolisonsa kanssa kolme poikaa, joista nuorin on esikoulussa.\u00a0<\/p>\n<p>                <img decoding=\"async\" src=\"https:\/\/www.europesays.com\/fi\/wp-content\/uploads\/2025\/12\/2015375.webp\" width=\"576\" height=\"720\" alt=\"Nyt Suvin \u00e4\u00e4nt\u00e4 p\u00e4\u00e4see kuulemaan my\u00f6s uudella tavalla.\" loading=\"lazy\" \/>            <\/p>\n<p>\n            Nyt Suvin \u00e4\u00e4nt\u00e4 p\u00e4\u00e4see kuulemaan my\u00f6s uudella tavalla.<br \/>\n            ATTE KAJOVA\n        <\/p>\n<p>K\u00e4ytt\u00e4\u00e4 j\u00e4lleen \u00e4\u00e4nt\u00e4\u00e4n<\/p>\n<p class=\"article-content article-content-width !bg-background\">Jos ei t\u00e4ss\u00e4 heng\u00e4stytt\u00e4v\u00e4ss\u00e4 paletissa ollut tarpeeksi, niin on Suvi ehtinyt viel\u00e4 toisenkinlaisen sorvin \u00e4\u00e4reen. Laulajatar on nimitt\u00e4in heitt\u00e4ytynyt \u00e4\u00e4nikirjojen maailmaan.<\/p>\n<p class=\"article-content article-content-width !bg-background\">Tarkemmin ottaen Suvi toimii <a alt=\"Haku\" class=\"text-primary-red font-extrabold\" href=\"https:\/\/www.seiska.fi\/haku?q=Sanna Wikstr\u00f6min\" rel=\"nofollow noopener\" target=\"_blank\">Sanna Wikstr\u00f6min<\/a> kirjoittamien\u00a0Tuutusatujen\u00a0(Hidasta el\u00e4m\u00e4\u00e4) lukijana.<a href=\"https:\/\/www.instagram.com\/stories\/suviterasniskaofficial\/3783020406257754156\/?hl=fi\" target=\"_blank\" rel=\"nofollow noopener\"> Asia ilmenee artistin \u00e4skett\u00e4in julkaisemasta sometarinasta<\/a>. Julkaisu on n\u00e4ht\u00e4vill\u00e4 24 tuntia.\u00a0<\/p>\n<p class=\"article-content article-content-width !bg-background\">Iltalukemiseksi tarkoitetut tarinat sijoittuvat taianomaiseen Lappiin. Pohjoisen tytt\u00f6n\u00e4 Suvi on luonnollinen valinta niiden kertoja\u00e4\u00e4neksi. Laulajana h\u00e4n taitaa my\u00f6s unettavan <a href=\"https:\/\/www.storytel.com\/fi\/books\/y%C3%B6t%C3%B6n-y%C3%B6-ja-unikeijujen-tuu-tuu-12988502\" target=\"_blank\" rel=\"nofollow noopener\">hyr\u00e4ilyn, jota satujen yhteydess\u00e4 kuullaan<\/a>. Suvin h\u00f6nk\u00e4ilem\u00e4t \u00e4\u00e4nikirjat julkaistiin 3. joulukuuta.\u00a0<\/p>\n<p><script async src=\"\/\/www.instagram.com\/embed.js\"><\/script><\/p>\n","protected":false},"excerpt":{"rendered":"Laulaja Suvi Ter\u00e4sniska, 36, aloitti uransa jo 20 vuotta sitten. Reipas kolarilaiskaunotar otti itse yhteytt\u00e4 laulaja Olli Lindholmiin,&hellip;\n","protected":false},"author":2,"featured_media":111023,"comment_status":"","ping_status":"","sticky":false,"template":"","format":"standard","meta":{"footnotes":""},"categories":[130],"tags":[483,11147,137,33,31,30,18735,99,10839,16553,98,32,6921,20629,109,20630],"class_list":{"0":"post-111022","1":"post","2":"type-post","3":"status-publish","4":"format-standard","5":"has-post-thumbnail","7":"category-viihde","8":"tag-aanikirjat","9":"tag-aluevaltaus","10":"tag-entertainment","11":"tag-fi","12":"tag-finland","13":"tag-finnish","14":"tag-iltalauluja-ii","15":"tag-lapset","16":"tag-lukija","17":"tag-olli-lindholm","18":"tag-perhe","19":"tag-suomi","20":"tag-suvi-terasniska","21":"tag-tuutusatuja","22":"tag-viihde","23":"tag-yo-yhtye"},"share_on_mastodon":{"url":"https:\/\/pubeurope.com\/@fi\/115684816065487059","error":""},"_links":{"self":[{"href":"https:\/\/www.europesays.com\/fi\/wp-json\/wp\/v2\/posts\/111022","targetHints":{"allow":["GET"]}}],"collection":[{"href":"https:\/\/www.europesays.com\/fi\/wp-json\/wp\/v2\/posts"}],"about":[{"href":"https:\/\/www.europesays.com\/fi\/wp-json\/wp\/v2\/types\/post"}],"author":[{"embeddable":true,"href":"https:\/\/www.europesays.com\/fi\/wp-json\/wp\/v2\/users\/2"}],"replies":[{"embeddable":true,"href":"https:\/\/www.europesays.com\/fi\/wp-json\/wp\/v2\/comments?post=111022"}],"version-history":[{"count":0,"href":"https:\/\/www.europesays.com\/fi\/wp-json\/wp\/v2\/posts\/111022\/revisions"}],"wp:featuredmedia":[{"embeddable":true,"href":"https:\/\/www.europesays.com\/fi\/wp-json\/wp\/v2\/media\/111023"}],"wp:attachment":[{"href":"https:\/\/www.europesays.com\/fi\/wp-json\/wp\/v2\/media?parent=111022"}],"wp:term":[{"taxonomy":"category","embeddable":true,"href":"https:\/\/www.europesays.com\/fi\/wp-json\/wp\/v2\/categories?post=111022"},{"taxonomy":"post_tag","embeddable":true,"href":"https:\/\/www.europesays.com\/fi\/wp-json\/wp\/v2\/tags?post=111022"}],"curies":[{"name":"wp","href":"https:\/\/api.w.org\/{rel}","templated":true}]}}