{"id":111028,"date":"2025-12-08T16:13:11","date_gmt":"2025-12-08T16:13:11","guid":{"rendered":"https:\/\/www.europesays.com\/fi\/111028\/"},"modified":"2025-12-08T16:13:11","modified_gmt":"2025-12-08T16:13:11","slug":"meteorologin-mukaan-luvassa-on-jannitysnaytelma","status":"publish","type":"post","link":"https:\/\/www.europesays.com\/fi\/111028\/","title":{"rendered":"Meteorologin mukaan luvassa on j\u00e4nnitysn\u00e4ytelm\u00e4"},"content":{"rendered":"<p>Lauha s\u00e4\u00e4 vallitsee sek\u00e4 Suomessa ett\u00e4 my\u00f6s muualla Euroopassa joulukuun aikana, kertoo Euroopan keskipitkien ennusteiden keskus.<\/p>\n<p><img decoding=\"async\" class=\"image image-show image-preview\" src=\"https:\/\/www.europesays.com\/fi\/wp-content\/uploads\/2025\/12\/fa19a4fa9076441484d68b268fb796b7d2b2d903c000c6eb141c97089dce92df.jpg\" alt=\"\"\/><img decoding=\"async\" class=\"image image-show\" src=\"https:\/\/www.europesays.com\/fi\/wp-content\/uploads\/2025\/12\/1765210389_319_fa19a4fa9076441484d68b268fb796b7d2b2d903c000c6eb141c97089dce92df.jpg\" alt=\"\"\/><\/p>\n<p>Tuleeko Keski- ja Etel\u00e4-Suomeen musta joulu? Tuoreen kuukausiennusteen mukaan se on mahdollista. JOEL MAISALMI<\/p>\n<p class=\"paragraph\">Euroopan keskipitkien ennusteiden keskus ennakoi, ett\u00e4 joulukuun 8. ja 15. p\u00e4iv\u00e4 alkavilla viikoilla on odotettavissa Suomessa ja muualla Euroopassa lauhaa ja sateista s\u00e4\u00e4t\u00e4.<\/p>\n<p class=\"paragraph\">Paikkakunnasta riippuen sade on odotettavissa veten\u00e4, r\u00e4nt\u00e4n\u00e4 tai lumena. Matalapainetta on odotettavissa Pohjois-Atlantilla ja Euroopan l\u00e4nsi- ja pohjoisosissa, kertoo my\u00f6s <a href=\"https:\/\/www.foreca.fi\/meteorologilta\/dyxtn3w6\" rel=\"noopener nofollow\" target=\"_blank\">Foreca<\/a>.<\/p>\n<p class=\"paragraph\">Ennuste on tulevan kahden viikon aikana hyv\u00e4 tai kohtalainen. T\u00e4ll\u00e4 viikolla on odotettavissa, ett\u00e4 tavanomaista sateisempaa ja suuressa osassa lauhaa s\u00e4\u00e4t\u00e4. Keski- ja Pohjois-Lappi tekee poikkeuksen, sill\u00e4 siell\u00e4 viikon keskil\u00e4mp\u00f6tila on tavanomainen tai jopa kylmempi.<\/p>\n<p class=\"paragraph\">Lapissa pakkasta on enimm\u00e4kseen 0\u201310 astetta. Pohjois-Lapissa pilvipeitteen rakoillessa pakkasta voi olla 10\u201320 astetta.<\/p>\n<p class=\"paragraph\">Joulukuun puoliv\u00e4liss\u00e4 tavanomainen p\u00e4iv\u00e4n ylin l\u00e4mp\u00f6tila on pitk\u00e4n ajan tilastoissa maan etel\u00e4- ja l\u00e4nsiosassa \u22122 ja 4 asteen v\u00e4lill\u00e4, lounaissaaristossa v\u00e4h\u00e4n korkeampi.<\/p>\n<p class=\"paragraph\">Maan it\u00e4osasta Oulun seudulle on 0\u20134 pakkasastetta, ja Lapissa pakkasta on enimm\u00e4kseen 2\u20136 astetta. Vuorokauden alin l\u00e4mp\u00f6tila on pakkasen puolella lukuun ottamatta paikoin lounaissaaristoa.<\/p>\n<p class=\"paragraph\">Jouluviikolla, eli 22. p\u00e4iv\u00e4 alkavalla viikolla n\u00e4hd\u00e4\u00e4n pieni toivonpilkahdus valkoisesta joulusta. Viikon keskil\u00e4mp\u00f6tila saattaa olla tavallista korkeampi, mutta sadem\u00e4\u00e4r\u00e4 tavanomainen. Korkeapaineen todenn\u00e4k\u00f6isyys on hieman koholla.<\/p>\n<p class=\"paragraph\">Paljon on kiinni korkeapaineen sijainnista: jos korkeapaineen keskus on Suomen it\u00e4- tai kaakkoispuolella, Suomessa voi puhaltaa lauha etel\u00e4tuuli. Mutta jos korkeapaine siirtyy suoraan maan p\u00e4\u00e4lle, s\u00e4\u00e4 muuttuu kylmemm\u00e4ksi.<\/p>\n<p class=\"paragraph\">Joulun lumitilanne maan etel\u00e4- ja keskiosassa pysyy t\u00e4m\u00e4n kuukausiennusteen perusteella ep\u00e4varmana viel\u00e4 jouluviikolle asti.<\/p>\n<p><a href=\"https:\/\/www.iltalehti.fi\/parassaa?storeCampaign=ArticleBottomBanner\" rel=\"nofollow noopener\" target=\"_blank\"><img decoding=\"async\" src=\"https:\/\/www.europesays.com\/fi\/wp-content\/uploads\/2025\/08\/d0fd7860228df4fdd5fd0367e49d769aa09b08189080ddc5ccdd8c31ad63aca9.png\" alt=\"IL Paras S\u00e4\u00e4 - S\u00e4\u00e4tiedot ja s\u00e4\u00e4ennusteet\"\/><\/a><\/p>\n","protected":false},"excerpt":{"rendered":"Lauha s\u00e4\u00e4 vallitsee sek\u00e4 Suomessa ett\u00e4 my\u00f6s muualla Euroopassa joulukuun aikana, kertoo Euroopan keskipitkien ennusteiden keskus. Tuleeko Keski-&hellip;\n","protected":false},"author":2,"featured_media":111029,"comment_status":"","ping_status":"","sticky":false,"template":"","format":"standard","meta":{"footnotes":""},"categories":[12],"tags":[35,22,23,26,27,33,31,30,17,10304,713,24,25,28,29,715,15,18,21,710,714,32,19,20,16],"class_list":{"0":"post-111028","1":"post","2":"type-post","3":"status-publish","4":"format-standard","5":"has-post-thumbnail","7":"category-suomi","8":"tag-24h","9":"tag-breaking-news","10":"tag-breakingnews","11":"tag-featured-news","12":"tag-featurednews","13":"tag-fi","14":"tag-finland","15":"tag-finnish","16":"tag-headlines","17":"tag-kylma-rintama","18":"tag-lampotila-saa","19":"tag-latest-news","20":"tag-latestnews","21":"tag-main-news","22":"tag-mainnews","23":"tag-meteorologia","24":"tag-news","25":"tag-otsikot","26":"tag-paauutiset","27":"tag-saa","28":"tag-saaennustus","29":"tag-suomi","30":"tag-top-stories","31":"tag-topstories","32":"tag-uutiset"},"share_on_mastodon":{"url":"https:\/\/pubeurope.com\/@fi\/115684836134906508","error":""},"_links":{"self":[{"href":"https:\/\/www.europesays.com\/fi\/wp-json\/wp\/v2\/posts\/111028","targetHints":{"allow":["GET"]}}],"collection":[{"href":"https:\/\/www.europesays.com\/fi\/wp-json\/wp\/v2\/posts"}],"about":[{"href":"https:\/\/www.europesays.com\/fi\/wp-json\/wp\/v2\/types\/post"}],"author":[{"embeddable":true,"href":"https:\/\/www.europesays.com\/fi\/wp-json\/wp\/v2\/users\/2"}],"replies":[{"embeddable":true,"href":"https:\/\/www.europesays.com\/fi\/wp-json\/wp\/v2\/comments?post=111028"}],"version-history":[{"count":0,"href":"https:\/\/www.europesays.com\/fi\/wp-json\/wp\/v2\/posts\/111028\/revisions"}],"wp:featuredmedia":[{"embeddable":true,"href":"https:\/\/www.europesays.com\/fi\/wp-json\/wp\/v2\/media\/111029"}],"wp:attachment":[{"href":"https:\/\/www.europesays.com\/fi\/wp-json\/wp\/v2\/media?parent=111028"}],"wp:term":[{"taxonomy":"category","embeddable":true,"href":"https:\/\/www.europesays.com\/fi\/wp-json\/wp\/v2\/categories?post=111028"},{"taxonomy":"post_tag","embeddable":true,"href":"https:\/\/www.europesays.com\/fi\/wp-json\/wp\/v2\/tags?post=111028"}],"curies":[{"name":"wp","href":"https:\/\/api.w.org\/{rel}","templated":true}]}}