{"id":111030,"date":"2025-12-08T16:14:12","date_gmt":"2025-12-08T16:14:12","guid":{"rendered":"https:\/\/www.europesays.com\/fi\/111030\/"},"modified":"2025-12-08T16:14:12","modified_gmt":"2025-12-08T16:14:12","slug":"versowood-tilasi-toimitusjohtajan-nykyiselta-naisystavalta-10-teosta-yhtion-tiloihin","status":"publish","type":"post","link":"https:\/\/www.europesays.com\/fi\/111030\/","title":{"rendered":"Versowood tilasi toimitusjohtajan nykyiselt\u00e4 naisyst\u00e4v\u00e4lt\u00e4 10 teosta yhti\u00f6n tiloihin"},"content":{"rendered":"<p>Puunjalostusyhti\u00f6 Versowoodin toimitusjohtaja Ville Kopra ja somevaikuttaja Vilma Peltonen saapuivat lauantaina Linnan juhliin yhdess\u00e4. Aiemmin Peltonen maalasi Versowoodille kymmenen teosta.<\/p>\n<p><img decoding=\"async\" class=\"image image-show image-preview\" src=\"https:\/\/www.europesays.com\/fi\/wp-content\/uploads\/2025\/12\/edf780d81a1eed1d958793cc07d2c0238b137ae97fc8f73d3dd8da1c480bccf0.jpg\" alt=\"\"\/><img decoding=\"async\" class=\"image image-show\" src=\"https:\/\/www.europesays.com\/fi\/wp-content\/uploads\/2025\/12\/1765210451_430_edf780d81a1eed1d958793cc07d2c0238b137ae97fc8f73d3dd8da1c480bccf0.jpg\" alt=\"\"\/><\/p>\n<p>Peltonen edusti tilaisuudessa Mert Otsamon suunnittelemassa pronssinv\u00e4risess\u00e4 iltapuvussa.  Roosa Br\u00f6ijer<\/p>\n<p class=\"paragraph\">Puunjalostusyhti\u00f6 Versowoodin toimitusjohtaja <strong>Ville Kopra<\/strong> ja somevaikuttaja <strong>Vilma Peltosen<\/strong> saapuivat lauantaina Linnan juhliin yhdess\u00e4.<\/p>\n<p class=\"paragraph\">Kev\u00e4\u00e4ll\u00e4 Versowood tilasi Peltoselta taideteoksia Versowoodin uuden konttorin tiloihin Vierum\u00e4elle. Maalaukset valmistuivat syksyll\u00e4. Asia k\u00e4y ilmi Peltosen ja Versowoodin yhteisest\u00e4 Instagram-postauksesta, joka on julkaistu marraskuussa.<\/p>\n<p class=\"paragraph\">\u2013 Sain kev\u00e4\u00e4ll\u00e4 toimeksiannon toteuttaa 10 isoa teosta ja tulkita vapaasti eri neuvotteluhuoneiden nimien teemaa, jotka olivat: kuusi, m\u00e4nty, koivu, haapa, tammi, pihlaja, mustikka, puolukka, vadelma ja mansikka, Peltonen kertoo Instagram-julkaisussa.<\/p>\n<p class=\"paragraph\">Julkaisun mukaan Peltonen sai lis\u00e4tilauksena viel\u00e4 Karpalo-, Vaahtera- ja Hilla-maalaukset.<\/p>\n<p class=\"paragraph\">Asiasta kertoi aiemmin <a href=\"https:\/\/www.is.fi\/viihde\/art-2000011675842.html\" rel=\"noopener nofollow\" target=\"_blank\">Ilta-Sanomat<\/a>.<\/p>\n<p class=\"paragraph\">Iltalehti ei tavoittanut Kopraa tai Peltosta kommentoimaan suhdettaan ja Versowoodin taidemaalausten toimeksiantoa.<\/p>\n<p class=\"paragraph\">Tasavallan presidentin <a href=\"https:\/\/www.presidentti.fi\/usein-kysyttya-itsenaisyyspaivan-vastaanotosta\/\" target=\"_blank\" rel=\"noopener nofollow\">virallisilla nettisivuilla<\/a> sanotaan, ett\u00e4 Linnan juhlien kutsussa on p\u00e4\u00e4kutsutun ja t\u00e4m\u00e4n puolison nimi.<\/p>\n<p>Peltonen erosi kev\u00e4\u00e4ll\u00e4<\/p>\n<p class=\"paragraph\">Peltonen ilmoitti erostaan kes\u00e4kuussa Instagramissa, muttei maininnut eroilmoituksessaan ex-puolisonsa nime\u00e4.<\/p>\n<p class=\"paragraph\">Julkaisussa h\u00e4n kirjoitti, ett\u00e4 he erosivat \u201dpitk\u00e4n prosessin j\u00e4lkeen\u201d loppukev\u00e4\u00e4st\u00e4.<\/p>\n<p class=\"paragraph\">Ex-parilla on yksi yhteinen lapsi.<\/p>\n<p class=\"paragraph\">\u2013 Meid\u00e4n yhteinen lapsemme tulee jatkossakin aina olemaan t\u00e4rkeint\u00e4 ja etusijalla. En kommentoi asiaa enemp\u00e4\u00e4, h\u00e4n sanoi Instagram-julkaisussaan.<\/p>\n<p class=\"paragraph\">Peltonen tunnetaan muun muassa hyvinvointivaikuttajana. H\u00e4nell\u00e4 on Instagramissa yli 26 000 seuraajaa.<\/p>\n","protected":false},"excerpt":{"rendered":"Puunjalostusyhti\u00f6 Versowoodin toimitusjohtaja Ville Kopra ja somevaikuttaja Vilma Peltonen saapuivat lauantaina Linnan juhliin yhdess\u00e4. Aiemmin Peltonen maalasi Versowoodille&hellip;\n","protected":false},"author":2,"featured_media":111031,"comment_status":"","ping_status":"","sticky":false,"template":"","format":"standard","meta":{"footnotes":""},"categories":[5],"tags":[35,22,23,26,27,33,31,30,17,3674,24,25,28,29,15,18,21,142,151,887,32,3592,19,20,16],"class_list":{"0":"post-111030","1":"post","2":"type-post","3":"status-publish","4":"format-standard","5":"has-post-thumbnail","7":"category-otsikot","8":"tag-24h","9":"tag-breaking-news","10":"tag-breakingnews","11":"tag-featured-news","12":"tag-featurednews","13":"tag-fi","14":"tag-finland","15":"tag-finnish","16":"tag-headlines","17":"tag-juhla-ja-vapaapaivat","18":"tag-latest-news","19":"tag-latestnews","20":"tag-main-news","21":"tag-mainnews","22":"tag-news","23":"tag-otsikot","24":"tag-paauutiset","25":"tag-poliitikot","26":"tag-sosiaalinen-media-ja-verkostoituminen","27":"tag-suomen-politiikka","28":"tag-suomi","29":"tag-toimitusjohtaja-paajohtaja","30":"tag-top-stories","31":"tag-topstories","32":"tag-uutiset"},"share_on_mastodon":{"url":"https:\/\/pubeurope.com\/@fi\/115684839616404971","error":""},"_links":{"self":[{"href":"https:\/\/www.europesays.com\/fi\/wp-json\/wp\/v2\/posts\/111030","targetHints":{"allow":["GET"]}}],"collection":[{"href":"https:\/\/www.europesays.com\/fi\/wp-json\/wp\/v2\/posts"}],"about":[{"href":"https:\/\/www.europesays.com\/fi\/wp-json\/wp\/v2\/types\/post"}],"author":[{"embeddable":true,"href":"https:\/\/www.europesays.com\/fi\/wp-json\/wp\/v2\/users\/2"}],"replies":[{"embeddable":true,"href":"https:\/\/www.europesays.com\/fi\/wp-json\/wp\/v2\/comments?post=111030"}],"version-history":[{"count":0,"href":"https:\/\/www.europesays.com\/fi\/wp-json\/wp\/v2\/posts\/111030\/revisions"}],"wp:featuredmedia":[{"embeddable":true,"href":"https:\/\/www.europesays.com\/fi\/wp-json\/wp\/v2\/media\/111031"}],"wp:attachment":[{"href":"https:\/\/www.europesays.com\/fi\/wp-json\/wp\/v2\/media?parent=111030"}],"wp:term":[{"taxonomy":"category","embeddable":true,"href":"https:\/\/www.europesays.com\/fi\/wp-json\/wp\/v2\/categories?post=111030"},{"taxonomy":"post_tag","embeddable":true,"href":"https:\/\/www.europesays.com\/fi\/wp-json\/wp\/v2\/tags?post=111030"}],"curies":[{"name":"wp","href":"https:\/\/api.w.org\/{rel}","templated":true}]}}