{"id":111041,"date":"2025-12-08T16:38:10","date_gmt":"2025-12-08T16:38:10","guid":{"rendered":"https:\/\/www.europesays.com\/fi\/111041\/"},"modified":"2025-12-08T16:38:10","modified_gmt":"2025-12-08T16:38:10","slug":"trumpin-pojalta-saalimaton-purkaus-ukrainasta","status":"publish","type":"post","link":"https:\/\/www.europesays.com\/fi\/111041\/","title":{"rendered":"Trumpin pojalta s\u00e4\u00e4lim\u00e4t\u00f6n purkaus Ukrainasta"},"content":{"rendered":"<p>Donald Trump jr. haukkui presidentti Zelenskyin ja kehui is\u00e4\u00e4ns\u00e4.<\/p>\n<p><img decoding=\"async\" class=\"image image-show image-preview\" src=\"https:\/\/www.europesays.com\/fi\/wp-content\/uploads\/2025\/12\/ff33c6728bdfd4b04a1863fa2ec0f35629ddd6b5bfa363d639a2e47fc38c4c60.jpg\" alt=\"\"\/><img decoding=\"async\" class=\"image image-show\" src=\"https:\/\/www.europesays.com\/fi\/wp-content\/uploads\/2025\/12\/1765211890_148_ff33c6728bdfd4b04a1863fa2ec0f35629ddd6b5bfa363d639a2e47fc38c4c60.jpg\" alt=\"\"\/><\/p>\n<p>Donald Trump jr. ei s\u00e4\u00e4stellyt sanojaan Ukrainasta. Arkistokuva syyskuulta. AP<\/p>\n<p class=\"paragraph\">Ukraina on m\u00e4t\u00e4 ja Yhdysvallat saattaa j\u00e4tt\u00e4\u00e4 sen oman onnensa nojaan, jyrisee Yhdysvaltain presidentin vanhin poika <a href=\"https:\/\/www.iltalehti.fi\/henkilot\/Donald Trump, Jr.\" class=\"article-link-person-page\" rel=\"nofollow noopener\" target=\"_blank\">Donald Trump jr.<\/a><\/p>\n<p class=\"paragraph\">Trump jr. puhui sunnuntaina Doha Forum -keskustelutilaisuudessa Qatarissa. H\u00e4nen puheenvuorostaan uutisoivat muun muassa brittilehti <a href=\"https:\/\/www.theguardian.com\/us-news\/2025\/dec\/07\/us-may-end-support-for-ukraine-war-effort-says-donald-trump-jr\" target=\"_blank\" rel=\"noopener nofollow\">The Guardian<\/a> ja amerikkalainen <a href=\"https:\/\/www.politico.com\/news\/2025\/12\/07\/donald-trump-jr-ukraine-qatar-00679809\" target=\"_blank\" rel=\"noopener nofollow\">Politico<\/a>.<\/p>\n<p class=\"paragraph\">Medioiden mukaan presidentin poika ei s\u00e4\u00e4stellyt sanojaan pauhatessaan Ukrainan korruptiosta ja presidentti <a href=\"https:\/\/www.iltalehti.fi\/henkilot\/Volodymyr Zelenskyi\" class=\"article-link-person-page\" rel=\"nofollow noopener\" target=\"_blank\">Volodymyr Zelenskyist\u00e4<\/a>. Trump jr:n mukaan Ukrainan \u201dkorruptoituneet rikkaat\u201d ovat paenneet maasta ja j\u00e4tt\u00e4neet \u201dalaluokkana pit\u00e4m\u00e4ns\u00e4\u201d kansanosan taistelemaan sodassa.<\/p>\n<p class=\"paragraph\">Zelenskyi puolestaan pitkitt\u00e4\u00e4 sotaa, koska tiet\u00e4\u00e4, ettei voittaisi vaaleja sodan p\u00e4\u00e4tytty\u00e4, Trump paasasi.<\/p>\n<p class=\"paragraph\">Ukrainan sis\u00e4inen korruptiotutkinta on edennyt n\u00e4kyv\u00e4sti viime viikkojen aikana. Presidentti Zelenskyi\u00e4 itse\u00e4\u00e4n ei ole syytetty korruptiosta, mutta tutkinta on laajentunut <a href=\"https:\/\/www.iltalehti.fi\/ulkomaat\/2f8871ca-abff-457a-813c-8113357dcbc7\" rel=\"nofollow noopener\" target=\"_blank\">aivan h\u00e4nen l\u00e4himp\u00e4\u00e4n piiriins\u00e4<\/a>.<\/p>\n<p class=\"paragraph\">Trump jr. v\u00e4itti Dohassa Ukrainan olevan jopa paljon korruptoituneempi kuin Ven\u00e4j\u00e4. Todellisuudessa korruptiota tarkkaileva <a href=\"https:\/\/cpi.ti-ukraine.org\/en\/\" target=\"_blank\" rel=\"noopener nofollow\">Transparency International<\/a> arvioi, ett\u00e4 korruptio on Ven\u00e4j\u00e4ll\u00e4 selv\u00e4sti suurempi ongelma kuin Ukrainassa.<\/p>\n<p>Ei kiinnosta<\/p>\n<p class=\"paragraph\">Oman osansa Trumpin tylytyksest\u00e4 sai my\u00f6s muu Eurooppa. Presidentin pojan mukaan Euroopalla ei ole Ukrainan sodan p\u00e4\u00e4tt\u00e4miseksi muuta suunnitelmaa kuin \u201dodottaa Ven\u00e4j\u00e4n menev\u00e4n konkurssiin\u201d.<\/p>\n<p class=\"paragraph\">\u2013 Se ei ole mik\u00e4\u00e4n suunnitelma, Trump jr. tokaisi.<\/p>\n<p class=\"paragraph\">Ukrainan ja Yhdysvaltojen edustajat olivat viikonloppuna koolla Floridassa keskustelemassa tekeill\u00e4 olevista rauhansuunnitelmista. Ukrainan Zelenskyin odotetaan tutustuvan suunnitelmiin maanantaina.<\/p>\n<p class=\"paragraph\">Trump jr:n mukaan Yhdysvallat \u201dhaluaa tappamisen loppuvan\u201d, mutta Ukrainan tilanne ei kiinnosta tavallisia amerikkalaisia. Kun h\u00e4nelt\u00e4 kysyttiin, voisiko h\u00e4nen is\u00e4ns\u00e4 hallinto lopettaa Ukrainan tukemisen, Trump jr. vastasi sen olevan mahdollista.<\/p>\n<p class=\"paragraph\">\u2013 Is\u00e4ss\u00e4ni on hyv\u00e4\u00e4 ja ainutlaatuista se, ettei kukaan tied\u00e4, mit\u00e4 h\u00e4n tulee tekem\u00e4\u00e4n, Trump jr. sanoi.<\/p>\n<p class=\"paragraph\">\u2013 Yhdysvallat ei ole en\u00e4\u00e4 idiootti \u0161ekkivihkon kanssa.<\/p>\n<p class=\"paragraph\">Trump nuoremmalla ei ole virallista roolia is\u00e4ns\u00e4 hallinnossa, mutta h\u00e4net tunnetaan yhten\u00e4 trumpilaisen Maga-liikkeen n\u00e4kyvist\u00e4 hahmoista. Politico huomauttaa, ett\u00e4 miehen kommentit korruptiosta voivat her\u00e4tt\u00e4\u00e4 raivoa esimerkiksi demokraateissa, jotka katsovat Trumpin perheen hy\u00f6tyneen itse rahallisesti presidentin politiikasta.<\/p>\n","protected":false},"excerpt":{"rendered":"Donald Trump jr. haukkui presidentti Zelenskyin ja kehui is\u00e4\u00e4ns\u00e4. Donald Trump jr. ei s\u00e4\u00e4stellyt sanojaan Ukrainasta. Arkistokuva syyskuulta.&hellip;\n","protected":false},"author":2,"featured_media":111042,"comment_status":"","ping_status":"","sticky":false,"template":"","format":"standard","meta":{"footnotes":""},"categories":[14],"tags":[35,22,23,26,27,33,31,30,17,24,25,28,29,15,18,21,142,637,144,32,19,20,56,16,638,59,60,61,143],"class_list":{"0":"post-111041","1":"post","2":"type-post","3":"status-publish","4":"format-standard","5":"has-post-thumbnail","7":"category-ulkomaat","8":"tag-24h","9":"tag-breaking-news","10":"tag-breakingnews","11":"tag-featured-news","12":"tag-featurednews","13":"tag-fi","14":"tag-finland","15":"tag-finnish","16":"tag-headlines","17":"tag-latest-news","18":"tag-latestnews","19":"tag-main-news","20":"tag-mainnews","21":"tag-news","22":"tag-otsikot","23":"tag-paauutiset","24":"tag-poliitikot","25":"tag-politiikka","26":"tag-presidentti","27":"tag-suomi","28":"tag-top-stories","29":"tag-topstories","30":"tag-ulkomaat","31":"tag-uutiset","32":"tag-valtiovalta","33":"tag-world","34":"tag-world-news","35":"tag-worldnews","36":"tag-yhdysvaltain-politiikka"},"share_on_mastodon":{"url":"https:\/\/pubeurope.com\/@fi\/115684934078819297","error":""},"_links":{"self":[{"href":"https:\/\/www.europesays.com\/fi\/wp-json\/wp\/v2\/posts\/111041","targetHints":{"allow":["GET"]}}],"collection":[{"href":"https:\/\/www.europesays.com\/fi\/wp-json\/wp\/v2\/posts"}],"about":[{"href":"https:\/\/www.europesays.com\/fi\/wp-json\/wp\/v2\/types\/post"}],"author":[{"embeddable":true,"href":"https:\/\/www.europesays.com\/fi\/wp-json\/wp\/v2\/users\/2"}],"replies":[{"embeddable":true,"href":"https:\/\/www.europesays.com\/fi\/wp-json\/wp\/v2\/comments?post=111041"}],"version-history":[{"count":0,"href":"https:\/\/www.europesays.com\/fi\/wp-json\/wp\/v2\/posts\/111041\/revisions"}],"wp:featuredmedia":[{"embeddable":true,"href":"https:\/\/www.europesays.com\/fi\/wp-json\/wp\/v2\/media\/111042"}],"wp:attachment":[{"href":"https:\/\/www.europesays.com\/fi\/wp-json\/wp\/v2\/media?parent=111041"}],"wp:term":[{"taxonomy":"category","embeddable":true,"href":"https:\/\/www.europesays.com\/fi\/wp-json\/wp\/v2\/categories?post=111041"},{"taxonomy":"post_tag","embeddable":true,"href":"https:\/\/www.europesays.com\/fi\/wp-json\/wp\/v2\/tags?post=111041"}],"curies":[{"name":"wp","href":"https:\/\/api.w.org\/{rel}","templated":true}]}}