{"id":111044,"date":"2025-12-08T16:40:10","date_gmt":"2025-12-08T16:40:10","guid":{"rendered":"https:\/\/www.europesays.com\/fi\/111044\/"},"modified":"2025-12-08T16:40:10","modified_gmt":"2025-12-08T16:40:10","slug":"analyysi-kelan-hallitus-siirtaa-tapaus-lehtosen-seuraajalleen-politiikka","status":"publish","type":"post","link":"https:\/\/www.europesays.com\/fi\/111044\/","title":{"rendered":"Analyysi: Kelan hallitus siirt\u00e4\u00e4 tapaus Lehtosen seuraajalleen | Politiikka"},"content":{"rendered":"<p class=\"aw-1gybjub aw-5vja16 kEtdKx kmuxyA yle__article__paragraph\">Kelan hallitus joutuu miettim\u00e4\u00e4n sit\u00e4, miten se k\u00e4sittelee p\u00e4\u00e4johtajan mahdollista irtisanomista t\u00e4m\u00e4n ollessa sairauslomalla, kirjoittaa politiikan toimittaja Hannu Tikkala.<\/p>\n<p><img decoding=\"async\" alt=\"Kelan uusi p\u00e4\u00e4johtaja Lasse Lehtonen Kelan p\u00e4\u00e4konttorissa Helsingiss\u00e4 10.7.2025.\" src=\"https:\/\/www.europesays.com\/fi\/wp-content\/uploads\/2025\/12\/39-1492005686f902cf0d9d.jpeg\" class=\"aw-1l9m598 hKVVvP\"\/><\/p>\n<p>Avaa kuvien katselu<\/p>\n<p>Kelan p\u00e4\u00e4johtaja Lasse Lehtonen sairauslomaa jatkuu aina vuodenvaihteeseen asti. Kuva: Jorma Vihtonen \/ Yle<img decoding=\"async\" alt=\"Kuvassa on Ylen toimittaja.\" src=\"https:\/\/www.europesays.com\/fi\/wp-content\/uploads\/2025\/12\/39-6901325ee88be122004.jpeg\" class=\"aw-1l9m598 hKVVvP\"\/><\/p>\n<p class=\"aw-1gybjub aw-1p7kakr kEtdKx cEmitX yle__article__paragraph\">Kelan hallitus joutui viime perjantaina hankalaan paikkaan, kun uutiset p\u00e4\u00e4johtaja <strong class=\"aw-ak79eh KyCXm yle__article__strong\">Lasse Lehtosen<\/strong> sairastumisesta tulivat julkisuuteen.<\/p>\n<p class=\"aw-1gybjub aw-1p7kakr kEtdKx cEmitX yle__article__paragraph\">Hallitus oli aiemmin laittanut liikkeelle selvityksen laitoksen johtamisesta, kun erilaisia tietoja Lehtosen toiminnasta oli tullut julkisuuteen. Lehtosen kerrotaan muun muassa tulleen my\u00f6h\u00e4ss\u00e4 useisiin kokouksiin, kadonneen Tallinnan ty\u00f6matkalla ja matkustaneen Brysseliin sairauslomalla.<\/p>\n<p class=\"aw-1gybjub aw-1p7kakr kEtdKx cEmitX yle__article__paragraph\">Psykologi <strong class=\"aw-ak79eh KyCXm yle__article__strong\">Ilona Rauhalan<\/strong> selvitys voi pahimmillaan johtaa p\u00e4\u00e4johtajan irtisanomiseen, sill\u00e4 sen taustamotiivina olivat julkisuudessa liikkuneet erilaiset v\u00e4itteet. Ylen tietojen mukaan selvitys valmistuu ensi viikon alussa Kelan hallituksen kokoukseen.<\/p>\n<p class=\"aw-1gybjub aw-1p7kakr kEtdKx cEmitX yle__article__paragraph\">Mik\u00e4li selvitys toteaa, ett\u00e4 Kelan johtamisessa on ollut suuria ongelmia, hallitus todenn\u00e4k\u00f6isesti ei voi kuin todeta luottamuksen p\u00e4\u00e4johtajaan loppuneen. T\u00e4llaisessa tilanteessa hallitus voi tehd\u00e4 esityksen valtuustolle p\u00e4\u00e4johtajan irtisanomisesta.<\/p>\n<p class=\"aw-1gybjub aw-1p7kakr kEtdKx cEmitX yle__article__paragraph\">Kelan hallitus on kuitenkin p\u00e4\u00e4tt\u00e4nyt, ettei se tee henkil\u00f6n ty\u00f6suhteeseen kohdistuvia p\u00e4\u00e4t\u00f6ksi\u00e4 t\u00e4m\u00e4n ollessa sairauslomalla. Tilanne voi johtaa siihen, ett\u00e4 hallituksella on perustellut syyt tehd\u00e4 esitys irtisanomisesta, mutta sairausloman takia t\u00e4h\u00e4n ei p\u00e4\u00e4dyt\u00e4.<\/p>\n<p class=\"aw-1gybjub aw-1p7kakr kEtdKx cEmitX yle__article__paragraph\">Rokkana sopassa on my\u00f6s se, ett\u00e4 hallituksen toimikausi loppuu vuodenvaihteessa. Kelan uusi hallitus saanee asian p\u00f6yd\u00e4lleen heti uudenvuoden j\u00e4lkeen, koska Lehtosen sairauslomaa on jatkettu vuodenvaihteeseen asti.<\/p>\n<p>Lehtosen jatko riippuu hallituspuolueista<\/p>\n<p class=\"aw-1gybjub aw-1p7kakr kEtdKx cEmitX yle__article__paragraph\">Lehtonen nousi Kelan p\u00e4\u00e4johtajaksi perussuomalaisten ehdokkaana, jota kokoomuksen valtuutetut tukivat. Alun alkaen Kelan hallitus esitti virkaan virkamiestaustaista <strong class=\"aw-ak79eh KyCXm yle__article__strong\">Heli Backmania<\/strong>, jotta p\u00e4\u00e4johtajavalinnassa olisi mukana my\u00f6s puoluepolitiikan ulkopuolelta tulleita ehdokkaita.<\/p>\n<p class=\"aw-1gybjub aw-1p7kakr kEtdKx cEmitX yle__article__paragraph\">Lopulta Kelan hallituksen ja valtuuston j\u00e4senist\u00e4 koostuva valintaryhm\u00e4 p\u00e4\u00e4tyi esitt\u00e4m\u00e4\u00e4n toiselle haastattelukierrokselle <strong class=\"aw-ak79eh KyCXm yle__article__strong\">Elina Pylkk\u00e4st\u00e4<\/strong>, <strong class=\"aw-ak79eh KyCXm yle__article__strong\">Arto Satosta<\/strong>, <strong class=\"aw-ak79eh KyCXm yle__article__strong\">Annika Saarikkoa<\/strong> ja <strong class=\"aw-ak79eh KyCXm yle__article__strong\">Lasse Lehtosta<\/strong>.<\/p>\n<p class=\"aw-1gybjub aw-1p7kakr kEtdKx cEmitX yle__article__paragraph\">N\u00e4in kaikilla suurilla puolueilla oli oma suosikkinsa kisassa. Demarit kannattivat Pylkk\u00e4st\u00e4, kokoomuslaiset Satosta, keskustalaiset Saarikkoa ja perussuomalaiset Lehtosta.<\/p>\n<p class=\"aw-1gybjub aw-1p7kakr kEtdKx cEmitX yle__article__paragraph\">Monien k\u00e4\u00e4nteiden j\u00e4lkeen perussuomalaiset ja kokoomuslaiset p\u00e4\u00e4ttiv\u00e4t ajaa virkaan Lehtosta ja enemmist\u00f6n turvin onnistuivat aikeissaan.<\/p>\n<p class=\"aw-1gybjub aw-1p7kakr kEtdKx cEmitX yle__article__paragraph\">Nyt noin kahdeksan kuukautta valinnan j\u00e4lkeen perussuomalaisten ja kokoomuksen hallituksen ja valtuuston j\u00e4senet ovat j\u00e4lleen valinnan edess\u00e4. Mahdollisesta irtisanomisesta p\u00e4\u00e4tt\u00e4\u00e4 Kelan valtuusto hallituksen esityksest\u00e4, ja hallituspuolueilla on enemmist\u00f6 Kelan valtuustossa.<\/p>\n<p class=\"aw-1gybjub aw-1p7kakr kEtdKx cEmitX yle__article__paragraph\">Iltalehden tietojen perusteella kokoomuksessa ollaan aiempaa kriittisempi\u00e4 Lehtosen toimintaa kohtaan. Ylen tietojen mukaan kokoomuksessa ei kuitenkaan ole varsinaisesti k\u00e4yty keskusteluja puolueen linjasta asiassa, vaan tilannetta seurataan rauhassa.<\/p>\n<p class=\"aw-1gybjub aw-1p7kakr kEtdKx cEmitX yle__article__paragraph\">Kokoomuksessa ollaan pahoillaan Kelan hallituksen puheenjohtajan <strong class=\"aw-ak79eh KyCXm yle__article__strong\">Vertti Kiukaan<\/strong> tiedottamisesta ja siit\u00e4, ett\u00e4 h\u00e4nen sanomisistaan on tullut uutisia Kelan ja Lehtosen tilanteesta.<\/p>\n<p class=\"aw-1gybjub aw-1p7kakr kEtdKx cEmitX yle__article__paragraph\">Tilanne kuitenkin antaa suuren painoarvon selvitykselle ja sen johtop\u00e4\u00e4t\u00f6ksille Kelan johtamisesta.<\/p>\n<p>Erottamisen kynnys on korkea<\/p>\n<p class=\"aw-1gybjub aw-1p7kakr kEtdKx cEmitX yle__article__paragraph\">P\u00e4\u00e4johtajalla on virkasuhde Kelaan, mik\u00e4 tarkoittaa mahdollisen irtisanomisen olevan korkean kynnyksen takana. T\u00e4m\u00e4n takia selvityksest\u00e4 pit\u00e4\u00e4 l\u00f6yty\u00e4 hyvin perusteltuja syit\u00e4 irtisanomiseen, mik\u00e4li t\u00e4h\u00e4n lopulta p\u00e4\u00e4dyt\u00e4\u00e4n. Esimerkiksi sairaus tai vamma eiv\u00e4t k\u00e4y syyksi erottamiselle.<\/p>\n<p class=\"aw-1gybjub aw-1p7kakr kEtdKx cEmitX yle__article__paragraph\">Kelan toimintaa ei voikaan t\u00e4ss\u00e4 mieless\u00e4 verrata esimerkiksi p\u00f6rssiyhti\u00f6\u00f6n, jossa hallitus voi luottamuksen loppuessa irtisanoa toimitusjohtajan halunsa mukaan.<\/p>\n<p class=\"aw-1gybjub aw-1p7kakr kEtdKx cEmitX yle__article__paragraph\">Yksi merkitt\u00e4v\u00e4 tekij\u00e4 kokonaisuudessa on se, ett\u00e4 Kelan valtuusto koostuu poliitikoista. P\u00e4\u00e4johtajan valinnassa puoluepoliittiset intohimot l\u00f6iv\u00e4t yli \u00e4yr\u00e4iden puolin ja toisin.<\/p>\n<p class=\"aw-1gybjub aw-1p7kakr kEtdKx cEmitX yle__article__paragraph\">T\u00e4ll\u00e4 kertaa olisi toivottavaa, ett\u00e4 ratkaisu teht\u00e4isiin Kelan etu edell\u00e4.<\/p>\n","protected":false},"excerpt":{"rendered":"Kelan hallitus joutuu miettim\u00e4\u00e4n sit\u00e4, miten se k\u00e4sittelee p\u00e4\u00e4johtajan mahdollista irtisanomista t\u00e4m\u00e4n ollessa sairauslomalla, kirjoittaa politiikan toimittaja Hannu&hellip;\n","protected":false},"author":2,"featured_media":108616,"comment_status":"","ping_status":"","sticky":false,"template":"","format":"standard","meta":{"footnotes":""},"categories":[5],"tags":[22,23,26,27,33,31,30,17,3906,4334,24,25,28,29,15,18,21,49,637,885,887,32,78,19,20,860,16],"class_list":{"0":"post-111044","1":"post","2":"type-post","3":"status-publish","4":"format-standard","5":"has-post-thumbnail","7":"category-otsikot","8":"tag-breaking-news","9":"tag-breakingnews","10":"tag-featured-news","11":"tag-featurednews","12":"tag-fi","13":"tag-finland","14":"tag-finnish","15":"tag-headlines","16":"tag-johtajat","17":"tag-kansanelakelaitos","18":"tag-latest-news","19":"tag-latestnews","20":"tag-main-news","21":"tag-mainnews","22":"tag-news","23":"tag-otsikot","24":"tag-paauutiset","25":"tag-perussuomalaiset","26":"tag-politiikka","27":"tag-suomen-poliittiset-puolueet","28":"tag-suomen-politiikka","29":"tag-suomi","30":"tag-talous","31":"tag-top-stories","32":"tag-topstories","33":"tag-tyoelama","34":"tag-uutiset"},"share_on_mastodon":{"url":"https:\/\/pubeurope.com\/@fi\/115684941871471338","error":""},"_links":{"self":[{"href":"https:\/\/www.europesays.com\/fi\/wp-json\/wp\/v2\/posts\/111044","targetHints":{"allow":["GET"]}}],"collection":[{"href":"https:\/\/www.europesays.com\/fi\/wp-json\/wp\/v2\/posts"}],"about":[{"href":"https:\/\/www.europesays.com\/fi\/wp-json\/wp\/v2\/types\/post"}],"author":[{"embeddable":true,"href":"https:\/\/www.europesays.com\/fi\/wp-json\/wp\/v2\/users\/2"}],"replies":[{"embeddable":true,"href":"https:\/\/www.europesays.com\/fi\/wp-json\/wp\/v2\/comments?post=111044"}],"version-history":[{"count":0,"href":"https:\/\/www.europesays.com\/fi\/wp-json\/wp\/v2\/posts\/111044\/revisions"}],"wp:featuredmedia":[{"embeddable":true,"href":"https:\/\/www.europesays.com\/fi\/wp-json\/wp\/v2\/media\/108616"}],"wp:attachment":[{"href":"https:\/\/www.europesays.com\/fi\/wp-json\/wp\/v2\/media?parent=111044"}],"wp:term":[{"taxonomy":"category","embeddable":true,"href":"https:\/\/www.europesays.com\/fi\/wp-json\/wp\/v2\/categories?post=111044"},{"taxonomy":"post_tag","embeddable":true,"href":"https:\/\/www.europesays.com\/fi\/wp-json\/wp\/v2\/tags?post=111044"}],"curies":[{"name":"wp","href":"https:\/\/api.w.org\/{rel}","templated":true}]}}