{"id":111045,"date":"2025-12-08T16:45:09","date_gmt":"2025-12-08T16:45:09","guid":{"rendered":"https:\/\/www.europesays.com\/fi\/111045\/"},"modified":"2025-12-08T16:45:09","modified_gmt":"2025-12-08T16:45:09","slug":"hallitus-vaatii-muutoksia-eun-ennallistamisasetukseen-kustannusarvio-suomelle-jopa-700-miljoonaa-euroa-vuodessa","status":"publish","type":"post","link":"https:\/\/www.europesays.com\/fi\/111045\/","title":{"rendered":"Hallitus vaatii muutoksia EU:n ennallistamisasetukseen \u2013 kustannusarvio Suomelle jopa 700 miljoonaa euroa vuodessa"},"content":{"rendered":"<p>Ymp\u00e4rist\u00f6|Suomen hallitus toivoo, ett\u00e4 komissio k\u00e4ynnist\u00e4\u00e4 keskiviikkona uudet neuvottelut ennallistamisasetuksen sis\u00e4ll\u00f6st\u00e4.<\/p>\n<p class=\"article-body mb-nof-24 px-nof-16\">Bryssel<\/p>\n<p>Lue tiivistelm\u00e4<\/p>\n<p>Tiivistelm\u00e4 on teko\u00e4lyn tekem\u00e4 ja ihmisen tarkistama.<\/p>\n<p class=\"article-body mb-nof-24 px-nof-16 sndp-summary-bullet-point-font\">P\u00e4\u00e4ministeri Petteri Orpon hallitus haluaa avata uudet neuvottelut EU:n ennallistamisasetuksesta, koska se on Suomelle liian kallis ja voi haitata maa- ja mets\u00e4taloutta.<\/p>\n<p class=\"article-body mb-nof-24 px-nof-16 sndp-summary-bullet-point-font\">Ennallistamisasetus vaatii, ett\u00e4 20 prosentilla EU:n maa- ja merialueista tehd\u00e4\u00e4n toimia luonnon tilan kohentamiseksi.<\/p>\n<p class=\"article-body mb-nof-24 px-nof-16 sndp-summary-bullet-point-font\">Ymp\u00e4rist\u00f6ministeri\u00f6n arvion mukaan asetus voi aiheuttaa Suomelle 700 miljoonan euron vuotuiset kulut.<\/p>\n<p class=\"article-body mb-nof-24 px-nof-16 sndp-summary-bullet-point-font\">Orpo on valmistellut asiasta kirjeen muille EU-maille ja vaatii suurempia EU-tukia ennallistamistoimiin.<\/p>\n<p class=\"article-body mb-nof-24 px-nof-16\">P\u00e4\u00e4ministeri <a class=\"article-personlink\" href=\"https:\/\/www.hs.fi\/haku\/?query=Petteri%20Orpon\" rel=\"nofollow noopener\" target=\"_blank\">Petteri Orpon<\/a> (kok) hallitus haluaa avata uudet neuvottelut kiistellyn ennallistamisasetuksen sis\u00e4ll\u00f6st\u00e4. Hallitus katsoo, ett\u00e4 asetus on Suomelle liian kallis ja ett\u00e4 se voi aiheuttaa ennakoimatonta haittaa maa- ja mets\u00e4taloudelle.<\/p>\n<p class=\"article-body mb-nof-24 px-nof-16\">Euroopan komissio k\u00e4y parhaillaan viime hetken neuvotteluja lakiesityksest\u00e4, jonka on tarkoitus kevent\u00e4\u00e4 viime vuosina sovittua uutta ymp\u00e4rist\u00f6s\u00e4\u00e4ntely\u00e4. Hallitus haluaa, ett\u00e4 my\u00f6s ennallistamisasetus otetaan osaksi t\u00e4t\u00e4 niin kutsuttua omnibus-aloitetta.<\/p>\n<p class=\"article-body mb-nof-24 px-nof-16\">&#8221;Omnibus&#8221; on EU:n lains\u00e4\u00e4d\u00e4nn\u00f6ss\u00e4 k\u00e4ytetty termi. Se tarkoittaa laajaa lakipakettia, jossa muutetaan useita eri lakeja kerralla yhdell\u00e4 ehdotuksella. Nimi tulee latinan sanasta omnibus, joka tarkoittaa kaikille.<\/p>\n<p class=\"article-body mb-nof-24 px-nof-16\"><a class=\"article-genericlink\" href=\"https:\/\/www.hs.fi\/politiikka\/art-2000010504609.html\" rel=\"nofollow noopener\" target=\"_blank\">EU-maat hyv\u00e4ksyiv\u00e4t asetuksen kes\u00e4ll\u00e4 2024<\/a>. Hallitus vastusti asetusta jo tuolloin sen arvioitujen kustannusten vuoksi. Komission valmistelema ymp\u00e4rist\u00f6-omnibus tarjoaa nyt hallitukselle mahdollisuuden hakea uudelleen muutoksia lain sis\u00e4lt\u00f6\u00f6n.<\/p>\n<p class=\"article-body mb-nof-24 px-nof-16\">Ennallistamisasetus pyrkii pys\u00e4ytt\u00e4m\u00e4\u00e4n luontokadon etenemist\u00e4 Euroopassa. Se m\u00e4\u00e4r\u00e4\u00e4, ett\u00e4 20 prosentilla EU:n maa- ja merialueista t\u00e4ytyy tehd\u00e4 ennallistamistoimia eli kohentaa luonnon tilaa l\u00e4hemm\u00e4s alkuper\u00e4ist\u00e4.<\/p>\n<p class=\"article-body mb-nof-24 px-nof-16\">Hallitus ajaa ennallistamisasetuksen avaamista korkeimmalla poliittisella tasolla. P\u00e4\u00e4ministeri Orpo on valmistellut asiasta kirjeen, jota on kierr\u00e4tetty muilla EU-mailla ja jolla on haettu tukea ennallistamisasetuksen avaamiseksi.<\/p>\n<p class=\"article-body mb-nof-24 px-nof-16\">Kirjeen mukaan arviot ennallistamisasetuksen toimeenpanosta ovat \u201dhyvin korkeita\u201d ja aiheuttavat huolta.<\/p>\n<p class=\"article-body mb-nof-24 px-nof-16\">\u201dOlemme t\u00e4ysin sitoutuneita saavuttamaan EU:n ennallistamisasetuksen tavoitteet, ja kansallisen ennallistamissuunnitelman valmistelu on k\u00e4ynniss\u00e4. Asetuksen toimeenpanolla voi kuitenkin olla potentiaalisesti suuria tahattomia seurauksia eri aloille kuten mets\u00e4- ja maataloudelle\u201d, HS:n n\u00e4kem\u00e4ss\u00e4 kirjeess\u00e4 todetaan.<\/p>\n<p class=\"article-body mb-nof-24 px-nof-16\">\u201dKatsomme, ett\u00e4 hallinnollisten kulujen v\u00e4hent\u00e4misen lis\u00e4ksi tuleva ymp\u00e4rist\u00f6-omnibus tarjoaa ty\u00f6kalun suorien ja ep\u00e4suorien kustannusten v\u00e4hent\u00e4miseksi\u201d, kirjeess\u00e4 todetaan.<\/p>\n<p class=\"article-body mb-nof-24 px-nof-16\">Ensimm\u00e4isen\u00e4 kirjeest\u00e4 kertoi STT.<\/p>\n<p class=\"article-body mb-nof-24 px-nof-16\">Kirjeess\u00e4 muun muassa kehotetaan komissiota tarkastelemaan uudelleen asetukseen liittyv\u00e4\u00e4 elinymp\u00e4rist\u00f6jen heikent\u00e4miskieltoa ja ehdotetaan tiettyjen seurantavelvoitteiden poistamista.<\/p>\n<p class=\"article-body mb-nof-24 px-nof-16\">Ymp\u00e4rist\u00f6ministeri\u00f6n viimeisimm\u00e4n arvion mukaan ennallistamisasetuksesta voi koitua Suomelle 700 miljoonan euron vuotuiset kulut, mutta arvioon liittyy merkitt\u00e4vi\u00e4 ep\u00e4varmuuksia.<\/p>\n<p class=\"article-body mb-nof-24 px-nof-16\">Valtiolla on jo erilaisia ennallistamis- ja suojeluohjelmia, jotka palvelevat ennallistamisasetuksen tavoitteita. <a class=\"article-genericlink\" href=\"https:\/\/www.hs.fi\/politiikka\/art-2000010513782.html\" rel=\"nofollow noopener\" target=\"_blank\">Virkamiesarvion mukaan<\/a> asetuksesta voisi koitua valtiolle 300 miljoonan euroa uusia kustannuksia.<\/p>\n<p class=\"article-body mb-nof-24 px-nof-16\">Hallitus saa p\u00e4\u00e4tt\u00e4\u00e4, mill\u00e4 keinoilla se pyrkii ennallistamisasetuksen m\u00e4\u00e4r\u00e4\u00e4miin tavoitteisiin.<\/p>\n<p class=\"article-body mb-nof-24 px-nof-16\">Suurin osa ennallistamisasetuksen vaatimista toimista liittyy Suomessa tavalla tai toisella soiden ja vesist\u00f6jen tilan parantamiseen. Ennallistettavia luontotyyppej\u00e4 ovat muun muassa karut ja kirkasvetiset j\u00e4rvet, pikkujoet ja purot, boreaaliset luonnonmets\u00e4t, harjumets\u00e4t, lehdot, vedenalaiset hiekkas\u00e4rk\u00e4t sek\u00e4 letot ja aapasuot.<\/p>\n<p class=\"article-body mb-nof-24 px-nof-16\">Ennallistamistoimet voivat olla esimerkiksi suo-ojien tukkimista, lahopuun lis\u00e4\u00e4mist\u00e4 metsiss\u00e4 ja laidunnuksen palauttamista perinteisesti laidunk\u00e4yt\u00f6ss\u00e4 olleille alueille.<\/p>\n<p class=\"article-body mb-nof-24 px-nof-16\">Orpon kirjeess\u00e4 vaaditaan my\u00f6s suurempia EU-tukia ennallistamistoimiin.<\/p>\n<p class=\"article-body mb-nof-24 px-nof-16\">HS:n tietojen mukaan ennallistamisasetuksen kohtalosta k\u00e4yd\u00e4\u00e4n komission sis\u00e4ll\u00e4 hyvin tiiviit\u00e4 neuvotteluita. Ymp\u00e4rist\u00f6komissaari <a class=\"article-personlink\" href=\"https:\/\/www.hs.fi\/haku\/?query=Jessika%20Roswallin\" rel=\"nofollow noopener\" target=\"_blank\">Jessika Roswallin<\/a> on m\u00e4\u00e4r\u00e4 antaa esitys ymp\u00e4rist\u00f6lains\u00e4\u00e4d\u00e4nn\u00f6n kevent\u00e4miseksi keskiviikkona.<\/p>\n","protected":false},"excerpt":{"rendered":"Ymp\u00e4rist\u00f6|Suomen hallitus toivoo, ett\u00e4 komissio k\u00e4ynnist\u00e4\u00e4 keskiviikkona uudet neuvottelut ennallistamisasetuksen sis\u00e4ll\u00f6st\u00e4. Bryssel Lue tiivistelm\u00e4 Tiivistelm\u00e4 on teko\u00e4lyn tekem\u00e4&hellip;\n","protected":false},"author":2,"featured_media":111046,"comment_status":"","ping_status":"","sticky":false,"template":"","format":"standard","meta":{"footnotes":""},"categories":[113],"tags":[446,33,31,30,46,118,32,119,447],"class_list":{"0":"post-111045","1":"post","2":"type-post","3":"status-publish","4":"format-standard","5":"has-post-thumbnail","7":"category-ymparisto","8":"tag-environment","9":"tag-fi","10":"tag-finland","11":"tag-finnish","12":"tag-helsingin-sanomat","13":"tag-science","14":"tag-suomi","15":"tag-tiede","16":"tag-ymparisto"},"share_on_mastodon":{"url":"https:\/\/pubeurope.com\/@fi\/115684961389691392","error":""},"_links":{"self":[{"href":"https:\/\/www.europesays.com\/fi\/wp-json\/wp\/v2\/posts\/111045","targetHints":{"allow":["GET"]}}],"collection":[{"href":"https:\/\/www.europesays.com\/fi\/wp-json\/wp\/v2\/posts"}],"about":[{"href":"https:\/\/www.europesays.com\/fi\/wp-json\/wp\/v2\/types\/post"}],"author":[{"embeddable":true,"href":"https:\/\/www.europesays.com\/fi\/wp-json\/wp\/v2\/users\/2"}],"replies":[{"embeddable":true,"href":"https:\/\/www.europesays.com\/fi\/wp-json\/wp\/v2\/comments?post=111045"}],"version-history":[{"count":0,"href":"https:\/\/www.europesays.com\/fi\/wp-json\/wp\/v2\/posts\/111045\/revisions"}],"wp:featuredmedia":[{"embeddable":true,"href":"https:\/\/www.europesays.com\/fi\/wp-json\/wp\/v2\/media\/111046"}],"wp:attachment":[{"href":"https:\/\/www.europesays.com\/fi\/wp-json\/wp\/v2\/media?parent=111045"}],"wp:term":[{"taxonomy":"category","embeddable":true,"href":"https:\/\/www.europesays.com\/fi\/wp-json\/wp\/v2\/categories?post=111045"},{"taxonomy":"post_tag","embeddable":true,"href":"https:\/\/www.europesays.com\/fi\/wp-json\/wp\/v2\/tags?post=111045"}],"curies":[{"name":"wp","href":"https:\/\/api.w.org\/{rel}","templated":true}]}}