{"id":11105,"date":"2025-08-20T11:02:10","date_gmt":"2025-08-20T11:02:10","guid":{"rendered":"https:\/\/www.europesays.com\/fi\/11105\/"},"modified":"2025-08-20T11:02:10","modified_gmt":"2025-08-20T11:02:10","slug":"hamptonissa-puhutaan-parolannummella-kuvataan-parhaillaan-tuntemattomaan-sotilaan-jatko-osaa-paikalliset","status":"publish","type":"post","link":"https:\/\/www.europesays.com\/fi\/11105\/","title":{"rendered":"H\u00e4mptonissa puhutaan | Parolannummella kuvataan parhaillaan Tuntemattomaan sotilaan &#8221;jatko-osaa&#8221; | Paikalliset"},"content":{"rendered":"<p>T\u00e4ll\u00e4 viikolla Parolannummella paneudutaan synkkiin 80 vuoden takaisiin tunnelmiin, kun Panssariprikaatin alueella kuvataan taistelukohtauksia <strong>Aku Louhimiehen<\/strong> tulevaan, Lapin sotaa k\u00e4sittelev\u00e4\u00e4n suurelokuvaan.<\/p>\n<p>Kaupunkiuutisiin kantautuneiden tietojen mukaan Parolannummella r\u00e4j\u00e4ytell\u00e4\u00e4n n\u00e4ytt\u00e4v\u00e4sti kameroiden kuvatessa ainakin tiistaina ja keskiviikkona. Kaikkiaan t\u00e4k\u00e4l\u00e4isiin kuvauksiin on varattu aikaa t\u00e4m\u00e4 viikko. Sen j\u00e4lkeen kuvausryhm\u00e4 suuntaa pohjoiseen.<\/p>\n<p>Parolannummi ja yhteisty\u00f6 Panssariprikaatin kanssa on Louhimiehelle tuttua jo entuudestaan, sill\u00e4 h\u00e4n kuvasi siell\u00e4 kohtauksia my\u00f6s Tuntemattomaan sotilaaseen vuonna 2016. Tutuille kuvauspaikoille oli helppoa palata nyt sisarelokuvan merkeiss\u00e4.<\/p>\n<p>\u2013\u2009Lapin sota on henkinen jatko-osa vuoden 2017 elokuvalle Tuntematon sotilas. Tuomme elokuvateattereihin uuden tarinan, joka seuraa tyylilt\u00e4\u00e4n ja toteutukseltaan Tuntemattoman aloittamaa ilmi\u00f6t\u00e4, tuottaja <strong>Andrei Al\u00e9n<\/strong> totesi huhtikuussa mediatiedotteessa.<\/p>\n<p>\t\t<a class=\"diks-gallery__link\" href=\"https:\/\/i.media.fi\/incoming\/av5d24\/10145018.jpg\/alternates\/FREE_1440\/10145018.jpg\" data-thumbnail=\"\" data-sub-html=\"Eero Aho ja Jussi Vatanen olivat Louhimiehen Tuntemattoman sotilaan t\u00e4hti\u00e4. Lapin sota -elokuvan n\u00e4yttelij\u00f6it\u00e4 ei ole toistaiseksi julkistettu. Juuli Aschan\" aria-label=\"Katso isompi kuva\" rel=\"nofollow noopener\" target=\"_blank\"><br \/>\n\t\t\t\t<img class=\"diks-figure__image\" src=\"https:\/\/www.europesays.com\/fi\/wp-content\/uploads\/2025\/08\/10145018.jpg\" loading=\"lazy\" decoding=\"sync\" alt=\"\"\/><br \/>\n\t\t\t<\/a><br \/>\n\t\t\t\t\tEero Aho ja Jussi Vatanen olivat Louhimiehen Tuntemattoman sotilaan t\u00e4hti\u00e4. Lapin sota -elokuvan n\u00e4yttelij\u00f6it\u00e4 ei ole toistaiseksi julkistettu. Juuli Aschan<\/p>\n<p><strong class=\"diks-storyline__impact\">Tuntemattoman sotilaan tavoin<\/strong> elokuva kuvataan kokonaisuudessaan Suomessa.<\/p>\n<p>Parolannummella filmattavat kohtaukset sijoittuvat syyskes\u00e4\u00e4n 1944, jolloin jatkosota oli p\u00e4\u00e4ttynyt ja aselevon ehtona oli maassa olleiden saksalaisten joukkojen karkottaminen syyskuun puoliv\u00e4liin menness\u00e4. Saksalaiset eiv\u00e4t per\u00e4\u00e4ntyneet taistelutta ja j\u00e4ttiv\u00e4t j\u00e4lkeens\u00e4 Pohjois-Suomessa vain savuavia raunioita. Lapin sota kesti huhtikuun loppuun 1945.<\/p>\n<p>Louhimiehen elokuva perustuu l\u00f6yh\u00e4sti<strong> Antti Tuurin<\/strong> Rauta-antura-romaaniin, ja sen keskeisen\u00e4 teemana on anteeksianto. Elokuvassa seurataan saksalaisten j\u00e4ljiss\u00e4 kulkevia varusmiehi\u00e4 sek\u00e4 saksalaisille ty\u00f6skennelleit\u00e4 naisia.<\/p>\n<p>Elokuvaa kuvataan loppuvuoden ajan Lapissa, ja sen on tarkoitus tulla ensi-iltaan syksyll\u00e4 2026.<\/p>\n<p class=\"\">Kaupunkiuutisten H\u00e4mptonissa puhutaan -juorupalstalla ruoditaan viikon tapahtumia.<\/p>\n","protected":false},"excerpt":{"rendered":"T\u00e4ll\u00e4 viikolla Parolannummella paneudutaan synkkiin 80 vuoden takaisiin tunnelmiin, kun Panssariprikaatin alueella kuvataan taistelukohtauksia Aku Louhimiehen tulevaan, Lapin&hellip;\n","protected":false},"author":2,"featured_media":11106,"comment_status":"","ping_status":"","sticky":false,"template":"","format":"standard","meta":{"footnotes":""},"categories":[131],"tags":[153,623,155,137,33,173,31,30,4919,1928,1616,172,718,32,485,140,109],"class_list":{"0":"post-11105","1":"post","2":"type-post","3":"status-publish","4":"format-standard","5":"has-post-thumbnail","7":"category-elokuvat","8":"tag-audiovisuaalinen-media","9":"tag-elokuva","10":"tag-elokuvat","11":"tag-entertainment","12":"tag-fi","13":"tag-film","14":"tag-finland","15":"tag-finnish","16":"tag-hamptonissa-puhutaan","17":"tag-kirjallisuus-ja-audiovisuaalinen-media","18":"tag-media-viestinta","19":"tag-movies","20":"tag-nayttamotaide","21":"tag-suomi","22":"tag-taide-yleista","23":"tag-tv-ja-elokuvat","24":"tag-viihde"},"share_on_mastodon":{"url":"","error":""},"_links":{"self":[{"href":"https:\/\/www.europesays.com\/fi\/wp-json\/wp\/v2\/posts\/11105","targetHints":{"allow":["GET"]}}],"collection":[{"href":"https:\/\/www.europesays.com\/fi\/wp-json\/wp\/v2\/posts"}],"about":[{"href":"https:\/\/www.europesays.com\/fi\/wp-json\/wp\/v2\/types\/post"}],"author":[{"embeddable":true,"href":"https:\/\/www.europesays.com\/fi\/wp-json\/wp\/v2\/users\/2"}],"replies":[{"embeddable":true,"href":"https:\/\/www.europesays.com\/fi\/wp-json\/wp\/v2\/comments?post=11105"}],"version-history":[{"count":0,"href":"https:\/\/www.europesays.com\/fi\/wp-json\/wp\/v2\/posts\/11105\/revisions"}],"wp:featuredmedia":[{"embeddable":true,"href":"https:\/\/www.europesays.com\/fi\/wp-json\/wp\/v2\/media\/11106"}],"wp:attachment":[{"href":"https:\/\/www.europesays.com\/fi\/wp-json\/wp\/v2\/media?parent=11105"}],"wp:term":[{"taxonomy":"category","embeddable":true,"href":"https:\/\/www.europesays.com\/fi\/wp-json\/wp\/v2\/categories?post=11105"},{"taxonomy":"post_tag","embeddable":true,"href":"https:\/\/www.europesays.com\/fi\/wp-json\/wp\/v2\/tags?post=11105"}],"curies":[{"name":"wp","href":"https:\/\/api.w.org\/{rel}","templated":true}]}}