{"id":111055,"date":"2025-12-08T17:00:11","date_gmt":"2025-12-08T17:00:11","guid":{"rendered":"https:\/\/www.europesays.com\/fi\/111055\/"},"modified":"2025-12-08T17:00:11","modified_gmt":"2025-12-08T17:00:11","slug":"kruununprinsessa-victoria-parasport-ruotsin-suojelijaksi-uusi-tarkea-tehtava","status":"publish","type":"post","link":"https:\/\/www.europesays.com\/fi\/111055\/","title":{"rendered":"Kruununprinsessa Victoria Parasport Ruotsin suojelijaksi \u2013 Uusi t\u00e4rke\u00e4 teht\u00e4v\u00e4"},"content":{"rendered":"<p>            Sara Friberg \/ AOP\n        <\/p>\n<p class=\"subtitle \">Kruununprinsessa on saanut uuden, t\u00e4rke\u00e4n teht\u00e4v\u00e4n.<\/p>\n<p class=\"article-content article-content-width !bg-background\">Kruununprinsessa\u00a0on tehnyt uuden, hienon aluevaltauksen.<\/p>\n<p class=\"font-weight-bold m-font-weight-bold article-content article-content-width !bg-background\">Arkistovideo: N\u00e4in sujuivat kruununprinsessan syntym\u00e4p\u00e4iv\u00e4juhlat<\/p>\n<p class=\"article-content article-content-width !bg-background\">Uudesta ty\u00f6st\u00e4 tiedotetaan Ruotsin hovin virallisella Instagram-tilill\u00e4 maanantaina (8.12.). Julkaisun kuvassa kruununprinsessa poseeraa hymyillen, k\u00e4siss\u00e4\u00e4n Ruotsin paralympiakomitean lippuja.<\/p>\n<p class=\"article-content article-content-width !bg-background\">\u2013 Kruununprinsessa on ryhtynyt Parasport Ruotsin suojelijaksi, julkaisussa tiedotetaan.<\/p>\n<p class=\"article-content article-content-width !bg-background\">Parasportin kerrotaan olevan urheiluliitto, joka j\u00e4rjest\u00e4\u00e4 urheilutoimintaa henkil\u00f6ille, joilla on liikunta-, n\u00e4k\u00f6- tai kehitysvamma. Urheilutarjontaa on kaikkiaan 11:ss\u00e4 eri lajissa.<\/p>\n<p class=\"article-content article-content-width !bg-background\">\u2013 Kruununprinsessa on ollut pitk\u00e4\u00e4n sitoutunut vammaisuuteen liittyviin aiheisiin, muun muassa Paralympalaisten huomioimisen sek\u00e4 muiden kilpailujen ja Victoria-s\u00e4\u00e4ti\u00f6n kautta tapahtuvan osallistumisen kautta, julkaisussa kerrotaan.<\/p>\n<p class=\"article-content article-content-width !bg-background\">Parasport Ruotsiin kuuluvat julkaisun mukaan Ruotsin paraurheiluliitto, Ruotsin paralympiakomitea ja Special Olympics Sverige.<\/p>\n<p>        <a itemprop=\"url\" href=\"https:\/\/www.seiska.fi\/kuninkaalliset\/kruununprinsessa-victorian-ulkonakomuutos-hammentaa\/1307030\" rel=\"nofollow noopener\" target=\"_blank\"><\/p>\n<p class=\"section-date\">\n        <strong class=\"article-section\" data-section=\"kuninkaalliset\"><br \/>\n            kuninkaalliset<br \/>\n        <\/strong><br \/>\n        27.3.2024 11:29\n    <\/p>\n<p>Kruununprinsessa Victorian ulkon\u00e4k\u00f6muutos h\u00e4mment\u00e4\u00e4\n    <\/p>\n<p itemprop=\"description\" class=\"subtitle \">\n    Kruununprinsessa Victoria edusti poikkeuksellisessa tyyliss\u00e4.\n<\/p>\n<p>        <\/a><\/p>\n<p>T\u00e4rke\u00e4 juhlaviikko<\/p>\n<p class=\"article-content article-content-width !bg-background\">Joulukuu on alkanut kruununprinsessan osalta n\u00e4ytt\u00e4v\u00e4ll\u00e4 tavalla. Viikonloppuna h\u00e4n osallistui Nobel-viikon avajaisiin Tukholman kuninkaanlinnassa.<\/p>\n<p class=\"article-content article-content-width !bg-background\"><a href=\"https:\/\/www.svenskdam.se\/kungligt\/ovantade-beskedet-om-prinsessan-da-gar-sverre-magnus-fore\/11175338?second_article=true\" target=\"_blank\" rel=\"nofollow noopener\">Svensk Damtidning<\/a> oli mukana seuraamassa, kun Victoria ihaili palatsin hulppean salin kattoon heijastettavaa, 21.09-nimist\u00e4 teosta, jossa Nobelin rauhanpalkinnon voittajat kertoivat rauhan rakentamisesta.<\/p>\n<p class=\"article-content article-content-width !bg-background\">Nobel-hulinat alkavat toden teolla maanantai-iltana, jolloin kuningas\u00a0ja kuningatar\u00a0osallistuvat Nobel-palkintokonserttiin Tukholman konserttitalolla.<\/p>\n<p class=\"article-content article-content-width !bg-background\">Nobel-palkinnot jaetaan keskiviikkona, jolloin paikalla on koko kuningasperhe; my\u00f6s prinssi, prinsessa\u00a0ja.<\/p>\n<p>        <a itemprop=\"url\" href=\"https:\/\/www.seiska.fi\/kuninkaalliset\/kansalainen-huolestui-kruununprinsessa-victoriasta-huomaatko-saman-tuoreista-kuvista\/1363299\" rel=\"nofollow noopener\" target=\"_blank\"><\/p>\n<p class=\"section-date\">\n        <strong class=\"article-section\" data-section=\"kuninkaalliset\"><br \/>\n            kuninkaalliset<br \/>\n        <\/strong><br \/>\n        30.5.2024 17:30\n    <\/p>\n<p>Kansalainen huolestui kruununprinsessa Victoriasta &#8211; huomaatko saman tuoreista kuvista?\n    <\/p>\n<p itemprop=\"description\" class=\"subtitle \">\n    Ruotsin kruununprinsessa Victoria tutustui saaristoluontoon.\n<\/p>\n<p>        <\/a><\/p>\n<p>                <img decoding=\"async\" src=\"https:\/\/www.europesays.com\/fi\/wp-content\/uploads\/2025\/12\/2015462.webp\" width=\"576\" height=\"720\" alt=\"Kruununprinsessa edusti ylpe\u00e4n\u00e4 Nobel-viikon valoshow'ssa.\" loading=\"lazy\" \/>            <\/p>\n<p>\n            Kruununprinsessa edusti ylpe\u00e4n\u00e4 Nobel-viikon valoshow&#8217;ssa.<br \/>\n            KEITH R\u00d6NNBERG \/ AOP\n        <\/p>\n","protected":false},"excerpt":{"rendered":"Sara Friberg \/ AOP Kruununprinsessa on saanut uuden, t\u00e4rke\u00e4n teht\u00e4v\u00e4n. Kruununprinsessa\u00a0on tehnyt uuden, hienon aluevaltauksen. Arkistovideo: N\u00e4in sujuivat&hellip;\n","protected":false},"author":2,"featured_media":111056,"comment_status":"","ping_status":"","sticky":false,"template":"","format":"standard","meta":{"footnotes":""},"categories":[130],"tags":[137,33,31,30,2273,212,9097,20631,2274,32,160,109],"class_list":{"0":"post-111055","1":"post","2":"type-post","3":"status-publish","4":"format-standard","5":"has-post-thumbnail","7":"category-viihde","8":"tag-entertainment","9":"tag-fi","10":"tag-finland","11":"tag-finnish","12":"tag-kruununprinsessa-victoria","13":"tag-lifestyle","14":"tag-paralympialaiset","15":"tag-paraurheilu","16":"tag-ruotsin-kuninkaalliset","17":"tag-suomi","18":"tag-urheilu","19":"tag-viihde"},"share_on_mastodon":{"url":"https:\/\/pubeurope.com\/@fi\/115685020595537753","error":""},"_links":{"self":[{"href":"https:\/\/www.europesays.com\/fi\/wp-json\/wp\/v2\/posts\/111055","targetHints":{"allow":["GET"]}}],"collection":[{"href":"https:\/\/www.europesays.com\/fi\/wp-json\/wp\/v2\/posts"}],"about":[{"href":"https:\/\/www.europesays.com\/fi\/wp-json\/wp\/v2\/types\/post"}],"author":[{"embeddable":true,"href":"https:\/\/www.europesays.com\/fi\/wp-json\/wp\/v2\/users\/2"}],"replies":[{"embeddable":true,"href":"https:\/\/www.europesays.com\/fi\/wp-json\/wp\/v2\/comments?post=111055"}],"version-history":[{"count":0,"href":"https:\/\/www.europesays.com\/fi\/wp-json\/wp\/v2\/posts\/111055\/revisions"}],"wp:featuredmedia":[{"embeddable":true,"href":"https:\/\/www.europesays.com\/fi\/wp-json\/wp\/v2\/media\/111056"}],"wp:attachment":[{"href":"https:\/\/www.europesays.com\/fi\/wp-json\/wp\/v2\/media?parent=111055"}],"wp:term":[{"taxonomy":"category","embeddable":true,"href":"https:\/\/www.europesays.com\/fi\/wp-json\/wp\/v2\/categories?post=111055"},{"taxonomy":"post_tag","embeddable":true,"href":"https:\/\/www.europesays.com\/fi\/wp-json\/wp\/v2\/tags?post=111055"}],"curies":[{"name":"wp","href":"https:\/\/api.w.org\/{rel}","templated":true}]}}