{"id":111059,"date":"2025-12-08T17:04:09","date_gmt":"2025-12-08T17:04:09","guid":{"rendered":"https:\/\/www.europesays.com\/fi\/111059\/"},"modified":"2025-12-08T17:04:09","modified_gmt":"2025-12-08T17:04:09","slug":"kreikan-lammas-ja-vuohitauti-uhkaa-nostaa-fetajuuston-hintaa","status":"publish","type":"post","link":"https:\/\/www.europesays.com\/fi\/111059\/","title":{"rendered":"Kreikan lammas- ja vuohitauti uhkaa nostaa fetajuuston hintaa"},"content":{"rendered":"<p>Jo satoja tuhansia el\u00e4imi\u00e4 on jouduttu lopettamaan virustaudin vuoksi.<\/p>\n<p class=\"article-body mb-nof-24 px-nof-16\">Kreikassa lampaita ja vuoria riivaavan virustaudin vuoksi on jouduttu lopettamaan niin paljon el\u00e4imi\u00e4, ett\u00e4 joillakin meijereill\u00e4 on jo pulaa fetajuuston valmistukseen k\u00e4ytett\u00e4v\u00e4st\u00e4 maidosta.<\/p>\n<p class=\"article-body mb-nof-24 px-nof-16\">Ilta-Sanomat <a class=\"article-genericlink\" href=\"https:\/\/www.is.fi\/taloussanomat\/art-2000011676010.html\" rel=\"nofollow noopener\" target=\"_blank\">kertoi <\/a>viikonloppuna, ett\u00e4 t\u00e4m\u00e4n pel\u00e4t\u00e4\u00e4n aiheuttavan fetapulaa ja nostavan hintoja.<\/p>\n<p class=\"article-body mb-nof-24 px-nof-16\">Aito feta on siin\u00e4 mieless\u00e4 niukka tuote, ett\u00e4 sill\u00e4 on Euroopan unionin (EU) suojattu alkuper\u00e4nimitys. Siten fetaksi saa nimitt\u00e4\u00e4 vain Kreikassa lampaan- ja vuohenmaidosta valmistettua juustoa.<\/p>\n<p class=\"article-body mb-nof-24 px-nof-16\">Lehm\u00e4nmaidosta valmistetuista tai muualla kuin Kreikassa valmistetuista juustoista ei saa k\u00e4ytt\u00e4\u00e4 feta-nimityst\u00e4, vaikka ne fetan tyyppisi\u00e4 olisivatkin. N\u00e4it\u00e4 juustoja kutsutaan tavallisimmin salaattijuustoiksi.<\/p>\n<p class=\"article-body mb-nof-24 px-nof-16\">Suomessa yksi harvoista aitoa fetaa k\u00e4ytt\u00e4vist\u00e4 einessalaattien valmistajista on euralainen M\u00e4kitalon Maistuvat Oy, jonka toimitusjohtaja <a class=\"article-personlink\" href=\"https:\/\/www.is.fi\/haku\/?query=Esa%20M%C3%A4kitalo\" rel=\"nofollow noopener\" target=\"_blank\">Esa M\u00e4kitalo<\/a> vahvistaa markkinoilta kuuluneet hinnannousupaineet.<\/p>\n<p class=\"article-body mb-nof-24 px-nof-16\">\u2013\u2009Meid\u00e4n toimintaamme tilanne ei toistaiseksi ole vaikuttanut mitenk\u00e4\u00e4n, ja fetan toimittajilta saamiemme viestien mukaan saatavuudessa ei viel\u00e4 ole ongelmia, M\u00e4kitalo sanoo Ilta-Sanomille.<\/p>\n<p class=\"article-body mb-nof-24 px-nof-16\">Vaikka saatavuuspulmia ei viel\u00e4 olekaan esiintynyt, fetamarkkinoilla odotetaan hintojen nousevan.<\/p>\n<p class=\"article-body mb-nof-24 px-nof-16\">\u2013\u2009Hinnat toki nousevat, mutta miten paljon, siit\u00e4 ei viel\u00e4 ole tietoa, M\u00e4kitalo sanoo.<\/p>\n<p class=\"article-body mb-nof-24 px-nof-16\">Suurimmissa kauppaketjuissa eli S-ryhm\u00e4ss\u00e4 ja K-ryhm\u00e4ss\u00e4 ei toistaiseksi ole havaittu, ett\u00e4 joistakin tuotteista olisi Kreikan tautitilanteen vuoksi saatavuusongelmia.<\/p>\n<p class=\"article-body mb-nof-24 px-nof-16\">\u2013\u2009Mahdollisiin saatavuushaasteisiin varaudutaan kuitenkin tiiviill\u00e4 yhteisty\u00f6ll\u00e4 tavarantoimittajien kanssa, K-ryhm\u00e4n osto- ja myyntip\u00e4\u00e4llikk\u00f6 <a class=\"article-personlink\" href=\"https:\/\/www.is.fi\/haku\/?query=Laura%20Koponen\" rel=\"nofollow noopener\" target=\"_blank\">Laura Koponen<\/a> sanoo Ilta-Sanomille.<\/p>\n<p class=\"article-body mb-nof-24 px-nof-16\">Mahdollisiin hinnanmuutoksiin h\u00e4n ei ota kantaa, kuten ei S-ryhm\u00e4n marketkaupan myyntip\u00e4\u00e4llikk\u00f6 <a class=\"article-personlink\" href=\"https:\/\/www.is.fi\/haku\/?query=Juhani%20Haarakaan\" rel=\"nofollow noopener\" target=\"_blank\">Juhani Haarakaan<\/a>.<\/p>\n<p class=\"article-body mb-nof-24 px-nof-16\">\u2013\u2009Emme voi kommentoida tulevaa hintakehityst\u00e4, koska kilpailulaki kielt\u00e4\u00e4 ehdottomasti hintasignaloinnin, Haara sanoo.<\/p>\n<p class=\"article-body mb-nof-24 px-nof-16\">Lidlin valikoimap\u00e4\u00e4llikk\u00f6 <a class=\"article-personlink\" href=\"https:\/\/www.is.fi\/haku\/?query=Matias%20Lankinen\" rel=\"nofollow noopener\" target=\"_blank\">Matias Lankinen<\/a> kommentoi hinnoista sen verran, ett\u00e4 ainakaan toistaiseksi taudilla ei ole ollut vaikutusta fetan saatavuuteen tai hintoihin.<\/p>\n<p class=\"article-body mb-nof-24 px-nof-16\">S-ryhm\u00e4n Haaran mukaan fetajuustojen saatavuustilanne on t\u00e4ll\u00e4 hetkell\u00e4 hyv\u00e4.<\/p>\n<p class=\"article-body mb-nof-24 px-nof-16\">\u2013\u2009Pyrimme varmistamaan fetajuustojen mahdollisimman hyv\u00e4n saatavuuden my\u00f6s jatkossa yhdess\u00e4 tavarantoimittajiemme kanssa.<\/p>\n","protected":false},"excerpt":{"rendered":"Jo satoja tuhansia el\u00e4imi\u00e4 on jouduttu lopettamaan virustaudin vuoksi. Kreikassa lampaita ja vuoria riivaavan virustaudin vuoksi on jouduttu&hellip;\n","protected":false},"author":2,"featured_media":111060,"comment_status":"","ping_status":"","sticky":false,"template":"","format":"standard","meta":{"footnotes":""},"categories":[14],"tags":[22,23,26,27,33,31,30,17,34,24,25,28,29,15,18,21,32,19,20,56,16,59,60,61],"class_list":{"0":"post-111059","1":"post","2":"type-post","3":"status-publish","4":"format-standard","5":"has-post-thumbnail","7":"category-ulkomaat","8":"tag-breaking-news","9":"tag-breakingnews","10":"tag-featured-news","11":"tag-featurednews","12":"tag-fi","13":"tag-finland","14":"tag-finnish","15":"tag-headlines","16":"tag-ilta-sanomat","17":"tag-latest-news","18":"tag-latestnews","19":"tag-main-news","20":"tag-mainnews","21":"tag-news","22":"tag-otsikot","23":"tag-paauutiset","24":"tag-suomi","25":"tag-top-stories","26":"tag-topstories","27":"tag-ulkomaat","28":"tag-uutiset","29":"tag-world","30":"tag-world-news","31":"tag-worldnews"},"share_on_mastodon":{"url":"https:\/\/pubeurope.com\/@fi\/115685036121690268","error":""},"_links":{"self":[{"href":"https:\/\/www.europesays.com\/fi\/wp-json\/wp\/v2\/posts\/111059","targetHints":{"allow":["GET"]}}],"collection":[{"href":"https:\/\/www.europesays.com\/fi\/wp-json\/wp\/v2\/posts"}],"about":[{"href":"https:\/\/www.europesays.com\/fi\/wp-json\/wp\/v2\/types\/post"}],"author":[{"embeddable":true,"href":"https:\/\/www.europesays.com\/fi\/wp-json\/wp\/v2\/users\/2"}],"replies":[{"embeddable":true,"href":"https:\/\/www.europesays.com\/fi\/wp-json\/wp\/v2\/comments?post=111059"}],"version-history":[{"count":0,"href":"https:\/\/www.europesays.com\/fi\/wp-json\/wp\/v2\/posts\/111059\/revisions"}],"wp:featuredmedia":[{"embeddable":true,"href":"https:\/\/www.europesays.com\/fi\/wp-json\/wp\/v2\/media\/111060"}],"wp:attachment":[{"href":"https:\/\/www.europesays.com\/fi\/wp-json\/wp\/v2\/media?parent=111059"}],"wp:term":[{"taxonomy":"category","embeddable":true,"href":"https:\/\/www.europesays.com\/fi\/wp-json\/wp\/v2\/categories?post=111059"},{"taxonomy":"post_tag","embeddable":true,"href":"https:\/\/www.europesays.com\/fi\/wp-json\/wp\/v2\/tags?post=111059"}],"curies":[{"name":"wp","href":"https:\/\/api.w.org\/{rel}","templated":true}]}}