{"id":111068,"date":"2025-12-08T17:25:10","date_gmt":"2025-12-08T17:25:10","guid":{"rendered":"https:\/\/www.europesays.com\/fi\/111068\/"},"modified":"2025-12-08T17:25:10","modified_gmt":"2025-12-08T17:25:10","slug":"valtteri-bottakselta-humoristinen-tervehdys-uudessa-tallissa","status":"publish","type":"post","link":"https:\/\/www.europesays.com\/fi\/111068\/","title":{"rendered":"Valtteri Bottakselta humoristinen tervehdys uudessa tallissa"},"content":{"rendered":"<p>Valtteri Bottas aloitti ty\u00f6t uuden tallin v\u00e4reiss\u00e4.<\/p>\n<p><img decoding=\"async\" class=\"image image-show image-preview\" src=\"https:\/\/www.europesays.com\/fi\/wp-content\/uploads\/2025\/12\/84600f9e4cb428a69086339affdfe6236947ae40ac61eb8734a4aa44e4fb76ee.jpg\" alt=\"\"\/><img decoding=\"async\" class=\"image image-show\" src=\"https:\/\/www.europesays.com\/fi\/wp-content\/uploads\/2025\/12\/1765214710_119_84600f9e4cb428a69086339affdfe6236947ae40ac61eb8734a4aa44e4fb76ee.jpg\" alt=\"\"\/><\/p>\n<p>Valtteri Bottas toimi menneell\u00e4 kaudella Mercedeksen testi- ja varakuljettajana. ZumaWire \/ MVPHOTOS<\/p>\n<p class=\"paragraph\">Formula 1 -kausi sai n\u00e4ytt\u00e4v\u00e4n p\u00e4\u00e4t\u00f6ksen sunnuntaina Abu Dhabissa, kun McLarenin <strong>Lando Norris<\/strong>, 26, kruunattiin maailmanmestariksi ensimm\u00e4ist\u00e4 kertaa urallaan.<\/p>\n<p class=\"paragraph\">Samalla p\u00e4\u00e4ttyi suomalaisittain my\u00f6s yksi aikakausi. <strong>Valtteri Bottas<\/strong>, 36, j\u00e4tti Mercedeksen varakuljettajan roolinsa, ja h\u00e4nt\u00e4 odottaa kokonaan uusi haaste uuden F1-talli Cadillacin kisakuskina, yhdess\u00e4 <strong>Sergio P\u00e9rezin<\/strong>, 35, kanssa.<\/p>\n<p>Bottas laittoi heti tuulemaan<\/p>\n<p class=\"paragraph\">Vain p\u00e4iv\u00e4 Abu Dhabin GP:n j\u00e4lkeen Bottas n\u00e4htiin jo uuden ty\u00f6nantajansa v\u00e4reiss\u00e4. Hauskoista somep\u00e4ivityksist\u00e4\u00e4n tunnettu suomalainen esiintyi Cadillac F1 -tallin virallisella X-tilill\u00e4, kun h\u00e4n esitteli uuden ty\u00f6pisteens\u00e4.<\/p>\n<p class=\"paragraph\">Videolla Bottas n\u00e4hd\u00e4\u00e4n tallin tiloissa esittelem\u00e4ss\u00e4 ensi kauden menopelins\u00e4 istuinta.<\/p>\n<p class=\"paragraph\">\u2013 Hei! Onpa hieno penkki. Eritt\u00e4in hieno penkki. Se on muuten minun penkkini, Bottas sanoi virnuillen videolla.<\/p>\n<p>Testit k\u00e4yntiin<\/p>\n<p class=\"paragraph\">Abu Dhabin p\u00e4\u00e4t\u00f6sviikonloppu ei merkitse lomaa talleille. Jo tiistaina k\u00e4ynnistyv\u00e4t kauden j\u00e4lkeiset testit.<\/p>\n<p class=\"paragraph\">Jokainen talli tuo radalle muokatun testiauton, jonka tarkoitus on simuloida 2026-autojen ominaisuuksia. Tallien on tarkoitus testata my\u00f6s ensi kauden uutta rengasvalikoimaa.<\/p>\n<p class=\"paragraph\">Cadillacin osallistumisesta ei ole virallista vahvistusta, mutta P\u00e9rez voidaan hyvinkin n\u00e4hd\u00e4 ratissa, sill\u00e4 h\u00e4n on jo aiemmin syksyll\u00e4 testannut tallin materiaalia Imolassa.<\/p>\n<p class=\"paragraph\">Tallista tulee F1-sarjan 11. talli kaudella 2026, ja sill\u00e4 oli syksyll\u00e4 ensimm\u00e4inen todellinen rataesiintyminen, tosin ei omalla autolla.<\/p>\n<p class=\"paragraph\">Talli lainasi Ferrarin kaksi vuotta vanhan SF-23-auton, joka maalattiin mattamustaksi ja ilman logoja. P\u00e9rez ajoi Imolassa kaksip\u00e4iv\u00e4isen testin, joka keskittyi tallin kommenttien mukaan v\u00e4hemm\u00e4n auton kehitykseen, enemm\u00e4n ihmisiin.<\/p>\n<p>Ent\u00e4 Bottas?<\/p>\n<p class=\"paragraph\">Bottaksen osallistuminen tiistaina k\u00e4ynnistyviin testeihin on my\u00f6s ep\u00e4selv\u00e4\u00e4. Viel\u00e4 marraskuussa h\u00e4n totesi n\u00e4in <a href=\"https:\/\/motorsport.nextgen-auto.com\/en\/formula-1\/bottas-confirms-no-cadillac-running-until-january,204111.html\" target=\"_blank\" rel=\"noopener nofollow\">Motorsport Nextgenille<\/a>.<\/p>\n<p class=\"paragraph\">\u2013 Aloitan ty\u00f6t tammikuussa. Meill\u00e4 pit\u00e4isi olla auto silloin.<\/p>\n","protected":false},"excerpt":{"rendered":"Valtteri Bottas aloitti ty\u00f6t uuden tallin v\u00e4reiss\u00e4. Valtteri Bottas toimi menneell\u00e4 kaudella Mercedeksen testi- ja varakuljettajana. ZumaWire \/&hellip;\n","protected":false},"author":2,"featured_media":111069,"comment_status":"","ping_status":"","sticky":false,"template":"","format":"standard","meta":{"footnotes":""},"categories":[158],"tags":[35,648,2810,33,31,30,3437,83,2811,159,32,160],"class_list":{"0":"post-111068","1":"post","2":"type-post","3":"status-publish","4":"format-standard","5":"has-post-thumbnail","7":"category-urheilu","8":"tag-24h","9":"tag-autot","10":"tag-autourheilu-ja-urheiluautot","11":"tag-fi","12":"tag-finland","13":"tag-finnish","14":"tag-formula-1","15":"tag-moottoriurheilu","16":"tag-rata-autoilu","17":"tag-sports","18":"tag-suomi","19":"tag-urheilu"},"share_on_mastodon":{"url":"https:\/\/pubeurope.com\/@fi\/115685119012012787","error":""},"_links":{"self":[{"href":"https:\/\/www.europesays.com\/fi\/wp-json\/wp\/v2\/posts\/111068","targetHints":{"allow":["GET"]}}],"collection":[{"href":"https:\/\/www.europesays.com\/fi\/wp-json\/wp\/v2\/posts"}],"about":[{"href":"https:\/\/www.europesays.com\/fi\/wp-json\/wp\/v2\/types\/post"}],"author":[{"embeddable":true,"href":"https:\/\/www.europesays.com\/fi\/wp-json\/wp\/v2\/users\/2"}],"replies":[{"embeddable":true,"href":"https:\/\/www.europesays.com\/fi\/wp-json\/wp\/v2\/comments?post=111068"}],"version-history":[{"count":0,"href":"https:\/\/www.europesays.com\/fi\/wp-json\/wp\/v2\/posts\/111068\/revisions"}],"wp:featuredmedia":[{"embeddable":true,"href":"https:\/\/www.europesays.com\/fi\/wp-json\/wp\/v2\/media\/111069"}],"wp:attachment":[{"href":"https:\/\/www.europesays.com\/fi\/wp-json\/wp\/v2\/media?parent=111068"}],"wp:term":[{"taxonomy":"category","embeddable":true,"href":"https:\/\/www.europesays.com\/fi\/wp-json\/wp\/v2\/categories?post=111068"},{"taxonomy":"post_tag","embeddable":true,"href":"https:\/\/www.europesays.com\/fi\/wp-json\/wp\/v2\/tags?post=111068"}],"curies":[{"name":"wp","href":"https:\/\/api.w.org\/{rel}","templated":true}]}}