{"id":111079,"date":"2025-12-08T17:44:10","date_gmt":"2025-12-08T17:44:10","guid":{"rendered":"https:\/\/www.europesays.com\/fi\/111079\/"},"modified":"2025-12-08T17:44:10","modified_gmt":"2025-12-08T17:44:10","slug":"lapinakyvassa-pitsissa-edustanut-veera-selanne-18-vaihtoi-asua-kesken-linnan-jatkojen-sirpa-aidilta-paivitys","status":"publish","type":"post","link":"https:\/\/www.europesays.com\/fi\/111079\/","title":{"rendered":"L\u00e4pin\u00e4kyv\u00e4ss\u00e4 pitsiss\u00e4 edustanut Veera Sel\u00e4nne, 18, vaihtoi asua kesken Linnan jatkojen \u2013 Sirpa-\u00e4idilt\u00e4 p\u00e4ivitys"},"content":{"rendered":"<p>Sirpa Sel\u00e4nne vaihtoi juhlamekkoaan Veera-tytt\u00e4rens\u00e4 kanssa Linnan juhlien jatkoilla.<\/p>\n<p class=\"paragraph\">Ex-j\u00e4\u00e4kiekkoilija <strong>Teemu Sel\u00e4nne<\/strong> juhlisti vaimonsa <a href=\"https:\/\/www.iltalehti.fi\/henkilot\/Sirpa Sel\u00e4nne\" class=\"article-link-person-page\" rel=\"nofollow noopener\" target=\"_blank\">Sirpa Sel\u00e4nteen<\/a> ja parin tytt\u00e4ren <a href=\"https:\/\/www.iltalehti.fi\/henkilot\/Veera Sel\u00e4nne\" class=\"article-link-person-page\" rel=\"nofollow noopener\" target=\"_blank\">Veera Sel\u00e4nteen<\/a> kanssa itsen\u00e4isyysp\u00e4iv\u00e4\u00e4 Helsingiss\u00e4. Perhe vietti iltaa Linnan juhlien virallisilla jatkoilla hotelli K\u00e4mpiss\u00e4.<\/p>\n<p class=\"paragraph\">Veera saapui K\u00e4mpiin mustassa <a href=\"https:\/\/www.iltalehti.fi\/viihdeuutiset\/0aabb847-e939-4148-98ff-7d3c2fe68190\" rel=\"nofollow noopener\" target=\"_blank\">l\u00e4pin\u00e4kyv\u00e4ss\u00e4 pitsikoristeisessa mekossa<\/a>, Sirpalla puolestaan oli p\u00e4\u00e4ll\u00e4\u00e4n kimaltava harmaa iltapuku. Nyt Sirpa kertoo tuoreessa <a href=\"https:\/\/www.instagram.com\/p\/DR_hgDugglg\/\" target=\"_blank\" rel=\"noopener nofollow\">Instagram-p\u00e4ivityksess\u00e4\u00e4n<\/a>, ett\u00e4 illan edetess\u00e4 \u00e4iti ja tyt\u00e4r laittoivat asunsa uusiksi.<\/p>\n<p class=\"paragraph\">\u2013 Se tunne kun juhlissa oma asu \u00e4rsytt\u00e4\u00e4 ja tyt\u00e4r ehdottaa, ett\u00e4 \u201dno haluatko vaihtaa mun kanssa mekkoa\u201d, Sirpa kirjoittaa julkaisemansa videon oheen.<\/p>\n<p class=\"paragraph\">Jos upotus ei toimi, n\u00e4et julkaisun my\u00f6s <a href=\"https:\/\/www.instagram.com\/p\/DR_hgDugglg\/\" target=\"_blank\" rel=\"noopener nofollow\">t\u00e4st\u00e4 linkist\u00e4<\/a>.<\/p>\n<p class=\"paragraph\">Sirpan julkaisemalla videolla \u00e4iti ja tyt\u00e4r kulkevat K\u00e4mpin k\u00e4yt\u00e4v\u00e4\u00e4 ja astuvat ovesta sis\u00e4\u00e4n. Kun he astuvat samasta ovesta j\u00e4lleen ulos, on harmaa puku Veeran p\u00e4\u00e4ll\u00e4 ja musta mekko Sirpan p\u00e4\u00e4ll\u00e4.<\/p>\n<p><img decoding=\"async\" class=\"image image-show image-preview\" src=\"https:\/\/www.europesays.com\/fi\/wp-content\/uploads\/2025\/12\/8c63d1fb3e7689a5f816d0ba0ba01966ccc01e147750fd70ce8f316a7f1d4cf7.jpg\" alt=\"\"\/><img decoding=\"async\" class=\"image image-show\" src=\"https:\/\/www.europesays.com\/fi\/wp-content\/uploads\/2025\/12\/1765215850_470_8c63d1fb3e7689a5f816d0ba0ba01966ccc01e147750fd70ce8f316a7f1d4cf7.jpg\" alt=\"\"\/><\/p>\n<p>Sirpa Sel\u00e4nne julkaisi kuvia ja videon Linnan jatkoilta. Timo Korhonen, AOP<\/p>\n<p class=\"paragraph\">Sirpa on jakanut runsaasti kuvia itsen\u00e4isyysp\u00e4iv\u00e4n vietoltaan toisessa Instagram-julkaisussaan.<\/p>\n<p class=\"paragraph\">\u2013 Onnea rakas 108-vuotias Suomi. Me juhlistettiin t\u00e4t\u00e4 arvokasta p\u00e4iv\u00e4\u00e4 yst\u00e4vien kanssa ja vaikka kuvista p\u00e4\u00e4tellen oli railakkaat juhlat, me my\u00f6s oikeasti hiljennyttiin miettim\u00e4\u00e4n, mik\u00e4 meille on t\u00e4rkeint\u00e4 itsen\u00e4isess\u00e4 Suomessa. Voimakkaasti tuli mieleen kunnioitus sotaveteraaneja kohtaan, jotka niin ep\u00e4itsekk\u00e4\u00e4sti tekiv\u00e4t kaikkensa, ett\u00e4 me suomalaiset saadaan olla juuri suomalaisia. Ollaan niin kovin kiitollisia heid\u00e4n sitkeydest\u00e4\u00e4n, Sirpa kirjoittaa.<\/p>\n<p class=\"paragraph\">Jos upotus ei toimi, n\u00e4et julkaisun my\u00f6s <a href=\"https:\/\/www.instagram.com\/p\/DR_ZgxWAr5R\/?img_index=1\" target=\"_blank\" rel=\"noopener nofollow\">t\u00e4st\u00e4 linkist\u00e4<\/a>. Lis\u00e4\u00e4 kuvia saat n\u00e4kyviin oikean reunan nuolta n\u00e4p\u00e4ytt\u00e4m\u00e4ll\u00e4.<\/p>\n<p class=\"paragraph\">Sirpalla n\u00e4hd\u00e4\u00e4n kuvissa yll\u00e4\u00e4n sek\u00e4 harmaa ett\u00e4 musta mekko. Mustassa mekossa Sirpa poseeraa yhteiskuvassa muun muassa Linnan jatkoilla esiintyneen JVG:n Ville Gallen kanssa.<\/p>\n<p>Veera Sel\u00e4nne kertoi Iltalehdelle pukeneensa Linnan jatkoille ylleen kaksi mekkoa. Lilia Leppilampi oli lainannut punaisen mekkonsa \u00e4idilt\u00e4\u00e4n. Atte Kajova<\/p>\n<p class=\"paragraph\">Veera Sel\u00e4nne puolestaan vietti jatkoilla aikaa perheens\u00e4 lis\u00e4ksi my\u00f6s muun muassa <strong>Lilia Leppilammen<\/strong> kanssa. Lilia Leppilammen vanhemmat ovat <strong>Mikko Leppilampi<\/strong> ja <strong>Emilia Vuorisalmi<\/strong>.<\/p>\n<p class=\"paragraph\">Veera kertoi Iltalehdelle Linnan jatkoilla antamassaan haastattelussa muun muassa <a href=\"https:\/\/www.iltalehti.fi\/viihdeuutiset\/8bb7a201-46ef-48ee-8e18-7e18d3c9ed13\" rel=\"nofollow noopener\" target=\"_blank\">18-vuotisjuhlistaan<\/a>. Veera t\u00e4ytti vuosia itsen\u00e4isyysp\u00e4iv\u00e4n aattona.<\/p>\n<p>Veera Sel\u00e4nne ja Lilia Leppilampi viettiv\u00e4t itsen\u00e4isyysp\u00e4iv\u00e4\u00e4 yhdess\u00e4. Atte Kajova<\/p>\n<p><script async src=\"\/\/www.instagram.com\/embed.js\"><\/script><\/p>\n","protected":false},"excerpt":{"rendered":"Sirpa Sel\u00e4nne vaihtoi juhlamekkoaan Veera-tytt\u00e4rens\u00e4 kanssa Linnan juhlien jatkoilla. Ex-j\u00e4\u00e4kiekkoilija Teemu Sel\u00e4nne juhlisti vaimonsa Sirpa Sel\u00e4nteen ja parin&hellip;\n","protected":false},"author":2,"featured_media":111080,"comment_status":"","ping_status":"","sticky":false,"template":"","format":"standard","meta":{"footnotes":""},"categories":[136],"tags":[35,407,137,33,31,30,101,1143,408,99,100,98,32,109],"class_list":{"0":"post-111079","1":"post","2":"type-post","3":"status-publish","4":"format-standard","5":"has-post-thumbnail","7":"category-julkkikset","8":"tag-24h","9":"tag-celebrities","10":"tag-entertainment","11":"tag-fi","12":"tag-finland","13":"tag-finnish","14":"tag-ihmissuhteet","15":"tag-jaakiekko","16":"tag-julkkikset","17":"tag-lapset","18":"tag-lapset-ja-nuoret","19":"tag-perhe","20":"tag-suomi","21":"tag-viihde"},"share_on_mastodon":{"url":"https:\/\/pubeurope.com\/@fi\/115685193599511539","error":""},"_links":{"self":[{"href":"https:\/\/www.europesays.com\/fi\/wp-json\/wp\/v2\/posts\/111079","targetHints":{"allow":["GET"]}}],"collection":[{"href":"https:\/\/www.europesays.com\/fi\/wp-json\/wp\/v2\/posts"}],"about":[{"href":"https:\/\/www.europesays.com\/fi\/wp-json\/wp\/v2\/types\/post"}],"author":[{"embeddable":true,"href":"https:\/\/www.europesays.com\/fi\/wp-json\/wp\/v2\/users\/2"}],"replies":[{"embeddable":true,"href":"https:\/\/www.europesays.com\/fi\/wp-json\/wp\/v2\/comments?post=111079"}],"version-history":[{"count":0,"href":"https:\/\/www.europesays.com\/fi\/wp-json\/wp\/v2\/posts\/111079\/revisions"}],"wp:featuredmedia":[{"embeddable":true,"href":"https:\/\/www.europesays.com\/fi\/wp-json\/wp\/v2\/media\/111080"}],"wp:attachment":[{"href":"https:\/\/www.europesays.com\/fi\/wp-json\/wp\/v2\/media?parent=111079"}],"wp:term":[{"taxonomy":"category","embeddable":true,"href":"https:\/\/www.europesays.com\/fi\/wp-json\/wp\/v2\/categories?post=111079"},{"taxonomy":"post_tag","embeddable":true,"href":"https:\/\/www.europesays.com\/fi\/wp-json\/wp\/v2\/tags?post=111079"}],"curies":[{"name":"wp","href":"https:\/\/api.w.org\/{rel}","templated":true}]}}