{"id":111081,"date":"2025-12-08T17:51:08","date_gmt":"2025-12-08T17:51:08","guid":{"rendered":"https:\/\/www.europesays.com\/fi\/111081\/"},"modified":"2025-12-08T17:51:08","modified_gmt":"2025-12-08T17:51:08","slug":"atte-makinen-riehui-kaksi-pelirangaistusta-samassa-ajassa","status":"publish","type":"post","link":"https:\/\/www.europesays.com\/fi\/111081\/","title":{"rendered":"Atte M\u00e4kinen riehui kaksi pelirangaistusta samassa ajassa"},"content":{"rendered":"<p>Entinen liigakiekkoilija pani ranttaliksi.<\/p>\n<p>Lue tiivistelm\u00e4<\/p>\n<p>Tiivistelm\u00e4 on teko\u00e4lyn tekem\u00e4 ja ihmisen tarkistama.<\/p>\n<p class=\"article-body mb-nof-24 px-nof-16 sndp-summary-bullet-point-font\">Entinen SM-liigapelaaja Atte M\u00e4kinen sai kaksi pelirangaistusta II-divisioonan j\u00e4\u00e4kiekko-ottelussa lauantaina.<\/p>\n<p class=\"article-body mb-nof-24 px-nof-16 sndp-summary-bullet-point-font\">M\u00e4kinen sai yhteens\u00e4 50 j\u00e4\u00e4hyminuuttia p\u00e4\u00e4n tai niskan alueelle kohdistuvasta taklauksesta sek\u00e4 keih\u00e4st\u00e4misest\u00e4.<\/p>\n<p class=\"article-body mb-nof-24 px-nof-16 sndp-summary-bullet-point-font\">29-vuotias hy\u00f6kk\u00e4\u00e4j\u00e4 on pelannut urallaan 85 SM-liigaottelua \u00c4ssiss\u00e4 ja TPS:ssa.<\/p>\n<p class=\"article-body mb-nof-24 px-nof-16\">Suomen j\u00e4\u00e4kiekon nelj\u00e4nneksi korkeimmalta sarjatasolta eli II-divisioonasta kuului kummia viikonloppuna.<\/p>\n<p class=\"article-body mb-nof-24 px-nof-16\">Kakkosdivarin etel\u00e4lohkon lauantain ottelu TuusKi\u2013EVU sai kuohuttavan k\u00e4\u00e4nteen loppuhetkill\u00e4, kun TuusKin tehohy\u00f6kk\u00e4\u00e4j\u00e4 <a class=\"article-personlink\" href=\"https:\/\/www.is.fi\/haku\/?query=Atte%20M%C3%A4kinen\" rel=\"nofollow noopener\" target=\"_blank\">Atte M\u00e4kinen<\/a> pani ranttaliksi.<\/p>\n<p class=\"article-body mb-nof-24 px-nof-16\">M\u00e4kiselle tuomittiin ajassa 58.13 per\u00e4ti kaksi pelirangaistusta.<\/p>\n<p class=\"article-body mb-nof-24 px-nof-16\">M\u00e4kinen, 29, sai samassa ajassa 5+20 minuuttia p\u00e4\u00e4n tai niskan alueelle kohdistuvasta taklauksesta sek\u00e4 5+20 minuuttia keih\u00e4st\u00e4misest\u00e4.<\/p>\n<p class=\"article-body mb-nof-24 px-nof-16\">TuusKin p\u00e4\u00e4valmentaja <a class=\"article-personlink\" href=\"https:\/\/www.is.fi\/haku\/?query=Esa%20Civil\" rel=\"nofollow noopener\" target=\"_blank\">Esa Civil<\/a> kommentoi tapausta maanantaina IS:lle.<\/p>\n<p class=\"article-body mb-nof-24 px-nof-16\">\u2013 En tied\u00e4 tarkalleen, mik\u00e4 tuohon johti. Ilmeisesti herrojen v\u00e4lill\u00e4 oli jotain nokkapokkaa ja sanailua aiemmin pelin aikana, Civil sanoi.<\/p>\n<p class=\"article-body mb-nof-24 px-nof-16\">\u2013 Tarpeeton teko meid\u00e4n pelaajaltamme. Peli py\u00f6ri silloin meid\u00e4n p\u00e4\u00e4dyss\u00e4mme, kun peli vihellettiin poikki. Vastustajan sinisell\u00e4 pari \u00e4ij\u00e4\u00e4 olivat p\u00e4\u00e4llekk\u00e4in, mutta sen tarkemmin en n\u00e4hnyt mit\u00e4 tapahtui. Tilanteesta ei l\u00f6ydy videoklippi\u00e4.<\/p>\n<p class=\"article-body mb-nof-24 px-nof-16\">TuusKin ja EVU:n v\u00e4lisess\u00e4 ottelussa oli \u201dsattunut ja tapahtunut\u201d ennen M\u00e4kisen ulosajoa.<\/p>\n<p class=\"article-body mb-nof-24 px-nof-16\">\u2013 Keskustelimme vastustajan valmentajan kanssa toisella er\u00e4tauolla, ett\u00e4 on ollut kaikenlaista. Tietenkin tuomarit tekev\u00e4t parhaansa, mutta peli v\u00e4h\u00e4n karkaa k\u00e4sist\u00e4, kun toinen kokee v\u00e4\u00e4ryytt\u00e4 ja siihen ei puututa. Sitten rapataan, Civil kuvaili.<\/p>\n<p class=\"article-body mb-nof-24 px-nof-16\">\u2013 Atte k\u00e4vi pyyt\u00e4m\u00e4ss\u00e4 anteeksi heti ottelun j\u00e4lkeen vastustajalta, ja hoiti tilanteen ryhdikk\u00e4\u00e4sti.<\/p>\n<p class=\"article-body mb-nof-24 px-nof-16\">Civil ei l\u00e4htenyt arvioimaan, mink\u00e4lainen pelikielto M\u00e4kist\u00e4 odottaa.<\/p>\n<p class=\"article-body mb-nof-24 px-nof-16\">\u2013 Ulosajosta l\u00e4htee aina raportti. Tuomari kirjoittaa raporttinsa ja se menee kurinpitoon, josta sitten pyydet\u00e4\u00e4n vastine tapaukseen. Katsotaan mik\u00e4 tuomio kurinpidosta tulee.<\/p>\n<p class=\"article-body mb-nof-24 px-nof-16\">Ennen ulosajotalkoita M\u00e4kinen j\u00e4i pisteitt\u00e4 ottelussa.<\/p>\n<p class=\"article-body mb-nof-24 px-nof-16\">Kauden aikana tulosta on kuitenkin tullut. 29-vuotias hy\u00f6kk\u00e4\u00e4j\u00e4 on TuusKin paras pistemies. H\u00e4n on nakuttanut 15 ottelussa 42 (13+29) pistett\u00e4.<\/p>\n<p class=\"article-body mb-nof-24 px-nof-16\">M\u00e4kinen on entinen liigatason kiekkoilija.<\/p>\n<p class=\"article-body mb-nof-24 px-nof-16\">Kiekko-Vantaan kasvatti on pelannut urallaan 85 ottelua (8+9) SM-liigassa \u00c4ssiss\u00e4 ja TPS:ss\u00e4. Mestiksess\u00e4 h\u00e4n on kiekkoillut vajaat 300 ottelua.<\/p>\n<p class=\"article-body mb-nof-24 px-nof-16\">M\u00e4kisell\u00e4 on tilill\u00e4\u00e4n my\u00f6s kourallinen KHL-otteluita Jokerien riveist\u00e4.<\/p>\n<p class=\"article-body mb-nof-24 px-nof-16\">Kaudesta 2023\u201324 l\u00e4htien M\u00e4kinen on pelannut kakkosdivaria TuusKin riveiss\u00e4.<\/p>\n","protected":false},"excerpt":{"rendered":"Entinen liigakiekkoilija pani ranttaliksi. Lue tiivistelm\u00e4 Tiivistelm\u00e4 on teko\u00e4lyn tekem\u00e4 ja ihmisen tarkistama. Entinen SM-liigapelaaja Atte M\u00e4kinen sai&hellip;\n","protected":false},"author":2,"featured_media":111082,"comment_status":"","ping_status":"","sticky":false,"template":"","format":"standard","meta":{"footnotes":""},"categories":[158],"tags":[33,31,30,34,159,32,160],"class_list":{"0":"post-111081","1":"post","2":"type-post","3":"status-publish","4":"format-standard","5":"has-post-thumbnail","7":"category-urheilu","8":"tag-fi","9":"tag-finland","10":"tag-finnish","11":"tag-ilta-sanomat","12":"tag-sports","13":"tag-suomi","14":"tag-urheilu"},"share_on_mastodon":{"url":"https:\/\/pubeurope.com\/@fi\/115685221034823837","error":""},"_links":{"self":[{"href":"https:\/\/www.europesays.com\/fi\/wp-json\/wp\/v2\/posts\/111081","targetHints":{"allow":["GET"]}}],"collection":[{"href":"https:\/\/www.europesays.com\/fi\/wp-json\/wp\/v2\/posts"}],"about":[{"href":"https:\/\/www.europesays.com\/fi\/wp-json\/wp\/v2\/types\/post"}],"author":[{"embeddable":true,"href":"https:\/\/www.europesays.com\/fi\/wp-json\/wp\/v2\/users\/2"}],"replies":[{"embeddable":true,"href":"https:\/\/www.europesays.com\/fi\/wp-json\/wp\/v2\/comments?post=111081"}],"version-history":[{"count":0,"href":"https:\/\/www.europesays.com\/fi\/wp-json\/wp\/v2\/posts\/111081\/revisions"}],"wp:featuredmedia":[{"embeddable":true,"href":"https:\/\/www.europesays.com\/fi\/wp-json\/wp\/v2\/media\/111082"}],"wp:attachment":[{"href":"https:\/\/www.europesays.com\/fi\/wp-json\/wp\/v2\/media?parent=111081"}],"wp:term":[{"taxonomy":"category","embeddable":true,"href":"https:\/\/www.europesays.com\/fi\/wp-json\/wp\/v2\/categories?post=111081"},{"taxonomy":"post_tag","embeddable":true,"href":"https:\/\/www.europesays.com\/fi\/wp-json\/wp\/v2\/tags?post=111081"}],"curies":[{"name":"wp","href":"https:\/\/api.w.org\/{rel}","templated":true}]}}