{"id":111085,"date":"2025-12-08T17:55:09","date_gmt":"2025-12-08T17:55:09","guid":{"rendered":"https:\/\/www.europesays.com\/fi\/111085\/"},"modified":"2025-12-08T17:55:09","modified_gmt":"2025-12-08T17:55:09","slug":"maailman-suurin-kioskiketju-suunnitteli-suomeen-laajenemista-avaako-r-kioskien-kiipeli-oven","status":"publish","type":"post","link":"https:\/\/www.europesays.com\/fi\/111085\/","title":{"rendered":"Maailman suurin kioskiketju suunnitteli Suomeen laajenemista \u2013 Avaako R-kioskien kiipeli oven?"},"content":{"rendered":"<p>R-kioskien vauhdikas lakoaminen nosti esille spekulaatiot amerikkalaisen kioskiketjun saapumisesta Suomeen. <\/p>\n<p><img decoding=\"async\" class=\"image image-show image-preview\" src=\"https:\/\/www.europesays.com\/fi\/wp-content\/uploads\/2025\/12\/13629b672b96c1e231ee7ba1a4fe354cb3fab9389bf93a7a6c4790518a5aab6c.jpg\" alt=\"\"\/><img decoding=\"async\" class=\"image image-show\" src=\"https:\/\/www.europesays.com\/fi\/wp-content\/uploads\/2025\/12\/1765216509_1_13629b672b96c1e231ee7ba1a4fe354cb3fab9389bf93a7a6c4790518a5aab6c.jpg\" alt=\"\"\/><\/p>\n<p>7-Eleven on amerikkalainen elintarvikekauppaketju. EPA \/ AOP<\/p>\n<p class=\"paragraph\">Amerikkalainen 7-Eleven ei ilmesty Suomen katukuvaan ainakaan l\u00e4hiaikoina.<\/p>\n<p class=\"paragraph\">R-kioski Oy vahvisti sulkevansa joulukuun ja seuraavan vuoden aikana yli 50 kioskia, mik\u00e4 k\u00e4ynnisti j\u00e4lleen keskustelun amerikkalaisen kioskiketjun mahdollisuuksista Suomessa.<\/p>\n<p class=\"paragraph\">Vuonna 2001 <a href=\"https:\/\/www.is.fi\/taloussanomat\/art-2000001333777.html\" target=\"_blank\" rel=\"noopener nofollow\">Taloussanomat<\/a> uutisoi 7-Elevenin suunnittelevan Suomeen laajentumista. T\u00e4ll\u00f6in amerikkalaisketjun kerrottiin rantautuvan Suomeen 2\u20134 vuoden sis\u00e4ll\u00e4.<\/p>\n<p class=\"paragraph\">Laajentumiskeskustelujen aikaan Pohjoismaiden lisenssin omisti norjalainen Narvesen-konserni. Sen edustaja kertoi Taloussanomille, ett\u00e4 7-Eleven-konsernin sopimuksen tarkistukseen liittyi Suomeen laajentumisen mahdollisuus. Puheena oli, ett\u00e4 Suomeen tulisi 15 myym\u00e4l\u00e4\u00e4.<\/p>\n<p class=\"paragraph\">7-Eleven ei kuitenkaan saapunut Suomeen.<\/p>\n<p>Fokus R-kioskeissa<\/p>\n<p class=\"paragraph\">T\u00e4ss\u00e4 v\u00e4liss\u00e4 norjalainen Reitan Convenience osti Narvesenin, joten lisenssi siirtyi Reitanille. Reitan Convenience omistaa my\u00f6s R-kioskit.<\/p>\n<p class=\"paragraph\">Ruotsissa toimii samanaikaisesti sek\u00e4 7-Eleven- ett\u00e4 Pressbyr\u00e5n-kioskeja, vaikka ne ovat saman emoyhti\u00f6n omistuksessa. Kahden ketjun rinnakkainelo ei siis ole t\u00e4ysin poissuljettu.<\/p>\n<p class=\"paragraph\">Iltalehden Reitan Conveniencelle englanniksi l\u00e4hett\u00e4m\u00e4t kysymykset ohjattiin R-kioski Oy:n viestint\u00e4\u00e4n, josta asiaa kommentoitiin s\u00e4hk\u00f6postitse. Kysymykset on suomennettu t\u00e4h\u00e4n.<\/p>\n<p class=\"paragraph\">Juttu jatkuu kuvan alla.<\/p>\n<p>Rautatieaseman R-kioski on yksi t\u00e4n\u00e4 vuonna suljetuista kioskeista. Inka Soveri<\/p>\n<p class=\"paragraph\"><strong>Onko 7-Elevenin laajentumista Suomeen en\u00e4\u00e4 harkittu?<\/strong><\/p>\n<p class=\"paragraph\">\u2013 Reitan Conveniencella ei ole t\u00e4ll\u00e4 hetkell\u00e4 suunnitelmia tuoda 7-Eleven kioskeja Suomeen. Suurin fokuksemme on lis\u00e4t\u00e4 Suomen tunnetuimpien br\u00e4ndien joukkoon kuuluvan R-kioskin vetovoimaisuutta ja p\u00e4ivitt\u00e4\u00e4 palveluitamme nykyisten kuluttajatarpeiden mukaisiksi, viestinn\u00e4st\u00e4 vastattiin.<\/p>\n<p class=\"paragraph\"><strong>Voiko R-kioskien sulkeminen tehd\u00e4 tilaa 7-Eleven-kioskeille Suomessa? Vai eik\u00f6 elintarvikekioskeille yksinkertaisesti en\u00e4\u00e4 ole tarvetta?<\/strong><\/p>\n<p class=\"paragraph\">\u2013 Convenience-myym\u00e4l\u00f6ille on edelleen tarvetta, etenkin liikenteen solmukohdissa, kuten liikenneasemilla ja ty\u00f6matkareiteill\u00e4. Ihmisill\u00e4 on tarve ostaa ruokaa ja juomaa nopeasti ja k\u00e4tev\u00e4sti matkalla.<\/p>\n","protected":false},"excerpt":{"rendered":"R-kioskien vauhdikas lakoaminen nosti esille spekulaatiot amerikkalaisen kioskiketjun saapumisesta Suomeen. 7-Eleven on amerikkalainen elintarvikekauppaketju. EPA \/ AOP Amerikkalainen&hellip;\n","protected":false},"author":2,"featured_media":111086,"comment_status":"","ping_status":"","sticky":false,"template":"","format":"standard","meta":{"footnotes":""},"categories":[76],"tags":[35,79,77,33,31,30,603,96,32,78,3592,860,7249],"class_list":{"0":"post-111085","1":"post","2":"type-post","3":"status-publish","4":"format-standard","5":"has-post-thumbnail","7":"category-talous","8":"tag-24h","9":"tag-business","10":"tag-economy","11":"tag-fi","12":"tag-finland","13":"tag-finnish","14":"tag-korkeakoulu","15":"tag-koulutus","16":"tag-suomi","17":"tag-talous","18":"tag-toimitusjohtaja-paajohtaja","19":"tag-tyoelama","20":"tag-yrityksen-johtaminen"},"share_on_mastodon":{"url":"https:\/\/pubeurope.com\/@fi\/115685236960820844","error":""},"_links":{"self":[{"href":"https:\/\/www.europesays.com\/fi\/wp-json\/wp\/v2\/posts\/111085","targetHints":{"allow":["GET"]}}],"collection":[{"href":"https:\/\/www.europesays.com\/fi\/wp-json\/wp\/v2\/posts"}],"about":[{"href":"https:\/\/www.europesays.com\/fi\/wp-json\/wp\/v2\/types\/post"}],"author":[{"embeddable":true,"href":"https:\/\/www.europesays.com\/fi\/wp-json\/wp\/v2\/users\/2"}],"replies":[{"embeddable":true,"href":"https:\/\/www.europesays.com\/fi\/wp-json\/wp\/v2\/comments?post=111085"}],"version-history":[{"count":0,"href":"https:\/\/www.europesays.com\/fi\/wp-json\/wp\/v2\/posts\/111085\/revisions"}],"wp:featuredmedia":[{"embeddable":true,"href":"https:\/\/www.europesays.com\/fi\/wp-json\/wp\/v2\/media\/111086"}],"wp:attachment":[{"href":"https:\/\/www.europesays.com\/fi\/wp-json\/wp\/v2\/media?parent=111085"}],"wp:term":[{"taxonomy":"category","embeddable":true,"href":"https:\/\/www.europesays.com\/fi\/wp-json\/wp\/v2\/categories?post=111085"},{"taxonomy":"post_tag","embeddable":true,"href":"https:\/\/www.europesays.com\/fi\/wp-json\/wp\/v2\/tags?post=111085"}],"curies":[{"name":"wp","href":"https:\/\/api.w.org\/{rel}","templated":true}]}}