{"id":111087,"date":"2025-12-08T17:56:07","date_gmt":"2025-12-08T17:56:07","guid":{"rendered":"https:\/\/www.europesays.com\/fi\/111087\/"},"modified":"2025-12-08T17:56:07","modified_gmt":"2025-12-08T17:56:07","slug":"rsf-joukot-valtasivat-kiistellyn-oljykentan-sudanissa-uutisia-lyhyesti","status":"publish","type":"post","link":"https:\/\/www.europesays.com\/fi\/111087\/","title":{"rendered":"RSF-joukot valtasivat kiistellyn \u00f6ljykent\u00e4n Sudanissa | Uutisia lyhyesti"},"content":{"rendered":"<p>13:21\u2022P\u00e4ivitetty 13:30<\/p>\n<p class=\"aw-1gybjub aw-1p7kakr kEtdKx cEmitX yle__article__paragraph\">Sudanin puolisotilaalliset RSF-joukot ilmoittivat maanantaina vallanneensa Sudanin suurimman \u00f6ljykent\u00e4n.<\/p>\n<p class=\"aw-1gybjub aw-1p7kakr kEtdKx cEmitX yle__article__paragraph\">\u2013 Hegligin \u00f6ljyalueen vapauttaminen on k\u00e4\u00e4nnekohta koko kotimaan vapauttamisessa, RSF sanoi lausunnossaan.<\/p>\n<p class=\"aw-1gybjub aw-1p7kakr kEtdKx cEmitX yle__article__paragraph\">Sudanin armeijan l\u00e4hde vahvisti \u200b\u200bvaltauksen ja kertoi AFP:lle, ett\u00e4 joukot vet\u00e4ytyiv\u00e4t \u201dsuojellakseen \u00f6ljylaitoksia ja est\u00e4\u00e4kseen vahinkoja\u201d.<\/p>\n<p class=\"aw-1gybjub aw-1p7kakr kEtdKx cEmitX yle__article__paragraph\">RSF on sudanilainen puolisotilaallinen joukko, joka taistelee maan hallintoa vastaan.<\/p>\n<p class=\"aw-1gybjub aw-1p7kakr kEtdKx cEmitX yle__article__paragraph\">RSF ajoi armeijan pois viimeisest\u00e4 tukikohdastaan Darfurissa lokakuussa. Taistelujen painopiste on siirtynyt naapurimaakuntaan Kordofaniin.<\/p>\n<p class=\"aw-1gybjub aw-1p7kakr kEtdKx cEmitX yle__article__paragraph\">RSF hallitsee keskeisi\u00e4 \u00f6ljykentti\u00e4 my\u00f6s l\u00e4nness\u00e4.<\/p>\n<p class=\"aw-1gybjub aw-1p7kakr kEtdKx cEmitX yle__article__paragraph\">RSF on k\u00e4ynyt sotaa armeijaa vastaan huhtikuusta 2023. Sodassa on kuollut kymmeni\u00e4tuhansia ihmisi\u00e4. 12 miljoonaa ihmist\u00e4 on joutunut j\u00e4tt\u00e4m\u00e4\u00e4n kotinsa.<\/p>\n<p class=\"aw-1gybjub aw-1p7kakr kEtdKx cEmitX yle__article__paragraph\">Armeijan hallussa on maan pohjois- ja it\u00e4osaa. RSF hallitsee l\u00e4ntt\u00e4 ja liittolaistensa avulla osia etel\u00e4st\u00e4.<\/p>\n<p class=\"aw-1gybjub aw-1p7kakr kEtdKx cEmitX yle__article__paragraph\">AFP, Reuters<\/p>\n","protected":false},"excerpt":{"rendered":"13:21\u2022P\u00e4ivitetty 13:30 Sudanin puolisotilaalliset RSF-joukot ilmoittivat maanantaina vallanneensa Sudanin suurimman \u00f6ljykent\u00e4n. \u2013 Hegligin \u00f6ljyalueen vapauttaminen on k\u00e4\u00e4nnekohta koko&hellip;\n","protected":false},"author":2,"featured_media":74,"comment_status":"","ping_status":"","sticky":false,"template":"","format":"standard","meta":{"footnotes":""},"categories":[14],"tags":[22,23,26,27,33,31,30,17,4258,24,25,28,29,15,18,21,16236,32,19,20,56,16,59,60,61],"class_list":{"0":"post-111087","1":"post","2":"type-post","3":"status-publish","4":"format-standard","5":"has-post-thumbnail","7":"category-ulkomaat","8":"tag-breaking-news","9":"tag-breakingnews","10":"tag-featured-news","11":"tag-featurednews","12":"tag-fi","13":"tag-finland","14":"tag-finnish","15":"tag-headlines","16":"tag-konfliktit","17":"tag-latest-news","18":"tag-latestnews","19":"tag-main-news","20":"tag-mainnews","21":"tag-news","22":"tag-otsikot","23":"tag-paauutiset","24":"tag-sudan","25":"tag-suomi","26":"tag-top-stories","27":"tag-topstories","28":"tag-ulkomaat","29":"tag-uutiset","30":"tag-world","31":"tag-world-news","32":"tag-worldnews"},"share_on_mastodon":{"url":"https:\/\/pubeurope.com\/@fi\/115685240618757059","error":""},"_links":{"self":[{"href":"https:\/\/www.europesays.com\/fi\/wp-json\/wp\/v2\/posts\/111087","targetHints":{"allow":["GET"]}}],"collection":[{"href":"https:\/\/www.europesays.com\/fi\/wp-json\/wp\/v2\/posts"}],"about":[{"href":"https:\/\/www.europesays.com\/fi\/wp-json\/wp\/v2\/types\/post"}],"author":[{"embeddable":true,"href":"https:\/\/www.europesays.com\/fi\/wp-json\/wp\/v2\/users\/2"}],"replies":[{"embeddable":true,"href":"https:\/\/www.europesays.com\/fi\/wp-json\/wp\/v2\/comments?post=111087"}],"version-history":[{"count":0,"href":"https:\/\/www.europesays.com\/fi\/wp-json\/wp\/v2\/posts\/111087\/revisions"}],"wp:featuredmedia":[{"embeddable":true,"href":"https:\/\/www.europesays.com\/fi\/wp-json\/wp\/v2\/media\/74"}],"wp:attachment":[{"href":"https:\/\/www.europesays.com\/fi\/wp-json\/wp\/v2\/media?parent=111087"}],"wp:term":[{"taxonomy":"category","embeddable":true,"href":"https:\/\/www.europesays.com\/fi\/wp-json\/wp\/v2\/categories?post=111087"},{"taxonomy":"post_tag","embeddable":true,"href":"https:\/\/www.europesays.com\/fi\/wp-json\/wp\/v2\/tags?post=111087"}],"curies":[{"name":"wp","href":"https:\/\/api.w.org\/{rel}","templated":true}]}}