{"id":111088,"date":"2025-12-08T17:57:08","date_gmt":"2025-12-08T17:57:08","guid":{"rendered":"https:\/\/www.europesays.com\/fi\/111088\/"},"modified":"2025-12-08T17:57:08","modified_gmt":"2025-12-08T17:57:08","slug":"abc-kylmaaseman-bensiinisailioon-paasi-vetta-seinajoella-eepee-tavoittelee-nyt-asemalla-maanantaina-tankanneita-etela-pohjanmaa","status":"publish","type":"post","link":"https:\/\/www.europesays.com\/fi\/111088\/","title":{"rendered":"ABC-kylm\u00e4aseman bensiinis\u00e4ili\u00f6\u00f6n p\u00e4\u00e4si vett\u00e4 Sein\u00e4joella \u2013 Eepee tavoittelee nyt asemalla maanantaina tankanneita | Etel\u00e4-Pohjanmaa"},"content":{"rendered":"<p class=\"aw-1gybjub aw-5vja16 kEtdKx kmuxyA yle__article__paragraph\">Itikan risteyksess\u00e4 oleva ABC-kylm\u00e4asema suljettiin maanantaiaamuna varotoimena. Illansuussa Eepee tiedotti, ett\u00e4 95E10-tankkaamisesta voi aiheutua autojen k\u00e4yntih\u00e4iri\u00f6it\u00e4.<\/p>\n<p><img decoding=\"async\" alt=\"ABC:ll\u00e4 kaasuvuoto Sein\u00e4joella.\" src=\"https:\/\/www.europesays.com\/fi\/wp-content\/uploads\/2025\/12\/39-15662816936cda4effa8.jpeg\" class=\"aw-1l9m598 hKVVvP\"\/><\/p>\n<p>Avaa kuvien katselu<\/p>\n<p>ABC:n kylm\u00e4asemalla Sein\u00e4joella p\u00e4\u00e4si vett\u00e4 95E10-bensiinis\u00e4ili\u00f6\u00f6n. Bensiinin sekaan p\u00e4\u00e4ssyt vesi voi aiheuttaa autoissa k\u00e4yntih\u00e4iri\u00f6it\u00e4. Kuva: Tuomo M\u00e4enp\u00e4\u00e4 \/ Yle<\/p>\n<p>14:40\u2022P\u00e4ivitetty 18:47<\/p>\n<p class=\"aw-1gybjub aw-1p7kakr kEtdKx cEmitX yle__article__paragraph\">Sein\u00e4joen Itikan risteyksess\u00e4 oleva ABC-kylm\u00e4asema suljettiin aamulla varotoimena. Sulkemisen syy oli tuotelaatuep\u00e4ily.<\/p>\n<p class=\"aw-1gybjub aw-1p7kakr kEtdKx cEmitX yle__article__paragraph\">My\u00f6hemmin maanantaina selvisi, et\u00e4 automaattiasemalla oli sekoittunut vett\u00e4 95E10-bensiinin s\u00e4ili\u00f6\u00f6n, kertoo osuuskauppa Eepeen ryhm\u00e4p\u00e4\u00e4llikk\u00f6 <strong class=\"aw-ak79eh KyCXm yle__article__strong\">Heli Back<\/strong>.<\/p>\n<p class=\"aw-1gybjub aw-1p7kakr kEtdKx cEmitX yle__article__paragraph\">Ongelma havaittiin asiakkapalautteen perusteella ja asema suljettiin v\u00e4litt\u00f6m\u00e4sti.<\/p>\n<p class=\"aw-1gybjub aw-1p7kakr kEtdKx cEmitX yle__article__paragraph\">Backin mukaan usea kylm\u00e4asemalla asioinut otti yhteytt\u00e4 ja kertoi ongelmista autossa tankkauksen j\u00e4lkeen.<\/p>\n<p class=\"aw-1gybjub aw-1p7kakr kEtdKx cEmitX yle__article__paragraph\">Bensiiniin sekoittunut vesi voi aiheuttaa esimerkiksi k\u00e4yntih\u00e4iri\u00f6it\u00e4 ajoneuvoissa, siksi osuuskauppa Eepee tavoitteleekin nyt asemalla 7. joulukuuta kello 10 ja 8. joulukuuta kello 8 v\u00e4lisen\u00e4 aikana asioineita asiakkaita.<\/p>\n<p class=\"aw-1gybjub aw-1p7kakr kEtdKx cEmitX yle__article__paragraph\">My\u00f6s pelastuslaitos kutsuttiin p\u00e4iv\u00e4ll\u00e4 paikalle varotoimena. Pelastuslaitoksen mukaan henkil\u00f6vahinkoja aiheutunut.<\/p>\n<p class=\"aw-1gybjub aw-1p7kakr kEtdKx cEmitX yle__article__paragraph\">Backin mukaan vastaavat ongelmatilanteet ovat hyvin harvinaisia, mutta eiv\u00e4t ainutlaatuisia.<\/p>\n<p class=\"aw-1gybjub aw-1p7kakr kEtdKx cEmitX yle__article__paragraph\">P\u00e4ivitetty 8.12. klo 18.47: P\u00e4ivitetty ongelmien syy ja seuraukset artikkeliin.<\/p>\n","protected":false},"excerpt":{"rendered":"Itikan risteyksess\u00e4 oleva ABC-kylm\u00e4asema suljettiin maanantaiaamuna varotoimena. Illansuussa Eepee tiedotti, ett\u00e4 95E10-tankkaamisesta voi aiheutua autojen k\u00e4yntih\u00e4iri\u00f6it\u00e4. Avaa kuvien&hellip;\n","protected":false},"author":2,"featured_media":111089,"comment_status":"","ping_status":"","sticky":false,"template":"","format":"standard","meta":{"footnotes":""},"categories":[12],"tags":[22,23,1377,20635,26,27,33,31,30,17,20634,24,25,28,29,15,18,21,2328,680,32,19,20,16,1356],"class_list":{"0":"post-111088","1":"post","2":"type-post","3":"status-publish","4":"format-standard","5":"has-post-thumbnail","7":"category-suomi","8":"tag-breaking-news","9":"tag-breakingnews","10":"tag-etela-pohjanmaa","11":"tag-etela-pohjanmaan-osuuskauppa","12":"tag-featured-news","13":"tag-featurednews","14":"tag-fi","15":"tag-finland","16":"tag-finnish","17":"tag-headlines","18":"tag-kylmaasema","19":"tag-latest-news","20":"tag-latestnews","21":"tag-main-news","22":"tag-mainnews","23":"tag-news","24":"tag-otsikot","25":"tag-paauutiset","26":"tag-polttoaineet","27":"tag-seinajoki","28":"tag-suomi","29":"tag-top-stories","30":"tag-topstories","31":"tag-uutiset","32":"tag-yritykset"},"share_on_mastodon":{"url":"https:\/\/pubeurope.com\/@fi\/115685244748423395","error":""},"_links":{"self":[{"href":"https:\/\/www.europesays.com\/fi\/wp-json\/wp\/v2\/posts\/111088","targetHints":{"allow":["GET"]}}],"collection":[{"href":"https:\/\/www.europesays.com\/fi\/wp-json\/wp\/v2\/posts"}],"about":[{"href":"https:\/\/www.europesays.com\/fi\/wp-json\/wp\/v2\/types\/post"}],"author":[{"embeddable":true,"href":"https:\/\/www.europesays.com\/fi\/wp-json\/wp\/v2\/users\/2"}],"replies":[{"embeddable":true,"href":"https:\/\/www.europesays.com\/fi\/wp-json\/wp\/v2\/comments?post=111088"}],"version-history":[{"count":0,"href":"https:\/\/www.europesays.com\/fi\/wp-json\/wp\/v2\/posts\/111088\/revisions"}],"wp:featuredmedia":[{"embeddable":true,"href":"https:\/\/www.europesays.com\/fi\/wp-json\/wp\/v2\/media\/111089"}],"wp:attachment":[{"href":"https:\/\/www.europesays.com\/fi\/wp-json\/wp\/v2\/media?parent=111088"}],"wp:term":[{"taxonomy":"category","embeddable":true,"href":"https:\/\/www.europesays.com\/fi\/wp-json\/wp\/v2\/categories?post=111088"},{"taxonomy":"post_tag","embeddable":true,"href":"https:\/\/www.europesays.com\/fi\/wp-json\/wp\/v2\/tags?post=111088"}],"curies":[{"name":"wp","href":"https:\/\/api.w.org\/{rel}","templated":true}]}}