{"id":111090,"date":"2025-12-08T17:58:08","date_gmt":"2025-12-08T17:58:08","guid":{"rendered":"https:\/\/www.europesays.com\/fi\/111090\/"},"modified":"2025-12-08T17:58:08","modified_gmt":"2025-12-08T17:58:08","slug":"uutta-tietoa-savonlinnan-perhesurman-epaillysta-taustalla-pitka-ja-monipolvinen-rikostausta-etela-savo","status":"publish","type":"post","link":"https:\/\/www.europesays.com\/fi\/111090\/","title":{"rendered":"Uutta tietoa Savonlinnan perhesurman ep\u00e4illyst\u00e4: taustalla pitk\u00e4 ja monipolvinen rikostausta | Etel\u00e4-Savo"},"content":{"rendered":"<p class=\"aw-1gybjub aw-5vja16 kEtdKx kmuxyA yle__article__paragraph\">22-vuotiaalla ep\u00e4illyll\u00e4 on useita tuomioita muun muassa v\u00e4kivaltarikoksista. <\/p>\n<p><img decoding=\"async\" alt=\"Muistokynttil\u00f6it\u00e4 pihamaalla.\" src=\"https:\/\/www.europesays.com\/fi\/wp-content\/uploads\/2025\/12\/39-1565798693574f4c0d88.jpeg\" class=\"aw-1l9m598 hKVVvP\"\/><\/p>\n<p>Avaa kuvien katselu<\/p>\n<p>Itsen\u00e4isyysp\u00e4iv\u00e4n tulipalossa kuolleille oli j\u00e4tetty muistokynttil\u00f6it\u00e4 talon pihamaalle. Kuva: Petri Vironen \/ Yle<\/p>\n<p class=\"aw-1gybjub aw-1p7kakr kEtdKx cEmitX yle__article__paragraph\">Savonlinnan perhesurmasta ep\u00e4ilty nuori mies on tuomittu aiemmin useista v\u00e4kivaltarikoksista Etel\u00e4-Savon k\u00e4r\u00e4j\u00e4oikeudessa.<\/p>\n<p class=\"aw-1gybjub aw-1p7kakr kEtdKx cEmitX yle__article__paragraph\">Itsen\u00e4isyysp\u00e4iv\u00e4n\u00e4 tapahtuneessa<a class=\"aw-iao6s4 iHOxEa yle__article__link\" href=\"https:\/\/yle.fi\/a\/74-20198378\" role=\"link\" rel=\"nofollow noopener\" target=\"_blank\"> tulipalossa kuoli nuori nainen ja ep\u00e4illyn kolme lasta.<\/a> 22-vuotiasta miest\u00e4 ep\u00e4ill\u00e4\u00e4n nelj\u00e4st\u00e4 taposta ja t\u00f6rke\u00e4st\u00e4 tuhoty\u00f6st\u00e4.<\/p>\n<p class=\"aw-1gybjub aw-1p7kakr kEtdKx cEmitX yle__article__paragraph\">Yle on saanut ep\u00e4illyn henkil\u00f6llisyydelle vahvistuksen paikallisyhteis\u00f6st\u00e4.<\/p>\n<p class=\"aw-1gybjub aw-1p7kakr kEtdKx cEmitX yle__article__paragraph\">Ep\u00e4ilty tuomittiin vuonna 2019 nuorena henkil\u00f6n\u00e4 tehdyst\u00e4 raiskauksesta ja nuorena henkil\u00f6n\u00e4 tehdyst\u00e4 t\u00f6rke\u00e4st\u00e4 lapsen seksuaalisesta hyv\u00e4ksik\u00e4yt\u00f6st\u00e4. Uhri oli 14-vuotias.<\/p>\n<p class=\"aw-1gybjub aw-1p7kakr kEtdKx cEmitX yle__article__paragraph\">Tuolloin 16-vuotias ep\u00e4ilty tuomittiin alentuneesti syyntakeisena vuoden ja viiden kuukauden ehdolliseen vankeuteen.<\/p>\n<p class=\"aw-1gybjub aw-1p7kakr kEtdKx cEmitX yle__article__paragraph\">Muita alaik\u00e4isen\u00e4 saatuja Etel\u00e4-Savon k\u00e4r\u00e4j\u00e4oikeuden tuomioita ep\u00e4illyll\u00e4 on nuorena henkil\u00f6n\u00e4 tehdyist\u00e4 ry\u00f6st\u00f6st\u00e4, k\u00e4tkemisrikoksesta, kahdesta pahoinpitelyst\u00e4 ja kahdesta laittomasta uhkauksesta.<\/p>\n<p class=\"aw-1gybjub aw-1p7kakr kEtdKx cEmitX yle__article__paragraph\">N\u00e4m\u00e4 tuomiot liittyv\u00e4t toisiinsa, ja tapauksessa tuomittiin my\u00f6s muita nuoria eri rikoksista. Ep\u00e4ilty sai viiden kuukauden ehdollisen tuomion.<\/p>\n<p class=\"aw-1gybjub aw-1p7kakr kEtdKx cEmitX yle__article__paragraph\">Viimeisin tuomio Etel\u00e4-Savon k\u00e4r\u00e4j\u00e4oikeudessa on t\u00e4m\u00e4n vuoden elokuulta, jolloin mies tuomittiin kulkuneuvon kuljettamisesta oikeudetta ja sai sakkorangaistuksen.<\/p>\n<p>MTV: Ep\u00e4ilty pahoinpiteli tulipalossa kuollutta uhria<\/p>\n<p class=\"aw-1gybjub aw-1p7kakr kEtdKx cEmitX yle__article__paragraph\">MTV:n mukaan mukaan ep\u00e4ilty on tuomittu kev\u00e4\u00e4ll\u00e4 2025 pahoinpitelyst\u00e4, jonka uhrina on lauantaisessa tulipalossa kuollut nainen. Pari oli tuolloin seurustellut.<\/p>\n<p class=\"aw-1gybjub aw-1p7kakr kEtdKx cEmitX yle__article__paragraph\">MTV:n mukaan pahoinpitelysyytteit\u00e4 oli kaksi, ja ne olivat tapahtuneet Mikkeliss\u00e4 ja Savonlinnassa vuosina 2022\u20132023. Mies tuomittiin 60 p\u00e4iv\u00e4sakkoon, mik\u00e4 h\u00e4nen tuloillaan tarkoitti 360 euroa.<\/p>\n<p class=\"aw-1gybjub aw-1p7kakr kEtdKx cEmitX yle__article__paragraph\">Uhrin sosiaalisen median tililt\u00e4 l\u00f6ytyy yhteiskuvia ep\u00e4illyn kanssa ja h\u00e4n on ilmoittanut olevansa t\u00e4m\u00e4n kanssa parisuhteessa joitakin vuosia sitten.<\/p>\n<p class=\"aw-1gybjub aw-1p7kakr kEtdKx cEmitX yle__article__paragraph\"><strong class=\"aw-ak79eh KyCXm yle__article__strong\">Omakotitaloa sammutettiin Savonlinnassa pitk\u00e4lle itsen\u00e4isyysp\u00e4iv\u00e4n iltap\u00e4iv\u00e4\u00e4n:<\/strong><\/p>\n<p>Video: Heikki Haapalainen \/ Yle<\/p>\n","protected":false},"excerpt":{"rendered":"22-vuotiaalla ep\u00e4illyll\u00e4 on useita tuomioita muun muassa v\u00e4kivaltarikoksista. Avaa kuvien katselu Itsen\u00e4isyysp\u00e4iv\u00e4n tulipalossa kuolleille oli j\u00e4tetty muistokynttil\u00f6it\u00e4 talon&hellip;\n","protected":false},"author":2,"featured_media":111091,"comment_status":"","ping_status":"","sticky":false,"template":"","format":"standard","meta":{"footnotes":""},"categories":[5],"tags":[22,23,1284,184,26,27,33,31,30,17,12523,71,4354,24,25,28,29,15,18,21,2944,4454,1726,581,1263,1000,32,19,20,1727,16,37],"class_list":{"0":"post-111090","1":"post","2":"type-post","3":"status-publish","4":"format-standard","5":"has-post-thumbnail","7":"category-otsikot","8":"tag-breaking-news","9":"tag-breakingnews","10":"tag-epaillyt","11":"tag-etela-savo","12":"tag-featured-news","13":"tag-featurednews","14":"tag-fi","15":"tag-finland","16":"tag-finnish","17":"tag-headlines","18":"tag-karajaoikeudet","19":"tag-kotimaa","20":"tag-lasten-seksuaalinen-hyvaksikaytto","21":"tag-latest-news","22":"tag-latestnews","23":"tag-main-news","24":"tag-mainnews","25":"tag-news","26":"tag-otsikot","27":"tag-paauutiset","28":"tag-pahoinpitely","29":"tag-raiskaus","30":"tag-rangaistukset","31":"tag-rikokset","32":"tag-rikosepailyt","33":"tag-savonlinna","34":"tag-suomi","35":"tag-top-stories","36":"tag-topstories","37":"tag-tuomiot","38":"tag-uutiset","39":"tag-vakivaltarikokset"},"share_on_mastodon":{"url":"","error":"Validation failed: Text character limit of 500 exceeded"},"_links":{"self":[{"href":"https:\/\/www.europesays.com\/fi\/wp-json\/wp\/v2\/posts\/111090","targetHints":{"allow":["GET"]}}],"collection":[{"href":"https:\/\/www.europesays.com\/fi\/wp-json\/wp\/v2\/posts"}],"about":[{"href":"https:\/\/www.europesays.com\/fi\/wp-json\/wp\/v2\/types\/post"}],"author":[{"embeddable":true,"href":"https:\/\/www.europesays.com\/fi\/wp-json\/wp\/v2\/users\/2"}],"replies":[{"embeddable":true,"href":"https:\/\/www.europesays.com\/fi\/wp-json\/wp\/v2\/comments?post=111090"}],"version-history":[{"count":0,"href":"https:\/\/www.europesays.com\/fi\/wp-json\/wp\/v2\/posts\/111090\/revisions"}],"wp:featuredmedia":[{"embeddable":true,"href":"https:\/\/www.europesays.com\/fi\/wp-json\/wp\/v2\/media\/111091"}],"wp:attachment":[{"href":"https:\/\/www.europesays.com\/fi\/wp-json\/wp\/v2\/media?parent=111090"}],"wp:term":[{"taxonomy":"category","embeddable":true,"href":"https:\/\/www.europesays.com\/fi\/wp-json\/wp\/v2\/categories?post=111090"},{"taxonomy":"post_tag","embeddable":true,"href":"https:\/\/www.europesays.com\/fi\/wp-json\/wp\/v2\/tags?post=111090"}],"curies":[{"name":"wp","href":"https:\/\/api.w.org\/{rel}","templated":true}]}}