{"id":111096,"date":"2025-12-08T18:17:10","date_gmt":"2025-12-08T18:17:10","guid":{"rendered":"https:\/\/www.europesays.com\/fi\/111096\/"},"modified":"2025-12-08T18:17:10","modified_gmt":"2025-12-08T18:17:10","slug":"hajoaako-assien-pakka-nain-kommentoi-urheilujohtaja","status":"publish","type":"post","link":"https:\/\/www.europesays.com\/fi\/111096\/","title":{"rendered":"Hajoaako \u00c4ssien pakka? N\u00e4in kommentoi urheilujohtaja"},"content":{"rendered":"<p class=\"article-ingress--medium\">Jarno Kultanen kommentoi \u00c4ssien sopimus- ja loukkaantumistilannetta.<\/p>\n<p><img decoding=\"async\" src=\"https:\/\/www.europesays.com\/fi\/wp-content\/uploads\/2025\/12\/1765217830_255_468.jpg\" alt=\"Jan-Mikael J\u00e4rvinen (kuvassa kultakyp\u00e4r\u00e4) l\u00e4htee nelj\u00e4n \u00c4ss\u00e4t-kauden j\u00e4lkeen kotikaupunkiinsa Tampereelle. Konkari on pelannut patapaidassa uransa parasta j\u00e4\u00e4kiekkoa.\" class=\"_Img_1rerz_1\" style=\"aspect-ratio:1.5011727912431587\" loading=\"eager\"\/><\/p>\n<p class=\"article-picture-caption\">Jan-Mikael J\u00e4rvinen (kuvassa kultakyp\u00e4r\u00e4) l\u00e4htee nelj\u00e4n \u00c4ss\u00e4t-kauden j\u00e4lkeen kotikaupunkiinsa Tampereelle. Konkari on pelannut patapaidassa uransa parasta j\u00e4\u00e4kiekkoa. Kuva:\u00a0Tomi Vastam\u00e4ki<\/p>\n<p><a href=\"https:\/\/www.satakunnankansa.fi\/haku\/?query=Harri+Laiho\" rel=\"nofollow noopener\" target=\"_blank\"><\/p>\n<p>Harri Laiho<\/p>\n<p><\/a><\/p>\n<p>19:00<\/p>\n<p class=\"article-body mb-nof-24 px-nof-16\">Pori<\/p>\n<p class=\"article-body mb-nof-24 px-nof-16\">Jos \u00c4ssien viime viikko p\u00e4\u00e4ttyi yll\u00e4tt\u00e4v\u00e4\u00e4n l\u00e4ht\u00f6uutiseen, ei Padan t\u00e4m\u00e4k\u00e4\u00e4n viikko valoisasti alkanut.<\/p>\n<p class=\"article-body mb-nof-24 px-nof-16\">Sunnuntaina julki tulleen maalivahtivalmentaja <a class=\"article-personlink\" href=\"https:\/\/www.satakunnankansa.fi\/haku\/?query=Jaakko%20Rosendahlin\" rel=\"nofollow noopener\" target=\"_blank\">Jaakko Rosendahlin<\/a> l\u00e4hd\u00f6n jatkoksi maanantai tarjosi uutisen joukkueen kapteenin<a class=\"article-personlink\" href=\"https:\/\/www.satakunnankansa.fi\/haku\/?query=%20Jan-Mikael%20J%C3%A4rvisen\" rel=\"nofollow noopener\" target=\"_blank\"> Jan-Mikael J\u00e4rvisen<\/a> siirrosta.<\/p>\n<p class=\"article-body mb-nof-24 px-nof-16\">Lue lis\u00e4\u00e4: <a class=\"article-genericlink\" href=\"https:\/\/www.satakunnankansa.fi\/jaakiekko\/art-2000011675536.html\" rel=\"nofollow noopener\" target=\"_blank\">J\u00e4ttiyll\u00e4tys: Jaakko Rosendahl l\u00e4htee \u00c4ssist\u00e4<\/a><\/p>\n<p>KommentoiIlmoita asiavirheest\u00e4KommentoiIlmoita asiavirheest\u00e4<\/p>\n","protected":false},"excerpt":{"rendered":"Jarno Kultanen kommentoi \u00c4ssien sopimus- ja loukkaantumistilannetta. Jan-Mikael J\u00e4rvinen (kuvassa kultakyp\u00e4r\u00e4) l\u00e4htee nelj\u00e4n \u00c4ss\u00e4t-kauden j\u00e4lkeen kotikaupunkiinsa Tampereelle. Konkari&hellip;\n","protected":false},"author":2,"featured_media":111097,"comment_status":"","ping_status":"","sticky":false,"template":"","format":"standard","meta":{"footnotes":""},"categories":[158],"tags":[33,31,30,80,159,32,160],"class_list":{"0":"post-111096","1":"post","2":"type-post","3":"status-publish","4":"format-standard","5":"has-post-thumbnail","7":"category-urheilu","8":"tag-fi","9":"tag-finland","10":"tag-finnish","11":"tag-satakunnan-kansa","12":"tag-sports","13":"tag-suomi","14":"tag-urheilu"},"share_on_mastodon":{"url":"https:\/\/pubeurope.com\/@fi\/115685323240646449","error":""},"_links":{"self":[{"href":"https:\/\/www.europesays.com\/fi\/wp-json\/wp\/v2\/posts\/111096","targetHints":{"allow":["GET"]}}],"collection":[{"href":"https:\/\/www.europesays.com\/fi\/wp-json\/wp\/v2\/posts"}],"about":[{"href":"https:\/\/www.europesays.com\/fi\/wp-json\/wp\/v2\/types\/post"}],"author":[{"embeddable":true,"href":"https:\/\/www.europesays.com\/fi\/wp-json\/wp\/v2\/users\/2"}],"replies":[{"embeddable":true,"href":"https:\/\/www.europesays.com\/fi\/wp-json\/wp\/v2\/comments?post=111096"}],"version-history":[{"count":0,"href":"https:\/\/www.europesays.com\/fi\/wp-json\/wp\/v2\/posts\/111096\/revisions"}],"wp:featuredmedia":[{"embeddable":true,"href":"https:\/\/www.europesays.com\/fi\/wp-json\/wp\/v2\/media\/111097"}],"wp:attachment":[{"href":"https:\/\/www.europesays.com\/fi\/wp-json\/wp\/v2\/media?parent=111096"}],"wp:term":[{"taxonomy":"category","embeddable":true,"href":"https:\/\/www.europesays.com\/fi\/wp-json\/wp\/v2\/categories?post=111096"},{"taxonomy":"post_tag","embeddable":true,"href":"https:\/\/www.europesays.com\/fi\/wp-json\/wp\/v2\/tags?post=111096"}],"curies":[{"name":"wp","href":"https:\/\/api.w.org\/{rel}","templated":true}]}}