{"id":111108,"date":"2025-12-08T18:36:09","date_gmt":"2025-12-08T18:36:09","guid":{"rendered":"https:\/\/www.europesays.com\/fi\/111108\/"},"modified":"2025-12-08T18:36:09","modified_gmt":"2025-12-08T18:36:09","slug":"rita-niemi-manniselta-paljonpuhuva-analyysi-suhteestaan","status":"publish","type":"post","link":"https:\/\/www.europesays.com\/fi\/111108\/","title":{"rendered":"Rita Niemi-Manniselta paljonpuhuva analyysi suhteestaan"},"content":{"rendered":"<p>            Timo Korhonen\n        <\/p>\n<p class=\"subtitle \">Manniset juhlivat jo 12-vuotiasta parisuhdettaan.<\/p>\n<p class=\"article-content article-content-width !bg-background\">Hyvinvointivalmentajana tunnettu , 46, viett\u00e4\u00e4 parhaillaan perhelomaa Egyptiss\u00e4.<\/p>\n<p class=\"font-weight-bold m-font-weight-bold article-content article-content-width !bg-background\">Mannisten vauvakuume nostatti \u00e4\u00e4nitasoja Reposaaressa:<\/p>\n<p class=\"article-content article-content-width !bg-background\">Rita, h\u00e4nen aviomiehens\u00e4  ja pariskunnan -tyt\u00e4r vaihtoivat viikonloppuna vapaalle ja lenn\u00e4htiv\u00e4t Egyptin l\u00e4mp\u00f6\u00f6n. Perhe on suunnannut talven pimein\u00e4 kuukausina usein etel\u00e4\u00e4n eik\u00e4 t\u00e4m\u00e4 vuosi ole poikkeus.<\/p>\n<p>        <a itemprop=\"url\" href=\"https:\/\/www.seiska.fi\/kotimaa\/oho-aki-manninen-sai-remontin-valmiiksi-juhlisti-syntymaasussaan\/2008829\" rel=\"nofollow noopener\" target=\"_blank\"><\/p>\n<p>\nOho!\n<\/p>\n<p class=\"section-date\">\n        <strong class=\"article-section\" data-section=\"kotimaa\"><br \/>\n            kotimaa<br \/>\n        <\/strong><br \/>\n        2.12. 10:01\n    <\/p>\n<p>Oho! Aki Manninen sai remontin valmiiksi \u2013 juhlisti syntym\u00e4asussaan\n    <\/p>\n<p itemprop=\"description\" class=\"subtitle \">\n    Akin julkaisema kuva koettelee Instagramin rajoja.\n<\/p>\n<p>        <\/a><\/p>\n<p class=\"article-content article-content-width !bg-background\">T\u00e4ll\u00e4 kertaa loman tarkoituksena on heng\u00e4hdystauon lis\u00e4ksi juhlia Ritan ja Akin 12-vuotiasta parisuhdetta.<\/p>\n<p class=\"article-content article-content-width !bg-background\">\u2013 12 vuotta sitten kuulin n\u00e4\u00e4 sanat istuuduttuani mustan Hummerin kyytiin: \u201dM\u00e4 en tarvi sun pikkuhousujasi, m\u00e4 tarvin sun koko el\u00e4m\u00e4n!\u201d Ja se oli sitten menoa!! Rita kirjoittaa tuoreessa Instagram-p\u00e4ivityksess\u00e4\u00e4n.<\/p>\n<p>&#8221;Se toimii meille&#8221;<\/p>\n<p class=\"article-content article-content-width !bg-background\">H\u00e4n kuvailee kaksikon yhteist\u00e4 matkaa huikeaksi, mutta onpa matkan varrelle mahtunut haasteitakin.<\/p>\n<p class=\"article-content article-content-width !bg-background\">\u2013 Meid\u00e4n 12 vuotta on ollut oikeesti ihan huikeeta!!\u00a0Ei t\u00e4ydellist\u00e4, mutta aitoa. Ei tasaista, mutta hemmetin vahvaa. 2 porilaista hullua jotka t\u00f6lv\u00e4isee asiat suoraan. Se toimii meille, Rita analysoi.<\/p>\n<p>        <a itemprop=\"url\" href=\"https:\/\/www.seiska.fi\/kotimaa\/rita-niemi-mannisesta-rikosilmoitus-heittaa-viiltavan-kommentin\/2006418\" rel=\"nofollow noopener\" target=\"_blank\"><\/p>\n<p>\nKohu l\u00e4hti k\u00e4sist\u00e4\n<\/p>\n<p class=\"section-date\">\n        <strong class=\"article-section\" data-section=\"kotimaa\"><br \/>\n            kotimaa<br \/>\n        <\/strong><br \/>\n        28.11. 15:31\n    <\/p>\n<p>Rita Niemi-Mannisesta rikosilmoitus \u2013 heitt\u00e4\u00e4 viilt\u00e4v\u00e4n kommentin\n    <\/p>\n<p itemprop=\"description\" class=\"subtitle \">\n    Rita Niemi-Mannisesta tehtiin rikosilmoitus kommenttikohun my\u00f6t\u00e4.\n<\/p>\n<p>        <\/a><\/p>\n<p class=\"article-content article-content-width !bg-background\">Manniset ovat ahertaneet loppuvuoden aikana tiiviisti vierastalonsa parissa, joka on remontoitu nyt lattiasta kattoon asti. Jo senkin vuoksi loma on tullut selv\u00e4sti tarpeeseen.<\/p>\n<p class=\"italic m-italic article-content article-content-width !bg-background\">\u2013\u00a0Syksy on ollut kovatahtinen remontin keskell\u00e4 ja t\u00e4\u00e4 loma tuli niin oikeaan saumaan: Aurinko, l\u00e4mp\u00f6, meri\u2026 keho ja mieli rentoutuu (syd\u00e4n ja aurinko) Rakastan meit\u00e4. Ja rakastan sua, Aki. Oon niin kiitollinen kaikesta.<\/p>\n<p>Vauvahaaveita<\/p>\n<p class=\"no_italic m-no_italic article-content article-content-width !bg-background\">Akin ja Ritan yhteinen taival alkoi privaatisti, mutta kun pari osallistui Temptation Island Suomen kuvauksiin, he nousivat kaiken kansan tietoisuuteen.<\/p>\n<p>        <a itemprop=\"url\" href=\"https:\/\/www.seiska.fi\/kotimaa\/aki-manninen-taytti-50-ritalta-hulppea-lahja\/2002998\" rel=\"nofollow noopener\" target=\"_blank\"><\/p>\n<p>\nAki Manninen t\u00e4ytti 50\n<\/p>\n<p class=\"section-date\">\n        <strong class=\"article-section\" data-section=\"kotimaa\"><br \/>\n            kotimaa<br \/>\n        <\/strong><br \/>\n        25.11. 12:28\n    <\/p>\n<p>Aki Manninen t\u00e4ytti 50 \u2013 Ritalta hulppea lahja\n    <\/p>\n<p itemprop=\"description\" class=\"subtitle \">\n    Syntt\u00e4reit\u00e4\u00e4n maanantaina juhlinut Aki on saavuttanut miehen i\u00e4n.\n<\/p>\n<p>        <\/a><\/p>\n<p class=\"no_italic m-no_italic article-content article-content-width !bg-background\">Vuonna 2015 pariskunta juhli h\u00e4it\u00e4\u00e4n ja vuonna 2019 he saivat yhdess\u00e4 esikoislapsensa Donnan. Sittemmin Rita on esitt\u00e4nyt toiveensa \u00e4\u00e4neen my\u00f6s toisesta lapsesta, mutta Aki ei ole ollut yht\u00e4 my\u00f6t\u00e4mielinen uutta vauvaa kohtaan.<\/p>\n<p class=\"no_italic m-no_italic article-content article-content-width !bg-background\">Perheeseen kuuluu t\u00e4ll\u00e4 hetkell\u00e4 my\u00f6s Pomo-koira.<\/p>\n","protected":false},"excerpt":{"rendered":"Timo Korhonen Manniset juhlivat jo 12-vuotiasta parisuhdettaan. Hyvinvointivalmentajana tunnettu , 46, viett\u00e4\u00e4 parhaillaan perhelomaa Egyptiss\u00e4. Mannisten vauvakuume nostatti&hellip;\n","protected":false},"author":2,"featured_media":111109,"comment_status":"","ping_status":"","sticky":false,"template":"","format":"standard","meta":{"footnotes":""},"categories":[136],"tags":[5974,407,9350,137,33,31,30,408,1496,7573,651,32,2929,20468,109,11982],"class_list":{"0":"post-111108","1":"post","2":"type-post","3":"status-publish","4":"format-standard","5":"has-post-thumbnail","7":"category-julkkikset","8":"tag-aki-manninen","9":"tag-celebrities","10":"tag-egypti","11":"tag-entertainment","12":"tag-fi","13":"tag-finland","14":"tag-finnish","15":"tag-julkkikset","16":"tag-parisuhde","17":"tag-rita-niemi-manninen","18":"tag-suhteet","19":"tag-suomi","20":"tag-temptation-island-suomi","21":"tag-vauvahaaveet","22":"tag-viihde","23":"tag-vuosipaiva"},"share_on_mastodon":{"url":"https:\/\/pubeurope.com\/@fi\/115685397883928059","error":""},"_links":{"self":[{"href":"https:\/\/www.europesays.com\/fi\/wp-json\/wp\/v2\/posts\/111108","targetHints":{"allow":["GET"]}}],"collection":[{"href":"https:\/\/www.europesays.com\/fi\/wp-json\/wp\/v2\/posts"}],"about":[{"href":"https:\/\/www.europesays.com\/fi\/wp-json\/wp\/v2\/types\/post"}],"author":[{"embeddable":true,"href":"https:\/\/www.europesays.com\/fi\/wp-json\/wp\/v2\/users\/2"}],"replies":[{"embeddable":true,"href":"https:\/\/www.europesays.com\/fi\/wp-json\/wp\/v2\/comments?post=111108"}],"version-history":[{"count":0,"href":"https:\/\/www.europesays.com\/fi\/wp-json\/wp\/v2\/posts\/111108\/revisions"}],"wp:featuredmedia":[{"embeddable":true,"href":"https:\/\/www.europesays.com\/fi\/wp-json\/wp\/v2\/media\/111109"}],"wp:attachment":[{"href":"https:\/\/www.europesays.com\/fi\/wp-json\/wp\/v2\/media?parent=111108"}],"wp:term":[{"taxonomy":"category","embeddable":true,"href":"https:\/\/www.europesays.com\/fi\/wp-json\/wp\/v2\/categories?post=111108"},{"taxonomy":"post_tag","embeddable":true,"href":"https:\/\/www.europesays.com\/fi\/wp-json\/wp\/v2\/tags?post=111108"}],"curies":[{"name":"wp","href":"https:\/\/api.w.org\/{rel}","templated":true}]}}