{"id":111123,"date":"2025-12-08T18:50:10","date_gmt":"2025-12-08T18:50:10","guid":{"rendered":"https:\/\/www.europesays.com\/fi\/111123\/"},"modified":"2025-12-08T18:50:10","modified_gmt":"2025-12-08T18:50:10","slug":"maahanmuuttoon-merkittavia-tiukennuksia-eu-maat-sopivat","status":"publish","type":"post","link":"https:\/\/www.europesays.com\/fi\/111123\/","title":{"rendered":"Maahanmuuttoon merkitt\u00e4vi\u00e4 tiukennuksia \u2013 EU-maat sopivat"},"content":{"rendered":"<p>J\u00e4senmaat saivat sovun siit\u00e4, ett\u00e4 niin sanottuja palautuskeskuksia voi avata EU:n ulkopuolelle.<\/p>\n<p class=\"article-body mb-nof-24 px-nof-16\">EU-maat sopivat maanantaina maahanmuuttoa koskevista tiukennuksista Brysseliss\u00e4 pidetyss\u00e4 sis\u00e4ministerikokouksessa.<\/p>\n<p class=\"article-body mb-nof-24 px-nof-16\">Hyv\u00e4ksytty esitys sis\u00e4lt\u00e4\u00e4 palautuskeskuksien k\u00e4ytt\u00f6\u00f6noton EU:n ulkopuolella. Esityksen mukaan j\u00e4senmaat voisivat palauttaa luvattomasti unionissa oleskelevia ihmisi\u00e4 EU:n ulkopuolisiin maihin, jotka EU on m\u00e4\u00e4ritellyt turvallisiksi. Kyseisten maiden ei tarvitsisi olla siirtolaisten l\u00e4ht\u00f6maita. Niin j\u00e4senmaat itse kuin EU voivat neuvotella n\u00e4ist\u00e4 sopimuksista kolmansien maiden kanssa.<\/p>\n<p class=\"article-body mb-nof-24 px-nof-16\">\u2013\u2009T\u00e4m\u00e4 mahdollistaa j\u00e4senmaille palautuskeskusten perustamisen joko kauttakulkukeskuksiksi, joissa luvattomasti oleskelevien maahanmuuttajien asiat k\u00e4sitell\u00e4\u00e4n ennen heid\u00e4n l\u00e4hett\u00e4mist\u00e4\u00e4n kotimaihinsa, tai laitoksiksi, joissa henkil\u00f6\u00e4 voidaan pit\u00e4\u00e4 pidemm\u00e4n aikaa, Tanskan maahanmuuttoministeri <a class=\"article-personlink\" href=\"https:\/\/www.is.fi\/haku\/?query=Rasmus%20Stoklund\" rel=\"nofollow noopener\" target=\"_blank\">Rasmus Stoklund<\/a> kertoi toimittajille maanantaina.<\/p>\n<p class=\"article-body mb-nof-24 px-nof-16\">EU:n mukaan nykyisin kolme nelj\u00e4st\u00e4 palautusp\u00e4\u00e4t\u00f6ksen saaneesta maahanmuuttajasta j\u00e4\u00e4 unionin alueelle l\u00e4htemisen sijaan.<\/p>\n<p class=\"article-body mb-nof-24 px-nof-16\">Uutistoimisto AFP:n mukaan luvaton maahantulo EU-alueelle on v\u00e4hentynyt 20 prosenttia kuluvana vuonna, mutta EU-maissa on silti koettu painetta palautuksien tehostamiselle. Maahanmuuton tiukennuksia on nopeuttanut entisest\u00e4\u00e4n EU:n puheenjohtajamaa Tanskan perinteisen tiukka linja maahanmuuttoon.<\/p>\n<p class=\"article-body mb-nof-24 px-nof-16\">EU-parlamentin on seuraavaksi hyv\u00e4ksytt\u00e4v\u00e4 esitys.<\/p>\n<p class=\"article-body mb-nof-24 px-nof-16\">Niin sanotut palautuskeskukset ovat oikeudellisesti hyvin vaikea asia. Monet kansalaisj\u00e4rjest\u00f6t ovat kritisoineet niit\u00e4. Muun muassa Amnesty International ja Human Rights Watch varoittivat kes\u00e4ll\u00e4 julkaistussa kansalaisj\u00e4rjest\u00f6jen yhteiskirjeess\u00e4, ett\u00e4 maahanmuuton tiukennukset voivat johtaa laittomiin palautuksiin sek\u00e4 mielivaltaisiin pid\u00e4tyksiin.<\/p>\n<p class=\"article-body mb-nof-24 px-nof-16\">J\u00e4rjest\u00f6t nostivat muun muassa esille, ettei EU:lla ole kyky\u00e4 valvoa riitt\u00e4v\u00e4sti mahdollisia ihmisoikeusloukkauksia unionin ulkopuolella. J\u00e4rjest\u00f6t huomauttavat, ett\u00e4 esimerkiksi Australian ulkorajoilla, joilla vastaava j\u00e4rjestelm\u00e4 on k\u00e4yt\u00f6ss\u00e4, j\u00e4rjestelm\u00e4 on aiheuttanut &#8221;mittaamatonta inhimillist\u00e4 k\u00e4rsimyst\u00e4 ja oikeuksien loukkauksia&#8221;.<\/p>\n<p class=\"article-body mb-nof-24 px-nof-16\">\u2013\u2009Seurauksena syntyy jatkuvia ihmisoikeusloukkauksia, kuten ep\u00e4inhimillist\u00e4 ja halventavaa kohtelua, laiminly\u00f6nti\u00e4, oikeusavun puutetta, erityistarpeiden tunnistamisen ja tuen puutetta sek\u00e4 perheiden erottamista, j\u00e4rjest\u00f6t totesivat.<\/p>\n","protected":false},"excerpt":{"rendered":"J\u00e4senmaat saivat sovun siit\u00e4, ett\u00e4 niin sanottuja palautuskeskuksia voi avata EU:n ulkopuolelle. EU-maat sopivat maanantaina maahanmuuttoa koskevista tiukennuksista&hellip;\n","protected":false},"author":2,"featured_media":111124,"comment_status":"","ping_status":"","sticky":false,"template":"","format":"standard","meta":{"footnotes":""},"categories":[5],"tags":[22,23,26,27,33,31,30,17,34,24,25,28,29,15,18,21,32,19,20,16],"class_list":{"0":"post-111123","1":"post","2":"type-post","3":"status-publish","4":"format-standard","5":"has-post-thumbnail","7":"category-otsikot","8":"tag-breaking-news","9":"tag-breakingnews","10":"tag-featured-news","11":"tag-featurednews","12":"tag-fi","13":"tag-finland","14":"tag-finnish","15":"tag-headlines","16":"tag-ilta-sanomat","17":"tag-latest-news","18":"tag-latestnews","19":"tag-main-news","20":"tag-mainnews","21":"tag-news","22":"tag-otsikot","23":"tag-paauutiset","24":"tag-suomi","25":"tag-top-stories","26":"tag-topstories","27":"tag-uutiset"},"share_on_mastodon":{"url":"https:\/\/pubeurope.com\/@fi\/115685452891319105","error":""},"_links":{"self":[{"href":"https:\/\/www.europesays.com\/fi\/wp-json\/wp\/v2\/posts\/111123","targetHints":{"allow":["GET"]}}],"collection":[{"href":"https:\/\/www.europesays.com\/fi\/wp-json\/wp\/v2\/posts"}],"about":[{"href":"https:\/\/www.europesays.com\/fi\/wp-json\/wp\/v2\/types\/post"}],"author":[{"embeddable":true,"href":"https:\/\/www.europesays.com\/fi\/wp-json\/wp\/v2\/users\/2"}],"replies":[{"embeddable":true,"href":"https:\/\/www.europesays.com\/fi\/wp-json\/wp\/v2\/comments?post=111123"}],"version-history":[{"count":0,"href":"https:\/\/www.europesays.com\/fi\/wp-json\/wp\/v2\/posts\/111123\/revisions"}],"wp:featuredmedia":[{"embeddable":true,"href":"https:\/\/www.europesays.com\/fi\/wp-json\/wp\/v2\/media\/111124"}],"wp:attachment":[{"href":"https:\/\/www.europesays.com\/fi\/wp-json\/wp\/v2\/media?parent=111123"}],"wp:term":[{"taxonomy":"category","embeddable":true,"href":"https:\/\/www.europesays.com\/fi\/wp-json\/wp\/v2\/categories?post=111123"},{"taxonomy":"post_tag","embeddable":true,"href":"https:\/\/www.europesays.com\/fi\/wp-json\/wp\/v2\/tags?post=111123"}],"curies":[{"name":"wp","href":"https:\/\/api.w.org\/{rel}","templated":true}]}}