{"id":111125,"date":"2025-12-08T19:02:09","date_gmt":"2025-12-08T19:02:09","guid":{"rendered":"https:\/\/www.europesays.com\/fi\/111125\/"},"modified":"2025-12-08T19:02:09","modified_gmt":"2025-12-08T19:02:09","slug":"laulaja-mirella-valmistui-ylioppilaaksi-seiska","status":"publish","type":"post","link":"https:\/\/www.europesays.com\/fi\/111125\/","title":{"rendered":"Laulaja Mirella valmistui ylioppilaaksi | Seiska"},"content":{"rendered":"<p>            Timo Korhonen\n        <\/p>\n<p class=\"subtitle \">Mirellalla on aihetta juhlaan.<\/p>\n<p class=\"article-content article-content-width !bg-background\">Laulaja , 20, on saavuttanut merkitt\u00e4v\u00e4n virstanpylv\u00e4\u00e4n.<\/p>\n<p class=\"font-weight-bold m-font-weight-bold article-content article-content-width !bg-background\">Video: Mirella ja Sexmane viihtyv\u00e4t yhdess\u00e4:\u00a0<\/p>\n<p class=\"article-content article-content-width !bg-background\">Suunnattomaan suosioon lyhyess\u00e4 ajassa ponnistanut Mirella on valmistunut ylioppilaaksi. Asia ilmenee Mirellan Instagram-tarinoista, jonne h\u00e4n on <a href=\"https:\/\/www.instagram.com\/stories\/mirellavirallinen\/3780823167980607214\/\" target=\"_blank\" rel=\"nofollow noopener\">julkaissut kuvan itsest\u00e4\u00e4n juhlamekossa, ylioppilaslakki p\u00e4\u00e4ss\u00e4\u00e4n<\/a><\/p>\n<p>Lakki p\u00e4\u00e4h\u00e4n b\u00e4kk\u00e4rill\u00e4<\/p>\n<p class=\"article-content article-content-width !bg-background\">My\u00f6s artistin manageri kertoo iloisen uutisen Instagramissa, ja <a href=\"https:\/\/www.instagram.com\/stories\/mirellavirallinen\/3780900389907152245\/\" target=\"_blank\" rel=\"nofollow noopener\">Mirella on jakanut julkaisun omissa sometarinoissaan<\/a>. Stoorit ovat n\u00e4ht\u00e4viss\u00e4 24 tuntia.\u00a0<\/p>\n<p>        <a itemprop=\"url\" href=\"https:\/\/www.seiska.fi\/katso\/salatut-elamat-nayttelijalta-ilouutisia-ei-ollut-itsestaanselvyys\/2012099\" rel=\"nofollow noopener\" target=\"_blank\"><\/p>\n<p>\nSalatut el\u00e4m\u00e4t\n<\/p>\n<p class=\"section-date\">\n        <strong class=\"article-section\" data-section=\"katso\"><br \/>\n            katso<br \/>\n        <\/strong><br \/>\n        5.12. 07:15\n    <\/p>\n<p>Salatut el\u00e4m\u00e4t -n\u00e4yttelij\u00e4lt\u00e4 ilouutisia: &#8221;Ei ollut itsest\u00e4\u00e4nselvyys&#8221;\n    <\/p>\n<p itemprop=\"description\" class=\"subtitle \">\n    Salkkareissa Vertti\u00e4 n\u00e4yttelev\u00e4 Akseli Sarvilinna sai valkolakin p\u00e4\u00e4h\u00e4ns\u00e4.\n<\/p>\n<p>        <\/a><\/p>\n<p>                <img decoding=\"async\" src=\"https:\/\/www.europesays.com\/fi\/wp-content\/uploads\/2025\/12\/2013449.webp\" width=\"576\" height=\"720\" alt=\"Mirella sai pitk\u00e4n projektinsa maaliin.\" loading=\"lazy\" \/>            <\/p>\n<p>\n            Mirella sai pitk\u00e4n projektinsa maaliin.<br \/>\n            Timo Korhonen\n        <\/p>\n<p class=\"article-content article-content-width !bg-background\">\u2013 T\u00e4\u00e4 tyyppi valmistu t\u00e4n\u00e4\u00e4n ylioppilaaksi! -manageri kirjoittaa julkaisussa.\u00a0<\/p>\n<p class=\"article-content article-content-width !bg-background\">\u2013 Legenda kokeili tietty ekaa kertaa lakkia p\u00e4\u00e4h\u00e4n Tavastian b\u00e4kk\u00e4rill\u00e4, julkaisussa lukee.\u00a0<\/p>\n<p class=\"article-content article-content-width !bg-background\">Sometarinassa komeilee kuva, jossa Mirella hymyilee leve\u00e4sti valkolakki kutreillaan.\u00a0<\/p>\n<p>        <a itemprop=\"url\" href=\"https:\/\/www.seiska.fi\/kotimaa\/mirella-suuri-ilouutinen\/1992584\" rel=\"nofollow noopener\" target=\"_blank\"><\/p>\n<p>\nMirella:\n<\/p>\n<p class=\"section-date\">\n        <strong class=\"article-section\" data-section=\"kotimaa\"><br \/>\n            kotimaa<br \/>\n        <\/strong><br \/>\n        13.11. 16:56\n    <\/p>\n<p>Mirella: Suuri ilouutinen!\n    <\/p>\n<p itemprop=\"description\" class=\"subtitle \">\n    Mirella saavutti merkitt\u00e4v\u00e4n etapin el\u00e4m\u00e4ss\u00e4\u00e4n.\n<\/p>\n<p>        <\/a><\/p>\n<p>Valmistuminen viiv\u00e4styi<\/p>\n<p class=\"article-content article-content-width !bg-background\">Mirella on aiemmin kertonut lukio-opintojensa ja musiikkiuran yhdist\u00e4misen vaikeudesta. Kev\u00e4\u00e4ll\u00e4 2024 <a href=\"https:\/\/www.is.fi\/viihde\/art-2000010286778.html\" target=\"_blank\" rel=\"nofollow noopener\">laulajatar kertoi Ilta-Sanomille lent\u00e4neens\u00e4 ulos filosofian kurssilta<\/a> liiallisten poissaolojen vuoksi.\u00a0<\/p>\n<p class=\"article-content article-content-width !bg-background\">Haastattelussa Mirella paljasti, ett\u00e4 h\u00e4nen tavoitteenaan oli valmistua kev\u00e4\u00e4ll\u00e4 2025. Ihan tuohon p\u00e4\u00e4m\u00e4\u00e4r\u00e4\u00e4n artisti ei siis ylt\u00e4nyt, mutta tutkinnon loppuun saattaminen keikkailun keskell\u00e4 on joka tapauksessa upea saavutus.\u00a0<\/p>\n<p>T\u00e4p\u00e4r\u00e4sti l\u00e4pi<\/p>\n<p class=\"article-content article-content-width !bg-background\">Mirellan joulukuinen valkolakki ei tullut yll\u00e4tyksen\u00e4. Tieto valmistumisesta saapui jo aiemmin syksyll\u00e4. Mirella kertoi lokakuussa sosiaalisessa mediassa p\u00e4\u00e4sseens\u00e4 kirjoituksista l\u00e4pi 4,5 vuoden opintojen j\u00e4lkeen.\u00a0<\/p>\n<p>        <a itemprop=\"url\" href=\"https:\/\/www.seiska.fi\/kotimaa\/mirellalta-odottamaton-tunnustus-ajattelin-anoa-presidentilta-vapautusta\/1917679\" rel=\"nofollow noopener\" target=\"_blank\"><\/p>\n<p>\nMirellalta odottamaton tunnustus\n<\/p>\n<p class=\"section-date\">\n        <strong class=\"article-section\" data-section=\"kotimaa\"><br \/>\n            kotimaa<br \/>\n        <\/strong><br \/>\n        1.9. 20:30\n    <\/p>\n<p>Mirellalta odottamaton tunnustus: &#8221;Ajattelin anoa presidentilt\u00e4 vapautusta&#8221;\n    <\/p>\n<p itemprop=\"description\" class=\"subtitle \">\n    Mirellan nime\u00e4 ei l\u00f6ytynyt kev\u00e4\u00e4ll\u00e4 valmistuneiden ylioppilaiden listalta. Nyt h\u00e4n paljastaa, mist\u00e4 on kysymys.\n<\/p>\n<p>        <\/a><\/p>\n<p class=\"article-content article-content-width !bg-background\">Ilta-Sanomat selvitti tuolloin, <a href=\"https:\/\/www.is.fi\/viihde\/art-2000011626683.html\" target=\"_blank\" rel=\"nofollow noopener\">millaisiin arvosanoihin nuori poppari kirjoituksissaan ylsi<\/a>.\u00a0<\/p>\n<p class=\"article-content article-content-width !bg-background\">Mirella kirjoitti viisi ainetta. \u00c4idinkielest\u00e4\u00e4n ruotsista h\u00e4n sai arvosanaksi A:n, kuin my\u00f6s terveystiedosta ja filosofiasta. Englannin pitk\u00e4st\u00e4 oppim\u00e4\u00e4r\u00e4st\u00e4 Mirella kirjoitti B:n. Toisesta kotimaisesta, siis suomesta, h\u00e4n sai arvosanaksi C:n.\u00a0<\/p>\n<p class=\"article-content article-content-width !bg-background\">A eli Approbatur on alin hyv\u00e4ksytty arvosana. Sit\u00e4 seuraa Lubenter approbatur eli B. Cum laude approbatur eli C on arvosanoista nelj\u00e4nneksi korkein.\u00a0<\/p>\n<p>        <a itemprop=\"url\" href=\"https:\/\/www.seiska.fi\/kotimaa\/poptahti-mirellan-okylomakohde-paljastui-nain-kalliisti-han-yopyy\/1979512\" rel=\"nofollow noopener\" target=\"_blank\"><\/p>\n<p>\nKallis luksushotelli!\n<\/p>\n<p class=\"section-date\">\n        <strong class=\"article-section\" data-section=\"kotimaa\"><br \/>\n            kotimaa<br \/>\n        <\/strong><br \/>\n        1.11. 07:30\n    <\/p>\n<p>Popt\u00e4hti Mirellan \u00f6kylomakohde paljastui \u2013 n\u00e4in kalliisti h\u00e4n y\u00f6pyy\n    <\/p>\n<p itemprop=\"description\" class=\"subtitle \">\n    Mukana lomalla on Mirellan kuvien perusteella my\u00f6s h\u00e4nen rakkaansa Sexmane. Luksushotelliy\u00f6n hinta ly\u00f6 \u00e4llik\u00e4ll\u00e4.\n<\/p>\n<p>        <\/a><\/p>\n<p><script async src=\"\/\/www.instagram.com\/embed.js\"><\/script><\/p>\n","protected":false},"excerpt":{"rendered":"Timo Korhonen Mirellalla on aihetta juhlaan. Laulaja , 20, on saavuttanut merkitt\u00e4v\u00e4n virstanpylv\u00e4\u00e4n. Video: Mirella ja Sexmane viihtyv\u00e4t&hellip;\n","protected":false},"author":2,"featured_media":111126,"comment_status":"","ping_status":"","sticky":false,"template":"","format":"standard","meta":{"footnotes":""},"categories":[136],"tags":[407,137,33,31,30,408,7819,7111,32,16579,20639,109,15474],"class_list":{"0":"post-111125","1":"post","2":"type-post","3":"status-publish","4":"format-standard","5":"has-post-thumbnail","7":"category-julkkikset","8":"tag-celebrities","9":"tag-entertainment","10":"tag-fi","11":"tag-finland","12":"tag-finnish","13":"tag-julkkikset","14":"tag-mirella","15":"tag-musiikkiura","16":"tag-suomi","17":"tag-tavastia","18":"tag-valmistuminen","19":"tag-viihde","20":"tag-ylioppilas"},"share_on_mastodon":{"url":"https:\/\/pubeurope.com\/@fi\/115685500501606442","error":""},"_links":{"self":[{"href":"https:\/\/www.europesays.com\/fi\/wp-json\/wp\/v2\/posts\/111125","targetHints":{"allow":["GET"]}}],"collection":[{"href":"https:\/\/www.europesays.com\/fi\/wp-json\/wp\/v2\/posts"}],"about":[{"href":"https:\/\/www.europesays.com\/fi\/wp-json\/wp\/v2\/types\/post"}],"author":[{"embeddable":true,"href":"https:\/\/www.europesays.com\/fi\/wp-json\/wp\/v2\/users\/2"}],"replies":[{"embeddable":true,"href":"https:\/\/www.europesays.com\/fi\/wp-json\/wp\/v2\/comments?post=111125"}],"version-history":[{"count":0,"href":"https:\/\/www.europesays.com\/fi\/wp-json\/wp\/v2\/posts\/111125\/revisions"}],"wp:featuredmedia":[{"embeddable":true,"href":"https:\/\/www.europesays.com\/fi\/wp-json\/wp\/v2\/media\/111126"}],"wp:attachment":[{"href":"https:\/\/www.europesays.com\/fi\/wp-json\/wp\/v2\/media?parent=111125"}],"wp:term":[{"taxonomy":"category","embeddable":true,"href":"https:\/\/www.europesays.com\/fi\/wp-json\/wp\/v2\/categories?post=111125"},{"taxonomy":"post_tag","embeddable":true,"href":"https:\/\/www.europesays.com\/fi\/wp-json\/wp\/v2\/tags?post=111125"}],"curies":[{"name":"wp","href":"https:\/\/api.w.org\/{rel}","templated":true}]}}