{"id":111194,"date":"2025-12-08T20:27:09","date_gmt":"2025-12-08T20:27:09","guid":{"rendered":"https:\/\/www.europesays.com\/fi\/111194\/"},"modified":"2025-12-08T20:27:09","modified_gmt":"2025-12-08T20:27:09","slug":"nyt-on-asusteella-hintaa-f1-mestari-juhli-poyhkeassa-varustuksessa","status":"publish","type":"post","link":"https:\/\/www.europesays.com\/fi\/111194\/","title":{"rendered":"Nyt on asusteella hintaa! F1-mestari juhli p\u00f6yhke\u00e4ss\u00e4 varustuksessa"},"content":{"rendered":"<p>Lando Norris juhli ansaitusti.<\/p>\n<p><img decoding=\"async\" class=\"image image-show image-preview\" src=\"https:\/\/www.europesays.com\/fi\/wp-content\/uploads\/2025\/12\/6ad1cc4d5b0fea24bd5803691864efd449a575f1dd40b637edd283d848545a22.jpg\" alt=\"\"\/><img decoding=\"async\" class=\"image image-show\" src=\"https:\/\/www.europesays.com\/fi\/wp-content\/uploads\/2025\/12\/1765225629_415_6ad1cc4d5b0fea24bd5803691864efd449a575f1dd40b637edd283d848545a22.jpg\" alt=\"\"\/><\/p>\n<p>Kellon oikealla puolella Norrisin ajoasun hihassa lukee kellon valmistajan nimi. AOP<\/p>\n<p class=\"paragraph\"><strong>Lando Norris<\/strong> voitti sunnuntaina F1:n maailmanmestaruuden, kun h\u00e4n kaasutteli kauden p\u00e4\u00e4t\u00f6skilpailussa kolmanneksi. Se riitti kahden MM-pisteen erolla mestaruuteen ennen <strong>Max Verstappenia<\/strong>.<\/p>\n<p class=\"paragraph\">Varsin pian mestaruuden ratkettua McLarenin t\u00e4htikuski aloitti villit juhlat.<\/p>\n<p class=\"paragraph\">Pirskeist\u00e4 on raportoitu kansainv\u00e4lisess\u00e4 mediassa paljon, ja sveitsil\u00e4ismedia Blick bongasi mielenkiintoisen yksityiskohdan tuoreen maailmanmestarin juhla-asukokonaisuudessa.<\/p>\n<p class=\"paragraph\">26-vuotias kuljettaja nautti mestaruudestaan sveitsil\u00e4isen kelloja valmistavan yrityksen Richard Millen \u00f6kytiuku ranteessaan.<\/p>\n<p class=\"paragraph\">\u2013 Norris juhlii mestaruutta p\u00f6yhke\u00e4n kalliissa sveitsil\u00e4iskellossa, <a href=\"https:\/\/www.blick.ch\/sport\/formel1\/sie-kostet-ein-vermoegen-norris-feiert-wm-titel-mit-suendhaft-teurer-uhr-aus-der-schweiz-id21497945.html\" rel=\"noopener nofollow\" target=\"_blank\">Blick<\/a> mylvi otsikossaan.<\/p>\n<p class=\"paragraph\">RM 72-01 -mallin kellolla on hintaa reilusti yli 400 000 euroa, tarkalleen ottaen noin 430 000. Kyseisen mallin White Cheramic -kello on eritt\u00e4in rajoitetusti saatavilla.<\/p>\n<p class=\"paragraph\">Voit n\u00e4hd\u00e4 tarkempia kuvia kellosta valmistajan <a href=\"https:\/\/www.richardmille.com\/collections\/rm-72-01-automatic-flyback-chronograph\" rel=\"noopener nofollow\" target=\"_blank\">sivuilta<\/a>.<\/p>\n<p class=\"paragraph\">Timantteja \u00f6kykellossa ei ole, vaan valmistaja kertoo hinnan koostuvan muun muassa uniikista muotoilusta, monimutkaisesta rakenteesta ja teknologisesta tasokkuudesta.<\/p>\n<p class=\"paragraph\">Max Verstappen voitti Abu Dhabin p\u00e4\u00e4t\u00f6skilpailun, mutta mestaruus ei ollut h\u00e4nen omissa k\u00e4siss\u00e4\u00e4n. Jos Norris olisi sijoittunut nelj\u00e4nneksi, Verstappen olisi kruunattu mestariksi.<\/p>\n<p class=\"paragraph\">Brittikiit\u00e4j\u00e4 piti p\u00e4\u00e4ns\u00e4 kasassa ja ajoi hallitusti podiumille ja mestaruuteen. Kilpailun toiseksi ajoi McLarenin <strong>Oscar Piastri<\/strong>.<\/p>\n<p>Lando Norris juhli voittoa kello vasemmassa ranteessaan. ZumaWire \/ MVPHOTOS<\/p>\n<p>Lando Norris juhli t\u00e4ysi\u00e4. AOP<\/p>\n","protected":false},"excerpt":{"rendered":"Lando Norris juhli ansaitusti. Kellon oikealla puolella Norrisin ajoasun hihassa lukee kellon valmistajan nimi. AOP Lando Norris voitti&hellip;\n","protected":false},"author":2,"featured_media":111195,"comment_status":"","ping_status":"","sticky":false,"template":"","format":"standard","meta":{"footnotes":""},"categories":[158],"tags":[35,648,2810,33,31,30,3437,83,2811,159,32,160],"class_list":{"0":"post-111194","1":"post","2":"type-post","3":"status-publish","4":"format-standard","5":"has-post-thumbnail","7":"category-urheilu","8":"tag-24h","9":"tag-autot","10":"tag-autourheilu-ja-urheiluautot","11":"tag-fi","12":"tag-finland","13":"tag-finnish","14":"tag-formula-1","15":"tag-moottoriurheilu","16":"tag-rata-autoilu","17":"tag-sports","18":"tag-suomi","19":"tag-urheilu"},"share_on_mastodon":{"url":"https:\/\/pubeurope.com\/@fi\/115685834626173665","error":""},"_links":{"self":[{"href":"https:\/\/www.europesays.com\/fi\/wp-json\/wp\/v2\/posts\/111194","targetHints":{"allow":["GET"]}}],"collection":[{"href":"https:\/\/www.europesays.com\/fi\/wp-json\/wp\/v2\/posts"}],"about":[{"href":"https:\/\/www.europesays.com\/fi\/wp-json\/wp\/v2\/types\/post"}],"author":[{"embeddable":true,"href":"https:\/\/www.europesays.com\/fi\/wp-json\/wp\/v2\/users\/2"}],"replies":[{"embeddable":true,"href":"https:\/\/www.europesays.com\/fi\/wp-json\/wp\/v2\/comments?post=111194"}],"version-history":[{"count":0,"href":"https:\/\/www.europesays.com\/fi\/wp-json\/wp\/v2\/posts\/111194\/revisions"}],"wp:featuredmedia":[{"embeddable":true,"href":"https:\/\/www.europesays.com\/fi\/wp-json\/wp\/v2\/media\/111195"}],"wp:attachment":[{"href":"https:\/\/www.europesays.com\/fi\/wp-json\/wp\/v2\/media?parent=111194"}],"wp:term":[{"taxonomy":"category","embeddable":true,"href":"https:\/\/www.europesays.com\/fi\/wp-json\/wp\/v2\/categories?post=111194"},{"taxonomy":"post_tag","embeddable":true,"href":"https:\/\/www.europesays.com\/fi\/wp-json\/wp\/v2\/tags?post=111194"}],"curies":[{"name":"wp","href":"https:\/\/api.w.org\/{rel}","templated":true}]}}