{"id":111200,"date":"2025-12-08T20:32:10","date_gmt":"2025-12-08T20:32:10","guid":{"rendered":"https:\/\/www.europesays.com\/fi\/111200\/"},"modified":"2025-12-08T20:32:10","modified_gmt":"2025-12-08T20:32:10","slug":"euroopassa-leviava-tappava-tartuntatauti-mahdollisesti-laboratoriosta-peraisin","status":"publish","type":"post","link":"https:\/\/www.europesays.com\/fi\/111200\/","title":{"rendered":"Euroopassa levi\u00e4v\u00e4 tappava tartuntatauti mahdollisesti laboratoriosta per\u00e4isin"},"content":{"rendered":"<p>Kataloniassa levi\u00e4v\u00e4 afrikkalainen sikarutto voi olla per\u00e4isin laboratoriosta.<\/p>\n<p><img decoding=\"async\" class=\"image image-show image-preview\" src=\"https:\/\/www.europesays.com\/fi\/wp-content\/uploads\/2025\/12\/8f8e4bceb0ce9450aebf576dd1754d48e1aa49bb86474d2459ee15a4f198cdff.jpg\" alt=\"\"\/><img decoding=\"async\" class=\"image image-show\" src=\"https:\/\/www.europesays.com\/fi\/wp-content\/uploads\/2025\/12\/1765225930_316_8f8e4bceb0ce9450aebf576dd1754d48e1aa49bb86474d2459ee15a4f198cdff.jpg\" alt=\"\"\/><\/p>\n<p>Espanjan armeijan h\u00e4t\u00e4yksik\u00f6n (UME) j\u00e4senet desinfioivat ajoneuvoa Torreferrusan el\u00e4inkeskuksen ulkopuolella Santa Perpetua de Mogodassa Kataloniassa 4. joulukuuta. EPA \/ AOP<\/p>\n<p class=\"paragraph\">Espanjan viranomaiset tutkivat viitt\u00e4 laboratoriota selvitt\u00e4ess\u00e4\u00e4n Kataloniassa marraskuussa ilmenneen afrikkalaisen sikaruton alkuper\u00e4\u00e4.<\/p>\n<p class=\"paragraph\">Tutkinta k\u00e4ynnistyi sen j\u00e4lkeen, kun Espanjan maatalousministeri\u00f6 ilmoitti perjantaina viruksen olevan hyvin samankaltainen kuin laboratorioissa yleisesti k\u00e4ytetty testikanta.<\/p>\n<p class=\"paragraph\">Uutistoimisto AFP:n mukaan Espanja on l\u00e4hett\u00e4nyt kymmeni\u00e4 sotilaita avustamaan taudin levi\u00e4misen kartoittamisessa ja rajoittamisessa. Kataloniassa on todettu marraskuun lopusta l\u00e4htien 13 tautitapausta villisioissa.<\/p>\n<p class=\"paragraph\">Tautiaalto on johtanut siihen, ett\u00e4 noin kolmannes Espanjan sianlihatuotteita tuovista noin sadasta maasta on varotoimena keskeytt\u00e4nyt tuonnin.<\/p>\n<p class=\"paragraph\">Katalonian aluejohtaja <a href=\"https:\/\/www.iltalehti.fi\/henkilot\/Salvador Illa\" class=\"article-link-person-page\" rel=\"nofollow noopener\" target=\"_blank\">Salvador Illa<\/a> kertoi, ett\u00e4 tutkittavat laboratoriot sijaitsevat 20 kilometrin s\u00e4teell\u00e4 tartunta-alueesta.<\/p>\n<p class=\"paragraph\">Illan mukaan riskivy\u00f6hykkeell\u00e4 olevilla maatiloilla on noin 80 000 sikaa, mutta toistaiseksi tautia ei ole tiloilla todettu.<\/p>\n<p class=\"paragraph\">Kyseess\u00e4 on Espanjan ensimm\u00e4inen afrikkalaisen sikaruton puhkeaminen sitten vuoden 1994.<\/p>\n<p class=\"paragraph\">Espanja on EU:n suurin siantuottaja, ja maatalousministeri\u00f6n mukaan espanjalaisen sianlihan viennin arvo on noin 8,8 miljardia euroa vuodessa.<\/p>\n<p class=\"paragraph\">Afrikkalainen sikarutto ei tartu ihmisiin, mutta se levi\u00e4\u00e4 helposti ja on sioille tappava.<\/p>\n","protected":false},"excerpt":{"rendered":"Kataloniassa levi\u00e4v\u00e4 afrikkalainen sikarutto voi olla per\u00e4isin laboratoriosta. Espanjan armeijan h\u00e4t\u00e4yksik\u00f6n (UME) j\u00e4senet desinfioivat ajoneuvoa Torreferrusan el\u00e4inkeskuksen ulkopuolella&hellip;\n","protected":false},"author":2,"featured_media":111201,"comment_status":"","ping_status":"","sticky":false,"template":"","format":"standard","meta":{"footnotes":""},"categories":[14],"tags":[35,22,23,404,26,27,33,31,30,17,766,24,25,72,28,29,15,18,21,32,767,19,20,56,16,59,60,61,534],"class_list":{"0":"post-111200","1":"post","2":"type-post","3":"status-publish","4":"format-standard","5":"has-post-thumbnail","7":"category-ulkomaat","8":"tag-24h","9":"tag-breaking-news","10":"tag-breakingnews","11":"tag-elaimet","12":"tag-featured-news","13":"tag-featurednews","14":"tag-fi","15":"tag-finland","16":"tag-finnish","17":"tag-headlines","18":"tag-koronavirus","19":"tag-latest-news","20":"tag-latestnews","21":"tag-luonto","22":"tag-main-news","23":"tag-mainnews","24":"tag-news","25":"tag-otsikot","26":"tag-paauutiset","27":"tag-suomi","28":"tag-tartuntataudit","29":"tag-top-stories","30":"tag-topstories","31":"tag-ulkomaat","32":"tag-uutiset","33":"tag-world","34":"tag-world-news","35":"tag-worldnews","36":"tag-ymparisto-ja-luonto"},"share_on_mastodon":{"url":"https:\/\/pubeurope.com\/@fi\/115685854376256543","error":""},"_links":{"self":[{"href":"https:\/\/www.europesays.com\/fi\/wp-json\/wp\/v2\/posts\/111200","targetHints":{"allow":["GET"]}}],"collection":[{"href":"https:\/\/www.europesays.com\/fi\/wp-json\/wp\/v2\/posts"}],"about":[{"href":"https:\/\/www.europesays.com\/fi\/wp-json\/wp\/v2\/types\/post"}],"author":[{"embeddable":true,"href":"https:\/\/www.europesays.com\/fi\/wp-json\/wp\/v2\/users\/2"}],"replies":[{"embeddable":true,"href":"https:\/\/www.europesays.com\/fi\/wp-json\/wp\/v2\/comments?post=111200"}],"version-history":[{"count":0,"href":"https:\/\/www.europesays.com\/fi\/wp-json\/wp\/v2\/posts\/111200\/revisions"}],"wp:featuredmedia":[{"embeddable":true,"href":"https:\/\/www.europesays.com\/fi\/wp-json\/wp\/v2\/media\/111201"}],"wp:attachment":[{"href":"https:\/\/www.europesays.com\/fi\/wp-json\/wp\/v2\/media?parent=111200"}],"wp:term":[{"taxonomy":"category","embeddable":true,"href":"https:\/\/www.europesays.com\/fi\/wp-json\/wp\/v2\/categories?post=111200"},{"taxonomy":"post_tag","embeddable":true,"href":"https:\/\/www.europesays.com\/fi\/wp-json\/wp\/v2\/tags?post=111200"}],"curies":[{"name":"wp","href":"https:\/\/api.w.org\/{rel}","templated":true}]}}