{"id":111204,"date":"2025-12-08T20:34:09","date_gmt":"2025-12-08T20:34:09","guid":{"rendered":"https:\/\/www.europesays.com\/fi\/111204\/"},"modified":"2025-12-08T20:34:09","modified_gmt":"2025-12-08T20:34:09","slug":"hallituksen-metsastysluonnokseen-ui-paha-virhe-saukko-ilta-sanomat","status":"publish","type":"post","link":"https:\/\/www.europesays.com\/fi\/111204\/","title":{"rendered":"Hallituksen mets\u00e4stysluonnokseen ui paha virhe \u2013 saukko! &#8211; Ilta-Sanomat"},"content":{"rendered":"<ol>\n<li><a href=\"https:\/\/news.google.com\/rss\/articles\/CBMiYEFVX3lxTE1IQnZWd1VvSU1jdk9vM2pFSl9pc01RUlJZdWYyUmpxamd6QUhrYlEtYlFxdGZhNkUzdndHczg5bWc5RlRNVUdJNjd2MXpPMlpkZDFsQlhGS0ktbUNxY0dWUg?oc=5\" target=\"_blank\" rel=\"nofollow noopener\">Hallituksen mets\u00e4stysluonnokseen ui paha virhe \u2013 saukko!<\/a>&nbsp;&nbsp;Ilta-Sanomat<\/li>\n<li><a href=\"https:\/\/news.google.com\/rss\/articles\/CBMiiAFBVV95cUxPTl84VFVyaEF1TGFmM3Vnc2tYeDR3dEY3dkgzUWJtWG5DOUVHY3MwM1lmbjc0WGNIS0IwMG1aaHRSY3luOEZ6allrWkx2SHZMME1GTk55YS14QzdPdDAyNnpqdEwwcllrT1hMMExvY3EycWZpSGdUZGt4RnR0NllMWXJXZmF5RjZD?oc=5\" target=\"_blank\" rel=\"nofollow noopener\">Hallitus ei olekaan helpottamassa saukon mets\u00e4styst\u00e4<\/a>&nbsp;&nbsp;Kaleva<\/li>\n<li><a href=\"https:\/\/news.google.com\/rss\/articles\/CBMiQkFVX3lxTFAzMU5OU1YtT2V2cjFIekNWNmZLa0hYQ1EtY1g2UkNVS2hndEkzVmozTUJfWWR3THprb0gzYWRjd3l1dw?oc=5\" target=\"_blank\" rel=\"nofollow noopener\">IS: Hallituspuolueet haluavat helpottaa my\u00f6s saukon, ilveksen ja karhun mets\u00e4styst\u00e4<\/a>&nbsp;&nbsp;Yle<\/li>\n<li><a href=\"https:\/\/news.google.com\/rss\/articles\/CBMiW0FVX3lxTE1VdjhBSFhTQklERElCakZvOUR4c01UcGdfSHFFWWxwMm1iYk5DRFN4eWo2ejhQSmZNREhnbjI0Rl9seExvVkRUaVF0OHIteWF2clFkN3U1dW5Hc28?oc=5\" target=\"_blank\" rel=\"nofollow noopener\">HS:n n\u00e4kem\u00e4t s\u00e4hk\u00f6postit paljastavat, miten Mets\u00e4st\u00e4j\u00e4liitto lobbasi ministeri\u00f6t\u00e4 sudenmets\u00e4styksen aloittamiseksi<\/a>&nbsp;&nbsp;HS.fi<\/li>\n<li><a href=\"https:\/\/news.google.com\/rss\/articles\/CBMigAJBVV95cUxQZUoyVU1MN1lXWVpNalN2UTRhTlUxX194aFhndE5LUVZ5cWcxU3czX19LeWhib3Q5MnZSNTZ3a2c2ZmRTYnpyTFp6VXlzM1gyNlNpQWV1dFd1TElCQlEtVDVBX1NNSmxmSFBJRWVobGlCRW5ncTdrbF9tM1JzSzFzYVYtbkh6d0pPalloZ2dmT3M0Z1BzUDZtdDJXcTFlSFVlRV80SkM0VmhObS1INHlhQ0ZKUVpZaHEzdFNDR05HanpRc2E5RC01aEJWRHYzODdOeGYyaUpBd3lheUQxdzQ4aWo3WnpFMTQ1OE9qLVdsTEMyajI0V1QxekJkQ2dFeVk1?oc=5\" target=\"_blank\" rel=\"nofollow noopener\">Hallitus haluaa sallia ilveksen, karhun ja saukon mets\u00e4styksen suden lis\u00e4ksi<\/a>&nbsp;&nbsp;mtvuutiset.fi<\/li>\n<\/ol>\n","protected":false},"excerpt":{"rendered":"Hallituksen mets\u00e4stysluonnokseen ui paha virhe \u2013 saukko!&nbsp;&nbsp;Ilta-Sanomat Hallitus ei olekaan helpottamassa saukon mets\u00e4styst\u00e4&nbsp;&nbsp;Kaleva IS: Hallituspuolueet haluavat helpottaa my\u00f6s&hellip;\n","protected":false},"author":2,"featured_media":111205,"comment_status":"","ping_status":"","sticky":false,"template":"","format":"standard","meta":{"footnotes":""},"categories":[5],"tags":[22,23,26,27,33,31,30,17,34,24,25,28,29,15,18,21,32,19,20,16],"class_list":{"0":"post-111204","1":"post","2":"type-post","3":"status-publish","4":"format-standard","5":"has-post-thumbnail","7":"category-otsikot","8":"tag-breaking-news","9":"tag-breakingnews","10":"tag-featured-news","11":"tag-featurednews","12":"tag-fi","13":"tag-finland","14":"tag-finnish","15":"tag-headlines","16":"tag-ilta-sanomat","17":"tag-latest-news","18":"tag-latestnews","19":"tag-main-news","20":"tag-mainnews","21":"tag-news","22":"tag-otsikot","23":"tag-paauutiset","24":"tag-suomi","25":"tag-top-stories","26":"tag-topstories","27":"tag-uutiset"},"share_on_mastodon":{"url":"https:\/\/pubeurope.com\/@fi\/115685861810721476","error":""},"_links":{"self":[{"href":"https:\/\/www.europesays.com\/fi\/wp-json\/wp\/v2\/posts\/111204","targetHints":{"allow":["GET"]}}],"collection":[{"href":"https:\/\/www.europesays.com\/fi\/wp-json\/wp\/v2\/posts"}],"about":[{"href":"https:\/\/www.europesays.com\/fi\/wp-json\/wp\/v2\/types\/post"}],"author":[{"embeddable":true,"href":"https:\/\/www.europesays.com\/fi\/wp-json\/wp\/v2\/users\/2"}],"replies":[{"embeddable":true,"href":"https:\/\/www.europesays.com\/fi\/wp-json\/wp\/v2\/comments?post=111204"}],"version-history":[{"count":0,"href":"https:\/\/www.europesays.com\/fi\/wp-json\/wp\/v2\/posts\/111204\/revisions"}],"wp:featuredmedia":[{"embeddable":true,"href":"https:\/\/www.europesays.com\/fi\/wp-json\/wp\/v2\/media\/111205"}],"wp:attachment":[{"href":"https:\/\/www.europesays.com\/fi\/wp-json\/wp\/v2\/media?parent=111204"}],"wp:term":[{"taxonomy":"category","embeddable":true,"href":"https:\/\/www.europesays.com\/fi\/wp-json\/wp\/v2\/categories?post=111204"},{"taxonomy":"post_tag","embeddable":true,"href":"https:\/\/www.europesays.com\/fi\/wp-json\/wp\/v2\/tags?post=111204"}],"curies":[{"name":"wp","href":"https:\/\/api.w.org\/{rel}","templated":true}]}}