{"id":111208,"date":"2025-12-08T20:53:08","date_gmt":"2025-12-08T20:53:08","guid":{"rendered":"https:\/\/www.europesays.com\/fi\/111208\/"},"modified":"2025-12-08T20:53:08","modified_gmt":"2025-12-08T20:53:08","slug":"joukkuekaverilta-rahaa-varastanut-julia-simon-palaa-maailmancupiin-saattaa-hiihtaa-viestissa-uhrinsa-kanssa-urheilua-lyhyesti","status":"publish","type":"post","link":"https:\/\/www.europesays.com\/fi\/111208\/","title":{"rendered":"Joukkue\u00adkaverilta rahaa varastanut Julia Simon palaa maailmancupiin \u2013 saattaa hiiht\u00e4\u00e4 viestiss\u00e4 uhrinsa kanssa | Urheilua lyhyesti"},"content":{"rendered":"<p class=\"aw-1gybjub aw-5vja16 kEtdKx kmuxyA yle__article__paragraph\">Julia Simonin nimi on Ranskan nime\u00e4m\u00e4ss\u00e4 joukkueessa ampumahiihdon maailmancupiin tulevana viikonloppuna It\u00e4vallan Hochfilzenissa.<\/p>\n<p><img decoding=\"async\" alt=\"Ampumahiiht\u00e4j\u00e4 maalissa Ranskan lipun kanssa.\" src=\"https:\/\/www.europesays.com\/fi\/wp-content\/uploads\/2025\/12\/39-156653369371d8aafca8.jpeg\" class=\"aw-1l9m598 hKVVvP\"\/><\/p>\n<p>Avaa kuvien katselu<\/p>\n<p>Julia Simon ankkuroi Ranskan ampumahiihdon MM-viestikultaan Lenzerheidess\u00e4 2025. Kuva: Martin Divisek \/ EPA<\/p>\n<p class=\"aw-1gybjub aw-1p7kakr kEtdKx cEmitX yle__article__paragraph\">Joukkuetovereiltaan rahaa varastanut ranskalainen <strong class=\"aw-ak79eh KyCXm yle__article__strong\">Julia Simon<\/strong> palaa kilpailemaan ampumahiihdon maailmancupiin tulevana viikonloppuna It\u00e4vallan Hochfilzenissa. Simonin nimi l\u00f6ytyy Ranskan maanantaina ilmoittaman <a class=\"aw-iao6s4 iHOxEa yle__article__link\" href=\"https:\/\/ffs.fr\/selections\/coupe-du-monde-de-biathlon-a-hochfilzen-2\/\" role=\"link\" rel=\"nofollow noopener\" target=\"_blank\">joukkueen kokoonpanosta<\/a>.<\/p>\n<p class=\"aw-1gybjub aw-1p7kakr kEtdKx cEmitX yle__article__paragraph\">Simon sai Ranskan hiihtoliiton kurinpitolautakunnalta marraskuun alkupuolella kuuden kuukauden <a class=\"aw-iao6s4 iHOxEa yle__article__link\" href=\"https:\/\/yle.fi\/a\/74-20192687\" role=\"link\" rel=\"nofollow noopener\" target=\"_blank\">kilpailukiellon<\/a>, josta viisi kuukautta oli ehdollista. Ehdollisuuden tarkempia yksityiskohtia ei kerrottu julkisuuteen.<\/p>\n<p class=\"aw-1gybjub aw-1p7kakr kEtdKx cEmitX yle__article__paragraph\">Kilpailukielto oli seurausta Simonin lokakuun lopulla saamasta rikostuomiosta. H\u00e4net tuomittiin joukkueensa j\u00e4seniin kohdistuneesta <a class=\"aw-iao6s4 iHOxEa yle__article__link\" href=\"https:\/\/yle.fi\/a\/74-20190326\" role=\"link\" rel=\"nofollow noopener\" target=\"_blank\">petoksesta ja varkaudesta<\/a> kolmen kuukauden ehdolliseen vankeuteen ja 15\u00a0000 euron sakkoihin.<\/p>\n<p class=\"aw-1gybjub aw-1p7kakr kEtdKx cEmitX yle__article__paragraph\">Yksi rikoksen uhreista oli Ranskan toinen ampumahiihtot\u00e4hti <strong class=\"aw-ak79eh KyCXm yle__article__strong\">Justine Braisaz-Bouchet<\/strong>, jonka luottokortilla Simon oli tehnyt verkko-ostoksia ilman lupaa. Tutkijat uskovat Simonin huijanneen my\u00f6s kahta muuta henkil\u00f6\u00e4, joista toinen on Ranskan joukkueen fysioterapeutti. Teot tapahtuivat kes\u00e4ll\u00e4 2022.<\/p>\n<p class=\"aw-1gybjub aw-1p7kakr kEtdKx cEmitX yle__article__paragraph\">Simon on kymmenkertainen maailmanmestari. Viime kev\u00e4\u00e4n MM-kisoissa Sveitsin Lenzerheidess\u00e4 h\u00e4n nappasi nelj\u00e4 kultaa. Simon on yksi suurimmista suosikeista Milano-Cortinan talviolympialaisiin.<\/p>\n<p class=\"aw-1gybjub aw-1p7kakr kEtdKx cEmitX yle__article__paragraph\">My\u00f6s Braisaz-Bouchet valittiin It\u00e4vallan maailmancupin joukkueeseen, joten kaksikko saattaa hiiht\u00e4\u00e4 viestiss\u00e4 samassa joukkueessa lauantaina 13. joulukuuta.<\/p>\n<p class=\"aw-1gybjub aw-1p7kakr kEtdKx cEmitX yle__article__paragraph\"><a class=\"aw-iao6s4 iHOxEa yle__article__link\" href=\"https:\/\/areena.yle.fi\/1-3863007\" role=\"link\" rel=\"nofollow noopener\" target=\"_blank\">Yle n\u00e4ytt\u00e4\u00e4 kauden 2025\u20132026 ampumahiihdon maailmancupin kaikki osakilpailut kanavillaan<\/a>.<\/p>\n","protected":false},"excerpt":{"rendered":"Julia Simonin nimi on Ranskan nime\u00e4m\u00e4ss\u00e4 joukkueessa ampumahiihdon maailmancupiin tulevana viikonloppuna It\u00e4vallan Hochfilzenissa. Avaa kuvien katselu Julia Simon&hellip;\n","protected":false},"author":2,"featured_media":111209,"comment_status":"","ping_status":"","sticky":false,"template":"","format":"standard","meta":{"footnotes":""},"categories":[158],"tags":[2094,33,31,30,15630,13181,159,32,160],"class_list":{"0":"post-111208","1":"post","2":"type-post","3":"status-publish","4":"format-standard","5":"has-post-thumbnail","7":"category-urheilu","8":"tag-ampumahiihto","9":"tag-fi","10":"tag-finland","11":"tag-finnish","12":"tag-julia-simon","13":"tag-maailmancupit","14":"tag-sports","15":"tag-suomi","16":"tag-urheilu"},"share_on_mastodon":{"url":"https:\/\/pubeurope.com\/@fi\/115685936942385980","error":""},"_links":{"self":[{"href":"https:\/\/www.europesays.com\/fi\/wp-json\/wp\/v2\/posts\/111208","targetHints":{"allow":["GET"]}}],"collection":[{"href":"https:\/\/www.europesays.com\/fi\/wp-json\/wp\/v2\/posts"}],"about":[{"href":"https:\/\/www.europesays.com\/fi\/wp-json\/wp\/v2\/types\/post"}],"author":[{"embeddable":true,"href":"https:\/\/www.europesays.com\/fi\/wp-json\/wp\/v2\/users\/2"}],"replies":[{"embeddable":true,"href":"https:\/\/www.europesays.com\/fi\/wp-json\/wp\/v2\/comments?post=111208"}],"version-history":[{"count":0,"href":"https:\/\/www.europesays.com\/fi\/wp-json\/wp\/v2\/posts\/111208\/revisions"}],"wp:featuredmedia":[{"embeddable":true,"href":"https:\/\/www.europesays.com\/fi\/wp-json\/wp\/v2\/media\/111209"}],"wp:attachment":[{"href":"https:\/\/www.europesays.com\/fi\/wp-json\/wp\/v2\/media?parent=111208"}],"wp:term":[{"taxonomy":"category","embeddable":true,"href":"https:\/\/www.europesays.com\/fi\/wp-json\/wp\/v2\/categories?post=111208"},{"taxonomy":"post_tag","embeddable":true,"href":"https:\/\/www.europesays.com\/fi\/wp-json\/wp\/v2\/tags?post=111208"}],"curies":[{"name":"wp","href":"https:\/\/api.w.org\/{rel}","templated":true}]}}