{"id":111210,"date":"2025-12-08T20:54:08","date_gmt":"2025-12-08T20:54:08","guid":{"rendered":"https:\/\/www.europesays.com\/fi\/111210\/"},"modified":"2025-12-08T20:54:08","modified_gmt":"2025-12-08T20:54:08","slug":"rita-manniselta-suhdepaljastuksia-ma-en-tarvi-sun-pikkuhousujasi","status":"publish","type":"post","link":"https:\/\/www.europesays.com\/fi\/111210\/","title":{"rendered":"Rita Manniselta suhdepaljastuksia &#8211; \u201dM\u00e4 en tarvi sun pikkuhousujasi\u2026\u201d"},"content":{"rendered":"<p>Tosi-tv:st\u00e4 tuttu pariskunta <strong>Rita Niemi-Manninen<\/strong> ja <strong>Aki Manninen<\/strong> ovat lent\u00e4neet Egyptiin. Matkalla on mukana my\u00f6s heid\u00e4n tytt\u00e4rens\u00e4 <strong>Donna<\/strong>. Pariskunta viett\u00e4\u00e4 l\u00e4mm\u00f6ss\u00e4 t\u00e4rke\u00e4\u00e4 p\u00e4iv\u00e4\u00e4. \u00a0<\/p>\n<p>\u2013 12 vuotta yhdess\u00e4. ONNEA MEILLE. Ja t\u00e4\u00e4ll\u00e4 me nyt ollaan koko perhe Egyptiss\u00e4 lomailemassa, kertoo Rita.<\/p>\n<p>Rita kertoo seuraavaksi, mit\u00e4 Aki sanoi h\u00e4nelle suhteen alkuvaiheessa. Se vaikuttaa olevan heille t\u00e4rke\u00e4 lause, vaikka v\u00e4h\u00e4n outo onkin.<\/p>\n<p>\u2013 12 vuotta sitten kuulin n\u00e4\u00e4 sanat istuuduttuani mustan Hummerin kyytiin: \u201dM\u00e4 en tarvi sun pikkuhousujasi, m\u00e4 tarvin sun koko el\u00e4m\u00e4n!\u201d Ja se oli sitten menoa!!<\/p>\n<p>Julkaisusta selvi\u00e4\u00e4 lis\u00e4\u00e4 Ritan ja Akin parisuhteesta.<\/p>\n<p>\u2013 Meid\u00e4n 12 vuotta on ollut oikeesti ihan huikeeta!! Ei t\u00e4ydellist\u00e4, mutta aitoa. Ei tasaista, mutta hemmetin vahvaa. 2 porilaista hullua jotka t\u00f6lv\u00e4isee asiat suoraan. Se toimii meille, paljastaa Rita.<\/p>\n<p>Ritan mukaan loma tuli juuri nyt tarpeeseen, koska parilla on pit\u00e4nyt remontin kanssa kiirett\u00e4. Julkaisun kuvassa n\u00e4hd\u00e4\u00e4n Donna vanhempiensa keskell\u00e4 k\u00e4velem\u00e4ss\u00e4 aurinkoisella hiekkarannalla.<\/p>\n<p>N\u00e4et upotuksen my\u00f6s <a href=\"https:\/\/www.instagram.com\/p\/DSAdE7iDPdo\/?utm_source=ig_web_copy_link&amp;igsh=MzRlODBiNWFlZA==\" target=\"_blank\" rel=\"noreferrer noopener nofollow\">t\u00e4\u00e4lt\u00e4<\/a>.<\/p>\n<p>\t\t\t\t\t<script async src=\"\/\/www.instagram.com\/embed.js\"><\/script><\/p>\n","protected":false},"excerpt":{"rendered":"Tosi-tv:st\u00e4 tuttu pariskunta Rita Niemi-Manninen ja Aki Manninen ovat lent\u00e4neet Egyptiin. Matkalla on mukana my\u00f6s heid\u00e4n tytt\u00e4rens\u00e4 Donna.&hellip;\n","protected":false},"author":2,"featured_media":111211,"comment_status":"","ping_status":"","sticky":false,"template":"","format":"standard","meta":{"footnotes":""},"categories":[130],"tags":[5974,137,33,31,30,7573,32,109],"class_list":{"0":"post-111210","1":"post","2":"type-post","3":"status-publish","4":"format-standard","5":"has-post-thumbnail","7":"category-viihde","8":"tag-aki-manninen","9":"tag-entertainment","10":"tag-fi","11":"tag-finland","12":"tag-finnish","13":"tag-rita-niemi-manninen","14":"tag-suomi","15":"tag-viihde"},"share_on_mastodon":{"url":"https:\/\/pubeurope.com\/@fi\/115685940469018377","error":""},"_links":{"self":[{"href":"https:\/\/www.europesays.com\/fi\/wp-json\/wp\/v2\/posts\/111210","targetHints":{"allow":["GET"]}}],"collection":[{"href":"https:\/\/www.europesays.com\/fi\/wp-json\/wp\/v2\/posts"}],"about":[{"href":"https:\/\/www.europesays.com\/fi\/wp-json\/wp\/v2\/types\/post"}],"author":[{"embeddable":true,"href":"https:\/\/www.europesays.com\/fi\/wp-json\/wp\/v2\/users\/2"}],"replies":[{"embeddable":true,"href":"https:\/\/www.europesays.com\/fi\/wp-json\/wp\/v2\/comments?post=111210"}],"version-history":[{"count":0,"href":"https:\/\/www.europesays.com\/fi\/wp-json\/wp\/v2\/posts\/111210\/revisions"}],"wp:featuredmedia":[{"embeddable":true,"href":"https:\/\/www.europesays.com\/fi\/wp-json\/wp\/v2\/media\/111211"}],"wp:attachment":[{"href":"https:\/\/www.europesays.com\/fi\/wp-json\/wp\/v2\/media?parent=111210"}],"wp:term":[{"taxonomy":"category","embeddable":true,"href":"https:\/\/www.europesays.com\/fi\/wp-json\/wp\/v2\/categories?post=111210"},{"taxonomy":"post_tag","embeddable":true,"href":"https:\/\/www.europesays.com\/fi\/wp-json\/wp\/v2\/tags?post=111210"}],"curies":[{"name":"wp","href":"https:\/\/api.w.org\/{rel}","templated":true}]}}