{"id":111216,"date":"2025-12-08T20:59:10","date_gmt":"2025-12-08T20:59:10","guid":{"rendered":"https:\/\/www.europesays.com\/fi\/111216\/"},"modified":"2025-12-08T20:59:10","modified_gmt":"2025-12-08T20:59:10","slug":"raakkylan-kunnanjohtaja-ei-suostunut-irtisanoutumaan-nyt-kunta-tarttui-uusiin-toimiin","status":"publish","type":"post","link":"https:\/\/www.europesays.com\/fi\/111216\/","title":{"rendered":"R\u00e4\u00e4kkyl\u00e4n kunnanjohtaja ei suostunut irtisanoutumaan \u2013 Nyt kunta tarttui uusiin toimiin"},"content":{"rendered":"<p>R\u00e4\u00e4kkyl\u00e4n kunnanvaltuustossa perustettiin tilap\u00e4inen valiokunta kunnanjohtaja Esko Rautiaisen irtisanomista koskien.<\/p>\n<p><img decoding=\"async\" class=\"image image-show image-preview\" src=\"https:\/\/www.europesays.com\/fi\/wp-content\/uploads\/2025\/12\/b9ec83db9018ba39761820395de99567ec7c9e30c2af38fc9abd8783e55d988c.jpg\" alt=\"\"\/><img decoding=\"async\" class=\"image image-show\" src=\"https:\/\/www.europesays.com\/fi\/wp-content\/uploads\/2025\/12\/1765227550_981_b9ec83db9018ba39761820395de99567ec7c9e30c2af38fc9abd8783e55d988c.jpg\" alt=\"\"\/><\/p>\n<p>Vajaan 2000 asukkaan R\u00e4\u00e4kkyl\u00e4ss\u00e4 kuohuu. Kuvituskuva R\u00e4\u00e4kkyl\u00e4n kirkonkyl\u00e4lt\u00e4. Ismo Pekkarinen \/ AOP<\/p>\n<p class=\"paragraph\">R\u00e4\u00e4kkyl\u00e4n kunnanvaltuusto on perustanut tilap\u00e4inen valiokunnan valmistelemaan kunnanjohtaja <strong>Esko Rautiaisen<\/strong> irtisanomista koskevaa asiaa, k\u00e4y ilmi R\u00e4\u00e4kkyl\u00e4n kunnanvaltuuston lehdist\u00f6tiedotteesta.<\/p>\n<p class=\"paragraph\">P\u00e4\u00e4t\u00f6s valiokunnan perustamisesta syntyi yksimielisesti kunnanvaltuuston kokouksessa maanantaina 8.12.2025. Valiokunnan teht\u00e4v\u00e4n\u00e4 on arvioida, onko kunnanjohtaja menett\u00e4nyt valtuuston luottamuksen ja mik\u00e4 on luottamuksen menett\u00e4misen peruste. Asian selvitt\u00e4misen j\u00e4lkeen tilap\u00e4inen valiokunta tekee p\u00e4\u00e4t\u00f6sehdotuksen valtuustolle.<\/p>\n<p class=\"paragraph\">Taustalla on viestikohu, johon kunnanjohtaja on joutunut toistamiseen.<\/p>\n<p class=\"paragraph\">Marraskuussa uutisoitiin seksuaaliss\u00e4vytteisist\u00e4 viesteist\u00e4, joissa Rautiainen oli muun muassa kommentoinut v\u00e4h\u00e4pukeisten naisten kuvia viestipalvelu Threadsissa.<\/p>\n","protected":false},"excerpt":{"rendered":"R\u00e4\u00e4kkyl\u00e4n kunnanvaltuustossa perustettiin tilap\u00e4inen valiokunta kunnanjohtaja Esko Rautiaisen irtisanomista koskien. Vajaan 2000 asukkaan R\u00e4\u00e4kkyl\u00e4ss\u00e4 kuohuu. Kuvituskuva R\u00e4\u00e4kkyl\u00e4n kirkonkyl\u00e4lt\u00e4.&hellip;\n","protected":false},"author":2,"featured_media":111217,"comment_status":"","ping_status":"","sticky":false,"template":"","format":"standard","meta":{"footnotes":""},"categories":[12],"tags":[35,22,23,26,27,33,31,30,17,24,25,28,29,15,18,21,637,103,32,19,20,860,861,16,796],"class_list":{"0":"post-111216","1":"post","2":"type-post","3":"status-publish","4":"format-standard","5":"has-post-thumbnail","7":"category-suomi","8":"tag-24h","9":"tag-breaking-news","10":"tag-breakingnews","11":"tag-featured-news","12":"tag-featurednews","13":"tag-fi","14":"tag-finland","15":"tag-finnish","16":"tag-headlines","17":"tag-latest-news","18":"tag-latestnews","19":"tag-main-news","20":"tag-mainnews","21":"tag-news","22":"tag-otsikot","23":"tag-paauutiset","24":"tag-politiikka","25":"tag-sosiaalikysymykset","26":"tag-suomi","27":"tag-top-stories","28":"tag-topstories","29":"tag-tyoelama","30":"tag-tyollisyys-ja-tyottomyys","31":"tag-uutiset","32":"tag-yhteiskunta"},"share_on_mastodon":{"url":"https:\/\/pubeurope.com\/@fi\/115685960607689124","error":""},"_links":{"self":[{"href":"https:\/\/www.europesays.com\/fi\/wp-json\/wp\/v2\/posts\/111216","targetHints":{"allow":["GET"]}}],"collection":[{"href":"https:\/\/www.europesays.com\/fi\/wp-json\/wp\/v2\/posts"}],"about":[{"href":"https:\/\/www.europesays.com\/fi\/wp-json\/wp\/v2\/types\/post"}],"author":[{"embeddable":true,"href":"https:\/\/www.europesays.com\/fi\/wp-json\/wp\/v2\/users\/2"}],"replies":[{"embeddable":true,"href":"https:\/\/www.europesays.com\/fi\/wp-json\/wp\/v2\/comments?post=111216"}],"version-history":[{"count":0,"href":"https:\/\/www.europesays.com\/fi\/wp-json\/wp\/v2\/posts\/111216\/revisions"}],"wp:featuredmedia":[{"embeddable":true,"href":"https:\/\/www.europesays.com\/fi\/wp-json\/wp\/v2\/media\/111217"}],"wp:attachment":[{"href":"https:\/\/www.europesays.com\/fi\/wp-json\/wp\/v2\/media?parent=111216"}],"wp:term":[{"taxonomy":"category","embeddable":true,"href":"https:\/\/www.europesays.com\/fi\/wp-json\/wp\/v2\/categories?post=111216"},{"taxonomy":"post_tag","embeddable":true,"href":"https:\/\/www.europesays.com\/fi\/wp-json\/wp\/v2\/tags?post=111216"}],"curies":[{"name":"wp","href":"https:\/\/api.w.org\/{rel}","templated":true}]}}