{"id":111218,"date":"2025-12-08T21:00:10","date_gmt":"2025-12-08T21:00:10","guid":{"rendered":"https:\/\/www.europesays.com\/fi\/111218\/"},"modified":"2025-12-08T21:00:10","modified_gmt":"2025-12-08T21:00:10","slug":"jalkapallo-mohamed-salah-laukoi-kovia-sanoja-haastattelussa-johti-penkitykseen-2","status":"publish","type":"post","link":"https:\/\/www.europesays.com\/fi\/111218\/","title":{"rendered":"Jalkapallo: Mohamed Salah laukoi kovia sanoja haastattelussa \u2013 johti penkitykseen"},"content":{"rendered":"<p>Jalkapallo|Salah ei ole kokoonpanossa, kun Liverpool kohtaa Interin.<\/p>\n<p class=\"article-body mb-nof-24 px-nof-16\">Liverpoolin t\u00e4htihy\u00f6kk\u00e4\u00e4j\u00e4 <a class=\"article-personlink\" href=\"https:\/\/www.hs.fi\/haku\/?query=Mohamed%20Salah\" rel=\"nofollow noopener\" target=\"_blank\">Mohamed Salah<\/a> on poissa kokoonpanosta englantilaisseuran seuraavasta Mestarien liigan ottelusta milanolaista Interi\u00e4 vastaan, <a class=\"article-genericlink\" href=\"https:\/\/www.bbc.com\/sport\/football\/articles\/ckgmy2ejn4lo\" rel=\"nofollow noopener\" target=\"_blank\">uutisoi <\/a>BBC Sport.<\/p>\n<p class=\"article-body mb-nof-24 px-nof-16\">Seura p\u00e4\u00e4tti hyllytt\u00e4\u00e4 Salahin sen j\u00e4lkeen, kun h\u00e4n kertoi <a class=\"article-genericlink\" href=\"https:\/\/www.is.fi\/valioliiga\/art-2000011675280.html\" rel=\"nofollow noopener\" target=\"_blank\">haastattelussa <\/a>kokevansa, ett\u00e4 h\u00e4net on \u201dheitetty susille\u201d ja ett\u00e4 h\u00e4nen suhteensa Liverpool-valmentaja <a class=\"article-personlink\" href=\"https:\/\/www.hs.fi\/haku\/?query=Arne%20Slotiin\" rel=\"nofollow noopener\" target=\"_blank\">Arne Slotiin<\/a> on tulehtunut.<\/p>\n<p class=\"article-body mb-nof-24 px-nof-16\">\u201dMielest\u00e4ni on hyvin selv\u00e4\u00e4, ett\u00e4 joku haluaa vieritt\u00e4\u00e4 kaiken syyn minun niskoille. Olen sanonut monta kertaa aiemmin, ett\u00e4 minulla on ollut hyv\u00e4 suhde valmentajaan [Slotiin], mutta yht\u00e4kki\u00e4 meill\u00e4 ei ole suhdetta ollenkaan\u201d, pettynyt Salah sanoi tuolloin haastattelussa.<\/p>\n<p class=\"article-body mb-nof-24 px-nof-16\">BBC Sportin l\u00e4hteiden mukaan p\u00e4\u00e4t\u00f6s penkityksest\u00e4 tehtiin Slotin t\u00e4ydell\u00e4 tuella, ja kaikkien osapuolten etu on, ett\u00e4 Salah pidet\u00e4\u00e4n lyhyen aikaa poissa kokoonpanosta julkisten kommenttien luonteen ja ajoituksen vuoksi. Seura ei BBC:n mukaan aio ryhty\u00e4 virallisiin kurinpitotoimiin.<\/p>\n<p class=\"article-body mb-nof-24 px-nof-16\">Salah, 33, l\u00e4htee pian edustamaan maataan jalkapallon Afrikan-mestaruuskilpailuihin. On siis todenn\u00e4k\u00f6ist\u00e4, ett\u00e4 Salah ei ole Liverpoolin k\u00e4ytett\u00e4viss\u00e4 my\u00f6sk\u00e4\u00e4n lauantaina pelattavassa Valioliiga-ottelussa Brightonia vastaan.<\/p>\n<p class=\"article-body mb-nof-24 px-nof-16\">Egyptil\u00e4ishy\u00f6kk\u00e4\u00e4j\u00e4 on pelannut t\u00e4ll\u00e4 kaudella Liverpoolin paidassa 13 ottelua Valioliigaa ja tehnyt niiss\u00e4 nelj\u00e4 maalia sek\u00e4 kaksi maalisy\u00f6tt\u00f6\u00e4. Mestarien liigassa pelej\u00e4 on kertynyt viisi ja niiss\u00e4 tehot 1+1.<\/p>\n","protected":false},"excerpt":{"rendered":"Jalkapallo|Salah ei ole kokoonpanossa, kun Liverpool kohtaa Interin. Liverpoolin t\u00e4htihy\u00f6kk\u00e4\u00e4j\u00e4 Mohamed Salah on poissa kokoonpanosta englantilaisseuran seuraavasta Mestarien&hellip;\n","protected":false},"author":2,"featured_media":111219,"comment_status":"","ping_status":"","sticky":false,"template":"","format":"standard","meta":{"footnotes":""},"categories":[5],"tags":[22,23,26,27,33,31,30,17,46,24,25,28,29,15,18,21,32,19,20,16],"class_list":{"0":"post-111218","1":"post","2":"type-post","3":"status-publish","4":"format-standard","5":"has-post-thumbnail","7":"category-otsikot","8":"tag-breaking-news","9":"tag-breakingnews","10":"tag-featured-news","11":"tag-featurednews","12":"tag-fi","13":"tag-finland","14":"tag-finnish","15":"tag-headlines","16":"tag-helsingin-sanomat","17":"tag-latest-news","18":"tag-latestnews","19":"tag-main-news","20":"tag-mainnews","21":"tag-news","22":"tag-otsikot","23":"tag-paauutiset","24":"tag-suomi","25":"tag-top-stories","26":"tag-topstories","27":"tag-uutiset"},"share_on_mastodon":{"url":"https:\/\/pubeurope.com\/@fi\/115685964051225960","error":""},"_links":{"self":[{"href":"https:\/\/www.europesays.com\/fi\/wp-json\/wp\/v2\/posts\/111218","targetHints":{"allow":["GET"]}}],"collection":[{"href":"https:\/\/www.europesays.com\/fi\/wp-json\/wp\/v2\/posts"}],"about":[{"href":"https:\/\/www.europesays.com\/fi\/wp-json\/wp\/v2\/types\/post"}],"author":[{"embeddable":true,"href":"https:\/\/www.europesays.com\/fi\/wp-json\/wp\/v2\/users\/2"}],"replies":[{"embeddable":true,"href":"https:\/\/www.europesays.com\/fi\/wp-json\/wp\/v2\/comments?post=111218"}],"version-history":[{"count":0,"href":"https:\/\/www.europesays.com\/fi\/wp-json\/wp\/v2\/posts\/111218\/revisions"}],"wp:featuredmedia":[{"embeddable":true,"href":"https:\/\/www.europesays.com\/fi\/wp-json\/wp\/v2\/media\/111219"}],"wp:attachment":[{"href":"https:\/\/www.europesays.com\/fi\/wp-json\/wp\/v2\/media?parent=111218"}],"wp:term":[{"taxonomy":"category","embeddable":true,"href":"https:\/\/www.europesays.com\/fi\/wp-json\/wp\/v2\/categories?post=111218"},{"taxonomy":"post_tag","embeddable":true,"href":"https:\/\/www.europesays.com\/fi\/wp-json\/wp\/v2\/tags?post=111218"}],"curies":[{"name":"wp","href":"https:\/\/api.w.org\/{rel}","templated":true}]}}