{"id":111220,"date":"2025-12-08T21:12:10","date_gmt":"2025-12-08T21:12:10","guid":{"rendered":"https:\/\/www.europesays.com\/fi\/111220\/"},"modified":"2025-12-08T21:12:10","modified_gmt":"2025-12-08T21:12:10","slug":"mirella-varasti-asullaan-huomion-linnan-juhlien-jatkoilla-saapui-kumppaninsa-kanssa","status":"publish","type":"post","link":"https:\/\/www.europesays.com\/fi\/111220\/","title":{"rendered":"Mirella varasti asullaan huomion Linnan juhlien jatkoilla \u2013 Saapui kumppaninsa kanssa"},"content":{"rendered":"<p>Yksi t\u00e4m\u00e4n hetken kiinnostavimmista suomalaisista pariskunnista saapui Linnan juhlien jatkoille.<\/p>\n<p><img decoding=\"async\" class=\"image image-show image-preview\" src=\"https:\/\/www.europesays.com\/fi\/wp-content\/uploads\/2025\/12\/1be5dea28f05f811d94fd06346b6e20d215735184ce6b4e858d20a30d320b3ab.jpg\" alt=\"\"\/><img decoding=\"async\" class=\"image image-show\" src=\"https:\/\/www.europesays.com\/fi\/wp-content\/uploads\/2025\/12\/1765228330_220_1be5dea28f05f811d94fd06346b6e20d215735184ce6b4e858d20a30d320b3ab.jpg\" alt=\"\"\/><\/p>\n<p>Mirella julkaisi kuvia Linnan juhlista. Roosa Br\u00f6ijer<\/p>\n<p class=\"paragraph\">Artisti <strong>Mirella<\/strong> eli <strong>Mirella Roininen<\/strong>, 20, esiintyi Linnan juhlien jatkoilla Helsingin Hotel K\u00e4mpiss\u00e4. H\u00e4n saapui tilaisuuteen kumppaninsa rap-artisti <strong>Sexmanen<\/strong> eli <strong>Max Senen<\/strong>, 25, kanssa.<\/p>\n<p class=\"paragraph\">Mirella edusti tilaisuudessa <strong>Malin Elmvikin<\/strong> ja <strong>Heini Lambertin<\/strong> iltapuvussa, jonka olkaimeton yl\u00e4osa koostui helminauhoista. Mekon runsas alaosa oli kullanv\u00e4rinen. H\u00e4n viimeisteli asukokonaisuutensa pitk\u00e4ll\u00e4 hiusletill\u00e4, helmikoruilla, rannekorulla ja kultasormuksilla. Sexmanella puolestaan oli tumma puku, valkoinen kravatti ja aurinkolasit.<\/p>\n<p class=\"paragraph\">Mirella on julkaissut Instagram-tilill\u00e4\u00e4n kuvia Linnan juhlien jatkoista. Karusellijulkaisun kuvissa Mirella muun muassa k\u00e4velee Sexmanen vierell\u00e4 Hotel K\u00e4mpin k\u00e4yt\u00e4vill\u00e4. Seitsem\u00e4nness\u00e4 kuvassa Mirella istuu p\u00f6yd\u00e4n p\u00e4\u00e4ll\u00e4, ja Sexmane h\u00e4nen edess\u00e4\u00e4n lattialla. Molemmat hymyilev\u00e4t leve\u00e4sti.<\/p>\n<p class=\"paragraph\">Jos linkki ei n\u00e4y, voit katsoa kuvia Mirellan asusta <a href=\"https:\/\/www.instagram.com\/p\/DR-NH-Vjc0V\/?img_index=9\" target=\"_blank\" rel=\"noopener nofollow\">t\u00e4\u00e4lt\u00e4<\/a>.<\/p>\n<p class=\"paragraph\">Mirellan asu saa paljon ihastelua p\u00e4ivityksen kommenttikent\u00e4ss\u00e4.<\/p>\n<p class=\"paragraph\">\u2013 Huhhu, en saa happea. Niin upea olet.<\/p>\n<p class=\"paragraph\">\u2013 Kaunein prinsessa! Ja upea pariskunta iloisen n\u00e4k\u00f6isen\u00e4.<\/p>\n<p class=\"paragraph\">\u2013 Maailman paras pari.<\/p>\n<p class=\"paragraph\">\u2013 Ihana mekko! Ja niin n\u00e4tti olet!<\/p>\n<p class=\"paragraph\">\u2013 Vau! Mekkosi on todella upea my\u00f6s.<\/p>\n<p class=\"paragraph\">\u2013 Linnan upein prinsessa.<\/p>\n<p>Sexmane ja Mirella ovat yksi t\u00e4m\u00e4n hetken kiinnostavimmista pariskunnista. Mikko R\u00e4s\u00e4nen<\/p>\n<p class=\"paragraph\">Sexmane paljasti huhtikuussa <a href=\"https:\/\/www.savonsanomat.fi\/paikalliset\/8457240\" target=\"_blank\" rel=\"noopener nofollow\">Savon Sanomille<\/a> olevansa varattu, muttei kertonut viel\u00e4 tuolloin kumppaninsa nime\u00e4. Sexmane ja Mirella olivat kuitenkin julkaisseet <a href=\"https:\/\/www.iltalehti.fi\/viihdeuutiset\/0c44c0f1-d2ed-4581-ad2b-6842906fea97\" rel=\"nofollow noopener\" target=\"_blank\">pusuvideon<\/a> jo maaliskuussa, mik\u00e4 her\u00e4tti suhdehuhuja.<\/p>\n<p class=\"paragraph\">Lopulta parin suhteen tilaa ei tarvinnut en\u00e4\u00e4 arvuutella, kun Sexmane julkaisi toukokuussa <a href=\"https:\/\/www.iltalehti.fi\/viihdeuutiset\/077ac9aa-8887-4216-9d3d-4927fd073612\" rel=\"nofollow noopener\" target=\"_blank\">lomakuvia<\/a> etel\u00e4n l\u00e4mm\u00f6st\u00e4. Kuvissa Sexmane kuherteli avoimesti Mirellan kanssa.<\/p>\n<p class=\"paragraph\">Hein\u00e4kuussa Mirella julkaisi heist\u00e4 <a href=\"https:\/\/www.iltalehti.fi\/viihdeuutiset\/c52576c3-d0c4-481e-b264-487371cb9baf\" rel=\"nofollow noopener\" target=\"_blank\">intiimej\u00e4 kuvia<\/a> Instagramiin.<\/p>\n<p class=\"paragraph\">\u2013 En oo en\u00e4\u00e4 salaa tytt\u00f6si, Mirella hempeili julkaisun kuvatekstiss\u00e4 syd\u00e4men kera.<\/p>\n<p class=\"paragraph\">Elokuussa 2025 Sexmane antoi <a href=\"https:\/\/www.mtvuutiset.fi\/artikkeli\/sexmane-avoimena-suhteestaan-mirellaan-tasta-syysta-he-eivat-enaa-salaile-sita-mirella-on-ihana\/9202350\" target=\"_blank\" rel=\"noopener nofollow\">MTV Uutisille<\/a> haastattelun, jossa h\u00e4n puhui Mirellasta avoimesti.<\/p>\n<p><script async src=\"\/\/www.instagram.com\/embed.js\"><\/script><\/p>\n","protected":false},"excerpt":{"rendered":"Yksi t\u00e4m\u00e4n hetken kiinnostavimmista suomalaisista pariskunnista saapui Linnan juhlien jatkoille. Mirella julkaisi kuvia Linnan juhlista. Roosa Br\u00f6ijer Artisti&hellip;\n","protected":false},"author":2,"featured_media":111221,"comment_status":"","ping_status":"","sticky":false,"template":"","format":"standard","meta":{"footnotes":""},"categories":[136],"tags":[35,407,2110,137,33,31,30,876,3207,3674,408,106,32,109],"class_list":{"0":"post-111220","1":"post","2":"type-post","3":"status-publish","4":"format-standard","5":"has-post-thumbnail","7":"category-julkkikset","8":"tag-24h","9":"tag-celebrities","10":"tag-elamantapa-ja-vapaa-aika","11":"tag-entertainment","12":"tag-fi","13":"tag-finland","14":"tag-finnish","15":"tag-fyysinen-kauneus","16":"tag-ihmisen-ulkonako","17":"tag-juhla-ja-vapaapaivat","18":"tag-julkkikset","19":"tag-muoti","20":"tag-suomi","21":"tag-viihde"},"share_on_mastodon":{"url":"https:\/\/pubeurope.com\/@fi\/115686011490610861","error":""},"_links":{"self":[{"href":"https:\/\/www.europesays.com\/fi\/wp-json\/wp\/v2\/posts\/111220","targetHints":{"allow":["GET"]}}],"collection":[{"href":"https:\/\/www.europesays.com\/fi\/wp-json\/wp\/v2\/posts"}],"about":[{"href":"https:\/\/www.europesays.com\/fi\/wp-json\/wp\/v2\/types\/post"}],"author":[{"embeddable":true,"href":"https:\/\/www.europesays.com\/fi\/wp-json\/wp\/v2\/users\/2"}],"replies":[{"embeddable":true,"href":"https:\/\/www.europesays.com\/fi\/wp-json\/wp\/v2\/comments?post=111220"}],"version-history":[{"count":0,"href":"https:\/\/www.europesays.com\/fi\/wp-json\/wp\/v2\/posts\/111220\/revisions"}],"wp:featuredmedia":[{"embeddable":true,"href":"https:\/\/www.europesays.com\/fi\/wp-json\/wp\/v2\/media\/111221"}],"wp:attachment":[{"href":"https:\/\/www.europesays.com\/fi\/wp-json\/wp\/v2\/media?parent=111220"}],"wp:term":[{"taxonomy":"category","embeddable":true,"href":"https:\/\/www.europesays.com\/fi\/wp-json\/wp\/v2\/categories?post=111220"},{"taxonomy":"post_tag","embeddable":true,"href":"https:\/\/www.europesays.com\/fi\/wp-json\/wp\/v2\/tags?post=111220"}],"curies":[{"name":"wp","href":"https:\/\/api.w.org\/{rel}","templated":true}]}}