{"id":111228,"date":"2025-12-08T21:23:11","date_gmt":"2025-12-08T21:23:11","guid":{"rendered":"https:\/\/www.europesays.com\/fi\/111228\/"},"modified":"2025-12-08T21:23:11","modified_gmt":"2025-12-08T21:23:11","slug":"pikavierailu-porsche-cayenne-electric-nopea-mutta-ei-ehdi-pukin-konttiin-moottori","status":"publish","type":"post","link":"https:\/\/www.europesays.com\/fi\/111228\/","title":{"rendered":"Pikavierailu: Porsche Cayenne Electric \u2013 nopea, mutta ei ehdi pukin konttiin &#8211; Moottori"},"content":{"rendered":"<ol>\n<li><a href=\"https:\/\/news.google.com\/rss\/articles\/CBMiowFBVV95cUxNR1ROd0VKZ1d2ZXNiR3lQUUdDeDdIc29sMmMtLVh4U2tVTGxCang1QlhTZ1p2cXR4QmFZNm5hQXY0V0RuUWpEeW1DM29LTXNTckRyVThsdlVuVE1uRXkyU21veHN5Q0RaWUxEZkVwVTdzeXIwajlhTjVMN0d6SE1jU0VTamtsNUIxVmlYZF84dENyaEFMSmZ5RkpsbjNReVpwaEhN?oc=5\" target=\"_blank\" rel=\"nofollow noopener\">Pikavierailu: Porsche Cayenne Electric \u2013 nopea, mutta ei ehdi pukin konttiin<\/a>&nbsp;&nbsp;Moottori<\/li>\n<li><a href=\"https:\/\/news.google.com\/rss\/articles\/CBMiWEFVX3lxTE9VcHJjTlNTNnBUTmhDMXZpOGV1aENzRlc0bmpDT2JsbFBUOTdIbDZzLTRfakwxVERsWVVQUjJXUU53SDJvX2tfTzJZVjZpOXJ0a2hzclgxaEM?oc=5\" target=\"_blank\" rel=\"nofollow noopener\">Autot | Cayennen vuoro p\u00e4\u00e4st\u00e4 Porschen s\u00e4hk\u00f6iseen kerhoon \u2013 turbo tarjoaa 1 140 hevosvoimaa<\/a>&nbsp;&nbsp;L\u00e4nsiv\u00e4yl\u00e4<\/li>\n<li><a href=\"https:\/\/news.google.com\/rss\/articles\/CBMigAFBVV95cUxQaGtuRUZPdmxIcTVOOG0wbVh5dk44OEloX1hudWduZkM0RjM2ZVctYXFSVVpJT2NJalZRMi02dUJWYV9SMTZDbFBiMDAzMzNtUERGdlNQWjBoeU8tMlh4c0hBbFE4N3AtNjhpbEZ5QlBLX2E3ZkxxbXZ2dnBzV0dnUg?oc=5\" target=\"_blank\" rel=\"nofollow noopener\">Katumaasturi ly\u00f6 p\u00f6yt\u00e4\u00e4n p\u00f6yristytt\u00e4v\u00e4t luvut: Kiihtyvyys 2,5s, v\u00e4\u00e4nt\u00f6 1500Nm, 1156 hevosvoimaa \u2013 Hintakin putosi 38 000 eurolla<\/a>&nbsp;&nbsp;Iltalehti<\/li>\n<li><a href=\"https:\/\/news.google.com\/rss\/articles\/CBMiW0FVX3lxTE80V25jTUQ3XzlTYUJzbGFEU2RreU42bUUyeGtaMEhZNDlwdEhIcFg1VmRzbm95UWV5V0ptOEI2NkVFbXVaUGxnZXhtbmNoTVpQSFBhTl9zT3Nkdm8?oc=5\" target=\"_blank\" rel=\"nofollow noopener\">S\u00e4hk\u00f6autot | Kymmenet suomalaiset ovat ostaneet sokkona yli sadan tonnin katumaasturin<\/a>&nbsp;&nbsp;HS.fi<\/li>\n<li><a href=\"https:\/\/news.google.com\/rss\/articles\/CBMiSkFVX3lxTE5mR2hNLVpBbWYtVDJPc1VsamRvRGJYYUNvblB6SE82RkJ0b2JQTjljdHY5N3k2SzR1UkZHamQxZU1ianM4cXdhVm9n?oc=5\" target=\"_blank\" rel=\"nofollow noopener\">Cayennen vuoro p\u00e4\u00e4st\u00e4 Porschen s\u00e4hk\u00f6iseen kerhoon<\/a>&nbsp;&nbsp;Keskisuomalainen<\/li>\n<\/ol>\n","protected":false},"excerpt":{"rendered":"Pikavierailu: Porsche Cayenne Electric \u2013 nopea, mutta ei ehdi pukin konttiin&nbsp;&nbsp;Moottori Autot | Cayennen vuoro p\u00e4\u00e4st\u00e4 Porschen s\u00e4hk\u00f6iseen&hellip;\n","protected":false},"author":2,"featured_media":111229,"comment_status":"","ping_status":"","sticky":false,"template":"","format":"standard","meta":{"footnotes":""},"categories":[76],"tags":[79,77,33,31,30,32,78],"class_list":{"0":"post-111228","1":"post","2":"type-post","3":"status-publish","4":"format-standard","5":"has-post-thumbnail","7":"category-talous","8":"tag-business","9":"tag-economy","10":"tag-fi","11":"tag-finland","12":"tag-finnish","13":"tag-suomi","14":"tag-talous"},"share_on_mastodon":{"url":"https:\/\/pubeurope.com\/@fi\/115686054718879584","error":""},"_links":{"self":[{"href":"https:\/\/www.europesays.com\/fi\/wp-json\/wp\/v2\/posts\/111228","targetHints":{"allow":["GET"]}}],"collection":[{"href":"https:\/\/www.europesays.com\/fi\/wp-json\/wp\/v2\/posts"}],"about":[{"href":"https:\/\/www.europesays.com\/fi\/wp-json\/wp\/v2\/types\/post"}],"author":[{"embeddable":true,"href":"https:\/\/www.europesays.com\/fi\/wp-json\/wp\/v2\/users\/2"}],"replies":[{"embeddable":true,"href":"https:\/\/www.europesays.com\/fi\/wp-json\/wp\/v2\/comments?post=111228"}],"version-history":[{"count":0,"href":"https:\/\/www.europesays.com\/fi\/wp-json\/wp\/v2\/posts\/111228\/revisions"}],"wp:featuredmedia":[{"embeddable":true,"href":"https:\/\/www.europesays.com\/fi\/wp-json\/wp\/v2\/media\/111229"}],"wp:attachment":[{"href":"https:\/\/www.europesays.com\/fi\/wp-json\/wp\/v2\/media?parent=111228"}],"wp:term":[{"taxonomy":"category","embeddable":true,"href":"https:\/\/www.europesays.com\/fi\/wp-json\/wp\/v2\/categories?post=111228"},{"taxonomy":"post_tag","embeddable":true,"href":"https:\/\/www.europesays.com\/fi\/wp-json\/wp\/v2\/tags?post=111228"}],"curies":[{"name":"wp","href":"https:\/\/api.w.org\/{rel}","templated":true}]}}